{"id":18753,"date":"2018-12-05T13:57:19","date_gmt":"2018-12-05T12:57:19","guid":{"rendered":"http:\/\/www.ntf.uni-lj.si\/igt\/?post_type=news&#038;p=18753"},"modified":"2019-09-10T14:30:23","modified_gmt":"2019-09-10T12:30:23","slug":"cankar-ne-jezi-sev-zagrebu","status":"publish","type":"news","link":"https:\/\/www.ntf.uni-lj.si\/igt\/news\/cankar-ne-jezi-sev-zagrebu\/","title":{"rendered":"Cankar ne jezi sev Zagrebu"},"content":{"rendered":"<p>V okviru <em>Cankarjevih dnevov<\/em>, ki v tem tednu potekajo v Zagrebu, smo v knji\u017enici Bogdana Ogrizovi\u0107a pod pokroviteljstvom Veleposlani\u0161tva Republike Slovenije v Zagrebu odprli razstavo dru\u017eabnih iger in pisav <em>Cankar ne jezi se<\/em>. Izdelke na razstavi so pripravili \u0161tudenti v letnem semestru \u0161tudijskega leta 2017\/18 pri predmetih Embala\u017ea 2 in Inovacijski management, pisave pa pri predmetu Na\u010drtovanje pisav. Dogodka so se udele\u017eile tudi \u0161tudentke lektorata za slovenski jezik z zagreb\u0161ke Filozofske fakultete, ki so predstavile hrva\u0161ke prevode Cankarjevih del.<\/p>\n<p>Razstavo je odprl mag. Matja\u017e Marko, minister svetovalec z Veleposlani\u0161tva Republike Slovenije v Zagrebu.<\/p>\n<p>Nekaj utrinkov z otvoritve si lahko ogledate v galeriji.<\/p>\n<p>Ve\u010d o Cankarjevih dnevih si lahko preberete <a href=\"https:\/\/www.rtvslo.si\/kultura\/knjige\/crtice-v-stiklce-ali-ce-cankar-bi-popevke-zlagal-v-zagrebu-dnevi-posveceni-nasemu-pisatelju\/473678\">tukaj<\/a>.<\/p>\n","protected":false},"excerpt":{"rendered":"V okviru Cankarjevih dnevov, ki v tem tednu potekajo v Zagrebu, smo v knji\u017enici Bogdana Ogrizovi\u0107a pod pokroviteljstvom Veleposlani\u0161tva Republike Slovenije v Zagrebu odprli razstavo dru\u017eabnih iger in pisav Cankar ne jezi se. Izdelke na razstavi so pripravili \u0161tudenti v letnem semestru \u0161tudijskega leta 2017\/18 pri predmetih Embala\u017ea 2 in Inovacijski management, pisave pa pri &#8230; <a class=\"view-article\" href=\"https:\/\/www.ntf.uni-lj.si\/igt\/news\/cankar-ne-jezi-sev-zagrebu\/\">Read more<\/a>","protected":false},"author":22,"featured_media":0,"template":"","categories":[],"acf":[],"yoast_head":"<!-- This site is optimized with the Yoast SEO plugin v17.0 - https:\/\/yoast.com\/wordpress\/plugins\/seo\/ -->\n<meta name=\"description\" content=\"V okviru Cankarjevih dnevov, ki v tem tednu potekajo v Zagrebu, smo v knji\u017enici Bogdana Ogrizovi\u0107a pod pokroviteljstvom Veleposlani\u0161tva Republike\" \/>\n<meta name=\"robots\" content=\"index, follow, max-snippet:-1, max-image-preview:large, max-video-preview:-1\" \/>\n<link rel=\"canonical\" href=\"https:\/\/www.ntf.uni-lj.si\/igt\/news\/cankar-ne-jezi-sev-zagrebu\/\" \/>\n<meta property=\"og:locale\" content=\"en_US\" \/>\n<meta property=\"og:type\" content=\"article\" \/>\n<meta property=\"og:title\" content=\"Cankar ne jezi sev Zagrebu - IGT\" \/>\n<meta property=\"og:description\" content=\"V okviru Cankarjevih dnevov, ki v tem tednu potekajo v Zagrebu, smo v knji\u017enici Bogdana Ogrizovi\u0107a pod pokroviteljstvom Veleposlani\u0161tva Republike\" \/>\n<meta property=\"og:url\" content=\"https:\/\/www.ntf.uni-lj.si\/igt\/news\/cankar-ne-jezi-sev-zagrebu\/\" \/>\n<meta property=\"og:site_name\" content=\"IGT\" \/>\n<meta property=\"article:modified_time\" content=\"2019-09-10T12:30:23+00:00\" \/>\n<meta name=\"twitter:label1\" content=\"Est. reading time\" \/>\n\t<meta name=\"twitter:data1\" content=\"1 minute\" \/>\n<script type=\"application\/ld+json\" class=\"yoast-schema-graph\">{\"@context\":\"https:\/\/schema.org\",\"@graph\":[{\"@type\":\"WebSite\",\"@id\":\"https:\/\/www.ntf.uni-lj.si\/igt\/#website\",\"url\":\"https:\/\/www.ntf.uni-lj.si\/igt\/\",\"name\":\"IGT\",\"description\":\"Katedra za informacijsko in grafi\\u010dno tehnologijo\",\"potentialAction\":[{\"@type\":\"SearchAction\",\"target\":{\"@type\":\"EntryPoint\",\"urlTemplate\":\"https:\/\/www.ntf.uni-lj.si\/igt\/?s={search_term_string}\"},\"query-input\":\"required name=search_term_string\"}],\"inLanguage\":\"en-US\"},{\"@type\":\"WebPage\",\"@id\":\"https:\/\/www.ntf.uni-lj.si\/igt\/news\/cankar-ne-jezi-sev-zagrebu\/#webpage\",\"url\":\"https:\/\/www.ntf.uni-lj.si\/igt\/news\/cankar-ne-jezi-sev-zagrebu\/\",\"name\":\"Cankar ne jezi sev Zagrebu - IGT\",\"isPartOf\":{\"@id\":\"https:\/\/www.ntf.uni-lj.si\/igt\/#website\"},\"datePublished\":\"2018-12-05T12:57:19+00:00\",\"dateModified\":\"2019-09-10T12:30:23+00:00\",\"description\":\"V okviru Cankarjevih dnevov, ki v tem tednu potekajo v Zagrebu, smo v knji\\u017enici Bogdana Ogrizovi\\u0107a pod pokroviteljstvom Veleposlani\\u0161tva Republike\",\"breadcrumb\":{\"@id\":\"https:\/\/www.ntf.uni-lj.si\/igt\/news\/cankar-ne-jezi-sev-zagrebu\/#breadcrumb\"},\"inLanguage\":\"en-US\",\"potentialAction\":[{\"@type\":\"ReadAction\",\"target\":[\"https:\/\/www.ntf.uni-lj.si\/igt\/news\/cankar-ne-jezi-sev-zagrebu\/\"]}]},{\"@type\":\"BreadcrumbList\",\"@id\":\"https:\/\/www.ntf.uni-lj.si\/igt\/news\/cankar-ne-jezi-sev-zagrebu\/#breadcrumb\",\"itemListElement\":[{\"@type\":\"ListItem\",\"position\":1,\"name\":\"Home\",\"item\":\"https:\/\/www.ntf.uni-lj.si\/igt\/\"},{\"@type\":\"ListItem\",\"position\":2,\"name\":\"News\",\"item\":\"https:\/\/www.ntf.uni-lj.si\/igt\/en\/news\/\"},{\"@type\":\"ListItem\",\"position\":3,\"name\":\"Cankar ne jezi sev Zagrebu\"}]}]}<\/script>\n<!-- \/ Yoast SEO plugin. -->","yoast_head_json":{"description":"V okviru Cankarjevih dnevov, ki v tem tednu potekajo v Zagrebu, smo v knji\u017enici Bogdana Ogrizovi\u0107a pod pokroviteljstvom Veleposlani\u0161tva Republike","robots":{"index":"index","follow":"follow","max-snippet":"max-snippet:-1","max-image-preview":"max-image-preview:large","max-video-preview":"max-video-preview:-1"},"canonical":"https:\/\/www.ntf.uni-lj.si\/igt\/news\/cankar-ne-jezi-sev-zagrebu\/","og_locale":"en_US","og_type":"article","og_title":"Cankar ne jezi sev Zagrebu - IGT","og_description":"V okviru Cankarjevih dnevov, ki v tem tednu potekajo v Zagrebu, smo v knji\u017enici Bogdana Ogrizovi\u0107a pod pokroviteljstvom Veleposlani\u0161tva Republike","og_url":"https:\/\/www.ntf.uni-lj.si\/igt\/news\/cankar-ne-jezi-sev-zagrebu\/","og_site_name":"IGT","article_modified_time":"2019-09-10T12:30:23+00:00","twitter_misc":{"Est. reading time":"1 minute"},"schema":{"@context":"https:\/\/schema.org","@graph":[{"@type":"WebSite","@id":"https:\/\/www.ntf.uni-lj.si\/igt\/#website","url":"https:\/\/www.ntf.uni-lj.si\/igt\/","name":"IGT","description":"Katedra za informacijsko in grafi\u010dno tehnologijo","potentialAction":[{"@type":"SearchAction","target":{"@type":"EntryPoint","urlTemplate":"https:\/\/www.ntf.uni-lj.si\/igt\/?s={search_term_string}"},"query-input":"required name=search_term_string"}],"inLanguage":"en-US"},{"@type":"WebPage","@id":"https:\/\/www.ntf.uni-lj.si\/igt\/news\/cankar-ne-jezi-sev-zagrebu\/#webpage","url":"https:\/\/www.ntf.uni-lj.si\/igt\/news\/cankar-ne-jezi-sev-zagrebu\/","name":"Cankar ne jezi sev Zagrebu - IGT","isPartOf":{"@id":"https:\/\/www.ntf.uni-lj.si\/igt\/#website"},"datePublished":"2018-12-05T12:57:19+00:00","dateModified":"2019-09-10T12:30:23+00:00","description":"V okviru Cankarjevih dnevov, ki v tem tednu potekajo v Zagrebu, smo v knji\u017enici Bogdana Ogrizovi\u0107a pod pokroviteljstvom Veleposlani\u0161tva Republike","breadcrumb":{"@id":"https:\/\/www.ntf.uni-lj.si\/igt\/news\/cankar-ne-jezi-sev-zagrebu\/#breadcrumb"},"inLanguage":"en-US","potentialAction":[{"@type":"ReadAction","target":["https:\/\/www.ntf.uni-lj.si\/igt\/news\/cankar-ne-jezi-sev-zagrebu\/"]}]},{"@type":"BreadcrumbList","@id":"https:\/\/www.ntf.uni-lj.si\/igt\/news\/cankar-ne-jezi-sev-zagrebu\/#breadcrumb","itemListElement":[{"@type":"ListItem","position":1,"name":"Home","item":"https:\/\/www.ntf.uni-lj.si\/igt\/"},{"@type":"ListItem","position":2,"name":"News","item":"https:\/\/www.ntf.uni-lj.si\/igt\/en\/news\/"},{"@type":"ListItem","position":3,"name":"Cankar ne jezi sev Zagrebu"}]}]}},"_links":{"self":[{"href":"https:\/\/www.ntf.uni-lj.si\/igt\/wp-json\/wp\/v2\/news\/18753"}],"collection":[{"href":"https:\/\/www.ntf.uni-lj.si\/igt\/wp-json\/wp\/v2\/news"}],"about":[{"href":"https:\/\/www.ntf.uni-lj.si\/igt\/wp-json\/wp\/v2\/types\/news"}],"author":[{"embeddable":true,"href":"https:\/\/www.ntf.uni-lj.si\/igt\/wp-json\/wp\/v2\/users\/22"}],"version-history":[{"count":3,"href":"https:\/\/www.ntf.uni-lj.si\/igt\/wp-json\/wp\/v2\/news\/18753\/revisions"}],"predecessor-version":[{"id":18756,"href":"https:\/\/www.ntf.uni-lj.si\/igt\/wp-json\/wp\/v2\/news\/18753\/revisions\/18756"}],"wp:attachment":[{"href":"https:\/\/www.ntf.uni-lj.si\/igt\/wp-json\/wp\/v2\/media?parent=18753"}],"wp:term":[{"taxonomy":"category","embeddable":true,"href":"https:\/\/www.ntf.uni-lj.si\/igt\/wp-json\/wp\/v2\/categories?post=18753"}],"curies":[{"name":"wp","href":"https:\/\/api.w.org\/{rel}","templated":true}]}}