{"id":31399,"date":"2022-06-21T09:33:55","date_gmt":"2022-06-21T07:33:55","guid":{"rendered":"https:\/\/www.ntf.uni-lj.si\/igt\/?post_type=news&#038;p=31399"},"modified":"2022-06-21T09:33:55","modified_gmt":"2022-06-21T07:33:55","slug":"oblikovanje-embalaze-in-projekt-z-mlekarno-planika","status":"publish","type":"news","link":"https:\/\/www.ntf.uni-lj.si\/igt\/news\/oblikovanje-embalaze-in-projekt-z-mlekarno-planika\/","title":{"rendered":"Oblikovanje embala\u017ee in projekt z Mlekarno Planika"},"content":{"rendered":"<p>V ponedeljek, 16. 5. 2022, smo s \u0161tudenti 3. letnikov smeri Grafi\u010dne in interaktivne komunikacije ter Grafi\u010dna in medijska tehnika izvedli predstavitev kon\u010dnih re\u0161itev preoblikovanja embala\u017ee izdelkov Mlekarne Planika v njihovem podjetju v Kobaridu.<\/p>\n<p>Proces preoblikovanja njihovih embala\u017e je bil izveden v sklopu predmeta Oblikovanje embala\u017ee, pod mentorstvom doc. dr. Ur\u0161ke Vrabi\u010d Brodnjak in asist. dr. Gregorja Frankna. Nastale so zelo dobre re\u0161itve, ki so jih \u0161tudenti tudi uspe\u0161no predstavili vodstvu podjetja.<\/p>\n","protected":false},"excerpt":{"rendered":"V ponedeljek, 16. 5. 2022, smo s \u0161tudenti 3. letnikov smeri Grafi\u010dne in interaktivne komunikacije ter Grafi\u010dna in medijska tehnika izvedli predstavitev kon\u010dnih re\u0161itev preoblikovanja embala\u017ee izdelkov Mlekarne Planika v njihovem podjetju v Kobaridu. Proces preoblikovanja njihovih embala\u017e je bil izveden v sklopu predmeta Oblikovanje embala\u017ee, pod mentorstvom doc. dr. Ur\u0161ke Vrabi\u010d Brodnjak in asist. &#8230; <a class=\"view-article\" href=\"https:\/\/www.ntf.uni-lj.si\/igt\/news\/oblikovanje-embalaze-in-projekt-z-mlekarno-planika\/\">Read more<\/a>","protected":false},"author":22,"featured_media":31410,"template":"","categories":[630],"acf":[],"yoast_head":"<!-- This site is optimized with the Yoast SEO plugin v17.0 - https:\/\/yoast.com\/wordpress\/plugins\/seo\/ -->\n<meta name=\"description\" content=\"V ponedeljek, 16. 5. 2022, smo s \u0161tudenti 3. letnikov smeri Grafi\u010dne in interaktivne komunikacije ter Grafi\u010dna in medijska tehnika izvedli predstavitev\" \/>\n<meta name=\"robots\" content=\"index, follow, max-snippet:-1, max-image-preview:large, max-video-preview:-1\" \/>\n<link rel=\"canonical\" href=\"https:\/\/www.ntf.uni-lj.si\/igt\/news\/oblikovanje-embalaze-in-projekt-z-mlekarno-planika\/\" \/>\n<meta property=\"og:locale\" content=\"en_US\" \/>\n<meta property=\"og:type\" content=\"article\" \/>\n<meta property=\"og:title\" content=\"Oblikovanje embala\u017ee in projekt z Mlekarno Planika - IGT\" \/>\n<meta property=\"og:description\" content=\"V ponedeljek, 16. 5. 2022, smo s \u0161tudenti 3. letnikov smeri Grafi\u010dne in interaktivne komunikacije ter Grafi\u010dna in medijska tehnika izvedli predstavitev\" \/>\n<meta property=\"og:url\" content=\"https:\/\/www.ntf.uni-lj.si\/igt\/news\/oblikovanje-embalaze-in-projekt-z-mlekarno-planika\/\" \/>\n<meta property=\"og:site_name\" content=\"IGT\" \/>\n<meta property=\"og:image\" content=\"https:\/\/www.ntf.uni-lj.si\/igt\/wp-content\/uploads\/sites\/8\/2022\/06\/Slika-2-scaled.jpg\" \/>\n\t<meta property=\"og:image:width\" content=\"2560\" \/>\n\t<meta property=\"og:image:height\" content=\"1440\" \/>\n<script type=\"application\/ld+json\" class=\"yoast-schema-graph\">{\"@context\":\"https:\/\/schema.org\",\"@graph\":[{\"@type\":\"WebSite\",\"@id\":\"https:\/\/www.ntf.uni-lj.si\/igt\/#website\",\"url\":\"https:\/\/www.ntf.uni-lj.si\/igt\/\",\"name\":\"IGT\",\"description\":\"Katedra za informacijsko in grafi\\u010dno tehnologijo\",\"potentialAction\":[{\"@type\":\"SearchAction\",\"target\":{\"@type\":\"EntryPoint\",\"urlTemplate\":\"https:\/\/www.ntf.uni-lj.si\/igt\/?s={search_term_string}\"},\"query-input\":\"required name=search_term_string\"}],\"inLanguage\":\"en-US\"},{\"@type\":\"ImageObject\",\"@id\":\"https:\/\/www.ntf.uni-lj.si\/igt\/news\/oblikovanje-embalaze-in-projekt-z-mlekarno-planika\/#primaryimage\",\"inLanguage\":\"en-US\",\"url\":\"https:\/\/www.ntf.uni-lj.si\/igt\/wp-content\/uploads\/sites\/8\/2022\/06\/Slika-2-scaled.jpg\",\"contentUrl\":\"https:\/\/www.ntf.uni-lj.si\/igt\/wp-content\/uploads\/sites\/8\/2022\/06\/Slika-2-scaled.jpg\",\"width\":2560,\"height\":1440},{\"@type\":\"WebPage\",\"@id\":\"https:\/\/www.ntf.uni-lj.si\/igt\/news\/oblikovanje-embalaze-in-projekt-z-mlekarno-planika\/#webpage\",\"url\":\"https:\/\/www.ntf.uni-lj.si\/igt\/news\/oblikovanje-embalaze-in-projekt-z-mlekarno-planika\/\",\"name\":\"Oblikovanje embala\\u017ee in projekt z Mlekarno Planika - IGT\",\"isPartOf\":{\"@id\":\"https:\/\/www.ntf.uni-lj.si\/igt\/#website\"},\"primaryImageOfPage\":{\"@id\":\"https:\/\/www.ntf.uni-lj.si\/igt\/news\/oblikovanje-embalaze-in-projekt-z-mlekarno-planika\/#primaryimage\"},\"datePublished\":\"2022-06-21T07:33:55+00:00\",\"dateModified\":\"2022-06-21T07:33:55+00:00\",\"description\":\"V ponedeljek, 16. 5. 2022, smo s \\u0161tudenti 3. letnikov smeri Grafi\\u010dne in interaktivne komunikacije ter Grafi\\u010dna in medijska tehnika izvedli predstavitev\",\"breadcrumb\":{\"@id\":\"https:\/\/www.ntf.uni-lj.si\/igt\/news\/oblikovanje-embalaze-in-projekt-z-mlekarno-planika\/#breadcrumb\"},\"inLanguage\":\"en-US\",\"potentialAction\":[{\"@type\":\"ReadAction\",\"target\":[\"https:\/\/www.ntf.uni-lj.si\/igt\/news\/oblikovanje-embalaze-in-projekt-z-mlekarno-planika\/\"]}]},{\"@type\":\"BreadcrumbList\",\"@id\":\"https:\/\/www.ntf.uni-lj.si\/igt\/news\/oblikovanje-embalaze-in-projekt-z-mlekarno-planika\/#breadcrumb\",\"itemListElement\":[{\"@type\":\"ListItem\",\"position\":1,\"name\":\"Home\",\"item\":\"https:\/\/www.ntf.uni-lj.si\/igt\/\"},{\"@type\":\"ListItem\",\"position\":2,\"name\":\"News\",\"item\":\"https:\/\/www.ntf.uni-lj.si\/igt\/en\/news\/\"},{\"@type\":\"ListItem\",\"position\":3,\"name\":\"Oblikovanje embala\\u017ee in projekt z Mlekarno Planika\"}]}]}<\/script>\n<!-- \/ Yoast SEO plugin. -->","yoast_head_json":{"description":"V ponedeljek, 16. 5. 2022, smo s \u0161tudenti 3. letnikov smeri Grafi\u010dne in interaktivne komunikacije ter Grafi\u010dna in medijska tehnika izvedli predstavitev","robots":{"index":"index","follow":"follow","max-snippet":"max-snippet:-1","max-image-preview":"max-image-preview:large","max-video-preview":"max-video-preview:-1"},"canonical":"https:\/\/www.ntf.uni-lj.si\/igt\/news\/oblikovanje-embalaze-in-projekt-z-mlekarno-planika\/","og_locale":"en_US","og_type":"article","og_title":"Oblikovanje embala\u017ee in projekt z Mlekarno Planika - IGT","og_description":"V ponedeljek, 16. 5. 2022, smo s \u0161tudenti 3. letnikov smeri Grafi\u010dne in interaktivne komunikacije ter Grafi\u010dna in medijska tehnika izvedli predstavitev","og_url":"https:\/\/www.ntf.uni-lj.si\/igt\/news\/oblikovanje-embalaze-in-projekt-z-mlekarno-planika\/","og_site_name":"IGT","og_image":[{"width":2560,"height":1440,"url":"https:\/\/www.ntf.uni-lj.si\/igt\/wp-content\/uploads\/sites\/8\/2022\/06\/Slika-2-scaled.jpg","path":"\/web\/html\/ntf\/public_html\/wp-content\/uploads\/sites\/8\/2022\/06\/Slika-2-scaled.jpg","size":"full","id":31410,"alt":"","pixels":3686400,"type":"image\/jpeg"}],"schema":{"@context":"https:\/\/schema.org","@graph":[{"@type":"WebSite","@id":"https:\/\/www.ntf.uni-lj.si\/igt\/#website","url":"https:\/\/www.ntf.uni-lj.si\/igt\/","name":"IGT","description":"Katedra za informacijsko in grafi\u010dno tehnologijo","potentialAction":[{"@type":"SearchAction","target":{"@type":"EntryPoint","urlTemplate":"https:\/\/www.ntf.uni-lj.si\/igt\/?s={search_term_string}"},"query-input":"required name=search_term_string"}],"inLanguage":"en-US"},{"@type":"ImageObject","@id":"https:\/\/www.ntf.uni-lj.si\/igt\/news\/oblikovanje-embalaze-in-projekt-z-mlekarno-planika\/#primaryimage","inLanguage":"en-US","url":"https:\/\/www.ntf.uni-lj.si\/igt\/wp-content\/uploads\/sites\/8\/2022\/06\/Slika-2-scaled.jpg","contentUrl":"https:\/\/www.ntf.uni-lj.si\/igt\/wp-content\/uploads\/sites\/8\/2022\/06\/Slika-2-scaled.jpg","width":2560,"height":1440},{"@type":"WebPage","@id":"https:\/\/www.ntf.uni-lj.si\/igt\/news\/oblikovanje-embalaze-in-projekt-z-mlekarno-planika\/#webpage","url":"https:\/\/www.ntf.uni-lj.si\/igt\/news\/oblikovanje-embalaze-in-projekt-z-mlekarno-planika\/","name":"Oblikovanje embala\u017ee in projekt z Mlekarno Planika - IGT","isPartOf":{"@id":"https:\/\/www.ntf.uni-lj.si\/igt\/#website"},"primaryImageOfPage":{"@id":"https:\/\/www.ntf.uni-lj.si\/igt\/news\/oblikovanje-embalaze-in-projekt-z-mlekarno-planika\/#primaryimage"},"datePublished":"2022-06-21T07:33:55+00:00","dateModified":"2022-06-21T07:33:55+00:00","description":"V ponedeljek, 16. 5. 2022, smo s \u0161tudenti 3. letnikov smeri Grafi\u010dne in interaktivne komunikacije ter Grafi\u010dna in medijska tehnika izvedli predstavitev","breadcrumb":{"@id":"https:\/\/www.ntf.uni-lj.si\/igt\/news\/oblikovanje-embalaze-in-projekt-z-mlekarno-planika\/#breadcrumb"},"inLanguage":"en-US","potentialAction":[{"@type":"ReadAction","target":["https:\/\/www.ntf.uni-lj.si\/igt\/news\/oblikovanje-embalaze-in-projekt-z-mlekarno-planika\/"]}]},{"@type":"BreadcrumbList","@id":"https:\/\/www.ntf.uni-lj.si\/igt\/news\/oblikovanje-embalaze-in-projekt-z-mlekarno-planika\/#breadcrumb","itemListElement":[{"@type":"ListItem","position":1,"name":"Home","item":"https:\/\/www.ntf.uni-lj.si\/igt\/"},{"@type":"ListItem","position":2,"name":"News","item":"https:\/\/www.ntf.uni-lj.si\/igt\/en\/news\/"},{"@type":"ListItem","position":3,"name":"Oblikovanje embala\u017ee in projekt z Mlekarno Planika"}]}]}},"_links":{"self":[{"href":"https:\/\/www.ntf.uni-lj.si\/igt\/wp-json\/wp\/v2\/news\/31399"}],"collection":[{"href":"https:\/\/www.ntf.uni-lj.si\/igt\/wp-json\/wp\/v2\/news"}],"about":[{"href":"https:\/\/www.ntf.uni-lj.si\/igt\/wp-json\/wp\/v2\/types\/news"}],"author":[{"embeddable":true,"href":"https:\/\/www.ntf.uni-lj.si\/igt\/wp-json\/wp\/v2\/users\/22"}],"version-history":[{"count":1,"href":"https:\/\/www.ntf.uni-lj.si\/igt\/wp-json\/wp\/v2\/news\/31399\/revisions"}],"predecessor-version":[{"id":31411,"href":"https:\/\/www.ntf.uni-lj.si\/igt\/wp-json\/wp\/v2\/news\/31399\/revisions\/31411"}],"wp:featuredmedia":[{"embeddable":true,"href":"https:\/\/www.ntf.uni-lj.si\/igt\/wp-json\/wp\/v2\/media\/31410"}],"wp:attachment":[{"href":"https:\/\/www.ntf.uni-lj.si\/igt\/wp-json\/wp\/v2\/media?parent=31399"}],"wp:term":[{"taxonomy":"category","embeddable":true,"href":"https:\/\/www.ntf.uni-lj.si\/igt\/wp-json\/wp\/v2\/categories?post=31399"}],"curies":[{"name":"wp","href":"https:\/\/api.w.org\/{rel}","templated":true}]}}