{"id":32388,"date":"2022-10-14T16:12:04","date_gmt":"2022-10-14T14:12:04","guid":{"rendered":"https:\/\/www.ntf.uni-lj.si\/igt\/?post_type=news&#038;p=32388"},"modified":"2022-10-14T16:13:50","modified_gmt":"2022-10-14T14:13:50","slug":"srecanje-z-ghent-workgroup-predavanji-in-okrogla-miza","status":"publish","type":"news","link":"https:\/\/www.ntf.uni-lj.si\/igt\/news\/srecanje-z-ghent-workgroup-predavanji-in-okrogla-miza\/","title":{"rendered":"Sre\u010danje z Ghent Workgroup | predavanji in okrogla miza"},"content":{"rendered":"<p>V zadnjem tednu oktobra bodo v okviru rednega letnega sre\u010danja mednarodnega zdru\u017eenja <a href=\"https:\/\/gwg.org\/\">Ghent Workgroup<\/a> Naravoslovnotehni\u0161ko fakulteto (NTF) obiskali strokovnjaki s podro\u010dja grafi\u010dne priprave, standardizacije PDF dokumentov, tiska in embala\u017ee.<\/p>\n<p>V okviru sre\u010danja bo <strong>25. 10.<\/strong> <strong>2022, ob 10.30 v P-104<\/strong>, organiziran dogodek, ki bo vklju\u010deval dve gostujo\u010di predavanji in okroglo mizo. Predavanji bosta izvedla <a href=\"https:\/\/gwg.org\/dt_team\/david-l-zwang\/\">David L. Zwang<\/a> in <a href=\"https:\/\/gwg.org\/dt_team\/christian-blaise\/\">Christian Blaise<\/a>, vsebina njunih predavanj pa se bo nana\u0161ala na :<\/p>\n<ul>\n<li><strong>Zwang L. D.<\/strong> \u2013 \u00bb<em>Introduction to GWG and look at the state of the industry \u2013 trends, data, etc., where we are and where we are going, including Industry 4.0 and 5.0<\/em>\u00ab<\/li>\n<li><strong>Blaise C.<\/strong> \u2013 \u00bb<em>Bringing different systems together \u2013 The reality of bringing all these different processes together<\/em>.\u00ab<\/li>\n<\/ul>\n<p>Po predavanjih bo s predavateljema in povabljenimi gosti potekala tudi okrogla miza (12.30, v P-104) z naslovom \u00bb<em>Prihodnost grafi\u010dne stroke<\/em>\u00ab.<\/p>\n<p>Predavanja bodo v angle\u0161\u010dini in so za 1. in 2. letnik GIKM obvezna, ostali so seveda vljudno vabljeni.<\/p>\n","protected":false},"excerpt":{"rendered":"V zadnjem tednu oktobra bodo v okviru rednega letnega sre\u010danja mednarodnega zdru\u017eenja Ghent Workgroup Naravoslovnotehni\u0161ko fakulteto (NTF) obiskali strokovnjaki s podro\u010dja grafi\u010dne priprave, standardizacije PDF dokumentov, tiska in embala\u017ee. V okviru sre\u010danja bo 25. 10. 2022, ob 10.30 v P-104, organiziran dogodek, ki bo vklju\u010deval dve gostujo\u010di predavanji in okroglo mizo. Predavanji bosta izvedla David &#8230; <a class=\"view-article\" href=\"https:\/\/www.ntf.uni-lj.si\/igt\/news\/srecanje-z-ghent-workgroup-predavanji-in-okrogla-miza\/\">Read more<\/a>","protected":false},"author":22,"featured_media":0,"template":"","categories":[],"acf":[],"yoast_head":"<!-- This site is optimized with the Yoast SEO plugin v17.0 - https:\/\/yoast.com\/wordpress\/plugins\/seo\/ -->\n<meta name=\"description\" content=\"V zadnjem tednu oktobra bodo v okviru rednega letnega sre\u010danja mednarodnega zdru\u017eenja Ghent Workgroup Naravoslovnotehni\u0161ko fakulteto (NTF) obiskali\" \/>\n<meta name=\"robots\" content=\"index, follow, max-snippet:-1, max-image-preview:large, max-video-preview:-1\" \/>\n<link rel=\"canonical\" href=\"https:\/\/www.ntf.uni-lj.si\/igt\/news\/srecanje-z-ghent-workgroup-predavanji-in-okrogla-miza\/\" \/>\n<meta property=\"og:locale\" content=\"en_US\" \/>\n<meta property=\"og:type\" content=\"article\" \/>\n<meta property=\"og:title\" content=\"Sre\u010danje z Ghent Workgroup | predavanji in okrogla miza - IGT\" \/>\n<meta property=\"og:description\" content=\"V zadnjem tednu oktobra bodo v okviru rednega letnega sre\u010danja mednarodnega zdru\u017eenja Ghent Workgroup Naravoslovnotehni\u0161ko fakulteto (NTF) obiskali\" \/>\n<meta property=\"og:url\" content=\"https:\/\/www.ntf.uni-lj.si\/igt\/news\/srecanje-z-ghent-workgroup-predavanji-in-okrogla-miza\/\" \/>\n<meta property=\"og:site_name\" content=\"IGT\" \/>\n<meta property=\"article:modified_time\" content=\"2022-10-14T14:13:50+00:00\" \/>\n<meta name=\"twitter:label1\" content=\"Est. reading time\" \/>\n\t<meta name=\"twitter:data1\" content=\"1 minute\" \/>\n<script type=\"application\/ld+json\" class=\"yoast-schema-graph\">{\"@context\":\"https:\/\/schema.org\",\"@graph\":[{\"@type\":\"WebSite\",\"@id\":\"https:\/\/www.ntf.uni-lj.si\/igt\/#website\",\"url\":\"https:\/\/www.ntf.uni-lj.si\/igt\/\",\"name\":\"IGT\",\"description\":\"Katedra za informacijsko in grafi\\u010dno tehnologijo\",\"potentialAction\":[{\"@type\":\"SearchAction\",\"target\":{\"@type\":\"EntryPoint\",\"urlTemplate\":\"https:\/\/www.ntf.uni-lj.si\/igt\/?s={search_term_string}\"},\"query-input\":\"required name=search_term_string\"}],\"inLanguage\":\"en-US\"},{\"@type\":\"WebPage\",\"@id\":\"https:\/\/www.ntf.uni-lj.si\/igt\/news\/srecanje-z-ghent-workgroup-predavanji-in-okrogla-miza\/#webpage\",\"url\":\"https:\/\/www.ntf.uni-lj.si\/igt\/news\/srecanje-z-ghent-workgroup-predavanji-in-okrogla-miza\/\",\"name\":\"Sre\\u010danje z Ghent Workgroup | predavanji in okrogla miza - IGT\",\"isPartOf\":{\"@id\":\"https:\/\/www.ntf.uni-lj.si\/igt\/#website\"},\"datePublished\":\"2022-10-14T14:12:04+00:00\",\"dateModified\":\"2022-10-14T14:13:50+00:00\",\"description\":\"V zadnjem tednu oktobra bodo v okviru rednega letnega sre\\u010danja mednarodnega zdru\\u017eenja Ghent Workgroup Naravoslovnotehni\\u0161ko fakulteto (NTF) obiskali\",\"breadcrumb\":{\"@id\":\"https:\/\/www.ntf.uni-lj.si\/igt\/news\/srecanje-z-ghent-workgroup-predavanji-in-okrogla-miza\/#breadcrumb\"},\"inLanguage\":\"en-US\",\"potentialAction\":[{\"@type\":\"ReadAction\",\"target\":[\"https:\/\/www.ntf.uni-lj.si\/igt\/news\/srecanje-z-ghent-workgroup-predavanji-in-okrogla-miza\/\"]}]},{\"@type\":\"BreadcrumbList\",\"@id\":\"https:\/\/www.ntf.uni-lj.si\/igt\/news\/srecanje-z-ghent-workgroup-predavanji-in-okrogla-miza\/#breadcrumb\",\"itemListElement\":[{\"@type\":\"ListItem\",\"position\":1,\"name\":\"Home\",\"item\":\"https:\/\/www.ntf.uni-lj.si\/igt\/\"},{\"@type\":\"ListItem\",\"position\":2,\"name\":\"News\",\"item\":\"https:\/\/www.ntf.uni-lj.si\/igt\/en\/news\/\"},{\"@type\":\"ListItem\",\"position\":3,\"name\":\"Sre\\u010danje z Ghent Workgroup | predavanji in okrogla miza\"}]}]}<\/script>\n<!-- \/ Yoast SEO plugin. -->","yoast_head_json":{"description":"V zadnjem tednu oktobra bodo v okviru rednega letnega sre\u010danja mednarodnega zdru\u017eenja Ghent Workgroup Naravoslovnotehni\u0161ko fakulteto (NTF) obiskali","robots":{"index":"index","follow":"follow","max-snippet":"max-snippet:-1","max-image-preview":"max-image-preview:large","max-video-preview":"max-video-preview:-1"},"canonical":"https:\/\/www.ntf.uni-lj.si\/igt\/news\/srecanje-z-ghent-workgroup-predavanji-in-okrogla-miza\/","og_locale":"en_US","og_type":"article","og_title":"Sre\u010danje z Ghent Workgroup | predavanji in okrogla miza - IGT","og_description":"V zadnjem tednu oktobra bodo v okviru rednega letnega sre\u010danja mednarodnega zdru\u017eenja Ghent Workgroup Naravoslovnotehni\u0161ko fakulteto (NTF) obiskali","og_url":"https:\/\/www.ntf.uni-lj.si\/igt\/news\/srecanje-z-ghent-workgroup-predavanji-in-okrogla-miza\/","og_site_name":"IGT","article_modified_time":"2022-10-14T14:13:50+00:00","twitter_misc":{"Est. reading time":"1 minute"},"schema":{"@context":"https:\/\/schema.org","@graph":[{"@type":"WebSite","@id":"https:\/\/www.ntf.uni-lj.si\/igt\/#website","url":"https:\/\/www.ntf.uni-lj.si\/igt\/","name":"IGT","description":"Katedra za informacijsko in grafi\u010dno tehnologijo","potentialAction":[{"@type":"SearchAction","target":{"@type":"EntryPoint","urlTemplate":"https:\/\/www.ntf.uni-lj.si\/igt\/?s={search_term_string}"},"query-input":"required name=search_term_string"}],"inLanguage":"en-US"},{"@type":"WebPage","@id":"https:\/\/www.ntf.uni-lj.si\/igt\/news\/srecanje-z-ghent-workgroup-predavanji-in-okrogla-miza\/#webpage","url":"https:\/\/www.ntf.uni-lj.si\/igt\/news\/srecanje-z-ghent-workgroup-predavanji-in-okrogla-miza\/","name":"Sre\u010danje z Ghent Workgroup | predavanji in okrogla miza - IGT","isPartOf":{"@id":"https:\/\/www.ntf.uni-lj.si\/igt\/#website"},"datePublished":"2022-10-14T14:12:04+00:00","dateModified":"2022-10-14T14:13:50+00:00","description":"V zadnjem tednu oktobra bodo v okviru rednega letnega sre\u010danja mednarodnega zdru\u017eenja Ghent Workgroup Naravoslovnotehni\u0161ko fakulteto (NTF) obiskali","breadcrumb":{"@id":"https:\/\/www.ntf.uni-lj.si\/igt\/news\/srecanje-z-ghent-workgroup-predavanji-in-okrogla-miza\/#breadcrumb"},"inLanguage":"en-US","potentialAction":[{"@type":"ReadAction","target":["https:\/\/www.ntf.uni-lj.si\/igt\/news\/srecanje-z-ghent-workgroup-predavanji-in-okrogla-miza\/"]}]},{"@type":"BreadcrumbList","@id":"https:\/\/www.ntf.uni-lj.si\/igt\/news\/srecanje-z-ghent-workgroup-predavanji-in-okrogla-miza\/#breadcrumb","itemListElement":[{"@type":"ListItem","position":1,"name":"Home","item":"https:\/\/www.ntf.uni-lj.si\/igt\/"},{"@type":"ListItem","position":2,"name":"News","item":"https:\/\/www.ntf.uni-lj.si\/igt\/en\/news\/"},{"@type":"ListItem","position":3,"name":"Sre\u010danje z Ghent Workgroup | predavanji in okrogla miza"}]}]}},"_links":{"self":[{"href":"https:\/\/www.ntf.uni-lj.si\/igt\/wp-json\/wp\/v2\/news\/32388"}],"collection":[{"href":"https:\/\/www.ntf.uni-lj.si\/igt\/wp-json\/wp\/v2\/news"}],"about":[{"href":"https:\/\/www.ntf.uni-lj.si\/igt\/wp-json\/wp\/v2\/types\/news"}],"author":[{"embeddable":true,"href":"https:\/\/www.ntf.uni-lj.si\/igt\/wp-json\/wp\/v2\/users\/22"}],"version-history":[{"count":1,"href":"https:\/\/www.ntf.uni-lj.si\/igt\/wp-json\/wp\/v2\/news\/32388\/revisions"}],"predecessor-version":[{"id":32390,"href":"https:\/\/www.ntf.uni-lj.si\/igt\/wp-json\/wp\/v2\/news\/32388\/revisions\/32390"}],"wp:attachment":[{"href":"https:\/\/www.ntf.uni-lj.si\/igt\/wp-json\/wp\/v2\/media?parent=32388"}],"wp:term":[{"taxonomy":"category","embeddable":true,"href":"https:\/\/www.ntf.uni-lj.si\/igt\/wp-json\/wp\/v2\/categories?post=32388"}],"curies":[{"name":"wp","href":"https:\/\/api.w.org\/{rel}","templated":true}]}}