{"id":35337,"date":"2023-11-16T10:43:08","date_gmt":"2023-11-16T09:43:08","guid":{"rendered":"https:\/\/www.ntf.uni-lj.si\/igt\/?post_type=news&#038;p=35337"},"modified":"2023-11-16T10:43:08","modified_gmt":"2023-11-16T09:43:08","slug":"slovenski-knjizni-sejem","status":"publish","type":"news","link":"https:\/\/www.ntf.uni-lj.si\/igt\/news\/slovenski-knjizni-sejem\/","title":{"rendered":"Slovenski knji\u017eni sejem"},"content":{"rendered":"<p>Vabljeni na Slovenski knji\u017eni sejem \ud83d\udcda, ki bo potekal med 21. in 26. novembrom na Gospodarskem razstavi\u0161\u010du.<\/p>\n<p>\ud83d\udcd6 V \u010dasu knji\u017enega sejma je v spletni knjigarni Zalo\u017ebe UL omogo\u010den nakup u\u010dnih gradiv z 20 % popustom.<\/p>\n<p>Gradiva so dostopna na povezavi: <a href=\"https:\/\/knjigarna.uni-lj.si\/sl-SI\">https:\/\/knjigarna.uni-lj.si\/sl-SI<\/a><\/p>\n<p><img loading=\"lazy\" class=\"alignnone wp-image-35336\" src=\"https:\/\/www.ntf.uni-lj.si\/igt\/wp-content\/uploads\/sites\/8\/2023\/11\/SKS-banner-1080x1080-01.jpg\" alt=\"\" width=\"500\" height=\"500\" srcset=\"https:\/\/www.ntf.uni-lj.si\/igt\/wp-content\/uploads\/sites\/8\/2023\/11\/SKS-banner-1080x1080-01.jpg 1081w, https:\/\/www.ntf.uni-lj.si\/igt\/wp-content\/uploads\/sites\/8\/2023\/11\/SKS-banner-1080x1080-01-300x300.jpg 300w, https:\/\/www.ntf.uni-lj.si\/igt\/wp-content\/uploads\/sites\/8\/2023\/11\/SKS-banner-1080x1080-01-1024x1024.jpg 1024w, https:\/\/www.ntf.uni-lj.si\/igt\/wp-content\/uploads\/sites\/8\/2023\/11\/SKS-banner-1080x1080-01-150x150.jpg 150w, https:\/\/www.ntf.uni-lj.si\/igt\/wp-content\/uploads\/sites\/8\/2023\/11\/SKS-banner-1080x1080-01-768x767.jpg 768w\" sizes=\"(max-width: 500px) 100vw, 500px\" \/><\/p>\n","protected":false},"excerpt":{"rendered":"Vabljeni na Slovenski knji\u017eni sejem \ud83d\udcda, ki bo potekal med 21. in 26. novembrom na Gospodarskem razstavi\u0161\u010du. \ud83d\udcd6 V \u010dasu knji\u017enega sejma je v spletni knjigarni Zalo\u017ebe UL omogo\u010den nakup u\u010dnih gradiv z 20 % popustom. Gradiva so dostopna na povezavi: https:\/\/knjigarna.uni-lj.si\/sl-SI","protected":false},"author":22,"featured_media":0,"template":"","categories":[],"acf":[],"yoast_head":"<!-- This site is optimized with the Yoast SEO plugin v17.0 - https:\/\/yoast.com\/wordpress\/plugins\/seo\/ -->\n<meta name=\"description\" content=\"Vabljeni na Slovenski knji\u017eni sejem \ud83d\udcda, ki bo potekal med 21. in 26. novembrom na Gospodarskem razstavi\u0161\u010du. \ud83d\udcd6 V \u010dasu knji\u017enega sejma je v spletni knjigarni\" \/>\n<meta name=\"robots\" content=\"index, follow, max-snippet:-1, max-image-preview:large, max-video-preview:-1\" \/>\n<link rel=\"canonical\" href=\"https:\/\/www.ntf.uni-lj.si\/igt\/news\/slovenski-knjizni-sejem\/\" \/>\n<meta property=\"og:locale\" content=\"en_US\" \/>\n<meta property=\"og:type\" content=\"article\" \/>\n<meta property=\"og:title\" content=\"Slovenski knji\u017eni sejem - IGT\" \/>\n<meta property=\"og:description\" content=\"Vabljeni na Slovenski knji\u017eni sejem \ud83d\udcda, ki bo potekal med 21. in 26. novembrom na Gospodarskem razstavi\u0161\u010du. \ud83d\udcd6 V \u010dasu knji\u017enega sejma je v spletni knjigarni\" \/>\n<meta property=\"og:url\" content=\"https:\/\/www.ntf.uni-lj.si\/igt\/news\/slovenski-knjizni-sejem\/\" \/>\n<meta property=\"og:site_name\" content=\"IGT\" \/>\n<meta property=\"og:image\" content=\"https:\/\/www.ntf.uni-lj.si\/igt\/wp-content\/uploads\/sites\/8\/2023\/11\/SKS-banner-1080x1080-01.jpg\" \/>\n<script type=\"application\/ld+json\" class=\"yoast-schema-graph\">{\"@context\":\"https:\/\/schema.org\",\"@graph\":[{\"@type\":\"WebSite\",\"@id\":\"https:\/\/www.ntf.uni-lj.si\/igt\/#website\",\"url\":\"https:\/\/www.ntf.uni-lj.si\/igt\/\",\"name\":\"IGT\",\"description\":\"Katedra za informacijsko in grafi\\u010dno tehnologijo\",\"potentialAction\":[{\"@type\":\"SearchAction\",\"target\":{\"@type\":\"EntryPoint\",\"urlTemplate\":\"https:\/\/www.ntf.uni-lj.si\/igt\/?s={search_term_string}\"},\"query-input\":\"required name=search_term_string\"}],\"inLanguage\":\"en-US\"},{\"@type\":\"ImageObject\",\"@id\":\"https:\/\/www.ntf.uni-lj.si\/igt\/news\/slovenski-knjizni-sejem\/#primaryimage\",\"inLanguage\":\"en-US\",\"url\":\"https:\/\/www.ntf.uni-lj.si\/igt\/wp-content\/uploads\/sites\/8\/2023\/11\/SKS-banner-1080x1080-01.jpg\",\"contentUrl\":\"https:\/\/www.ntf.uni-lj.si\/igt\/wp-content\/uploads\/sites\/8\/2023\/11\/SKS-banner-1080x1080-01.jpg\",\"width\":1081,\"height\":1080},{\"@type\":\"WebPage\",\"@id\":\"https:\/\/www.ntf.uni-lj.si\/igt\/news\/slovenski-knjizni-sejem\/#webpage\",\"url\":\"https:\/\/www.ntf.uni-lj.si\/igt\/news\/slovenski-knjizni-sejem\/\",\"name\":\"Slovenski knji\\u017eni sejem - IGT\",\"isPartOf\":{\"@id\":\"https:\/\/www.ntf.uni-lj.si\/igt\/#website\"},\"primaryImageOfPage\":{\"@id\":\"https:\/\/www.ntf.uni-lj.si\/igt\/news\/slovenski-knjizni-sejem\/#primaryimage\"},\"datePublished\":\"2023-11-16T09:43:08+00:00\",\"dateModified\":\"2023-11-16T09:43:08+00:00\",\"description\":\"Vabljeni na Slovenski knji\\u017eni sejem \\ud83d\\udcda, ki bo potekal med 21. in 26. novembrom na Gospodarskem razstavi\\u0161\\u010du. \\ud83d\\udcd6 V \\u010dasu knji\\u017enega sejma je v spletni knjigarni\",\"breadcrumb\":{\"@id\":\"https:\/\/www.ntf.uni-lj.si\/igt\/news\/slovenski-knjizni-sejem\/#breadcrumb\"},\"inLanguage\":\"en-US\",\"potentialAction\":[{\"@type\":\"ReadAction\",\"target\":[\"https:\/\/www.ntf.uni-lj.si\/igt\/news\/slovenski-knjizni-sejem\/\"]}]},{\"@type\":\"BreadcrumbList\",\"@id\":\"https:\/\/www.ntf.uni-lj.si\/igt\/news\/slovenski-knjizni-sejem\/#breadcrumb\",\"itemListElement\":[{\"@type\":\"ListItem\",\"position\":1,\"name\":\"Home\",\"item\":\"https:\/\/www.ntf.uni-lj.si\/igt\/\"},{\"@type\":\"ListItem\",\"position\":2,\"name\":\"News\",\"item\":\"https:\/\/www.ntf.uni-lj.si\/igt\/en\/news\/\"},{\"@type\":\"ListItem\",\"position\":3,\"name\":\"Slovenski knji\\u017eni sejem\"}]}]}<\/script>\n<!-- \/ Yoast SEO plugin. -->","yoast_head_json":{"description":"Vabljeni na Slovenski knji\u017eni sejem \ud83d\udcda, ki bo potekal med 21. in 26. novembrom na Gospodarskem razstavi\u0161\u010du. \ud83d\udcd6 V \u010dasu knji\u017enega sejma je v spletni knjigarni","robots":{"index":"index","follow":"follow","max-snippet":"max-snippet:-1","max-image-preview":"max-image-preview:large","max-video-preview":"max-video-preview:-1"},"canonical":"https:\/\/www.ntf.uni-lj.si\/igt\/news\/slovenski-knjizni-sejem\/","og_locale":"en_US","og_type":"article","og_title":"Slovenski knji\u017eni sejem - IGT","og_description":"Vabljeni na Slovenski knji\u017eni sejem \ud83d\udcda, ki bo potekal med 21. in 26. novembrom na Gospodarskem razstavi\u0161\u010du. \ud83d\udcd6 V \u010dasu knji\u017enega sejma je v spletni knjigarni","og_url":"https:\/\/www.ntf.uni-lj.si\/igt\/news\/slovenski-knjizni-sejem\/","og_site_name":"IGT","og_image":[{"url":"https:\/\/www.ntf.uni-lj.si\/igt\/wp-content\/uploads\/sites\/8\/2023\/11\/SKS-banner-1080x1080-01.jpg"}],"schema":{"@context":"https:\/\/schema.org","@graph":[{"@type":"WebSite","@id":"https:\/\/www.ntf.uni-lj.si\/igt\/#website","url":"https:\/\/www.ntf.uni-lj.si\/igt\/","name":"IGT","description":"Katedra za informacijsko in grafi\u010dno tehnologijo","potentialAction":[{"@type":"SearchAction","target":{"@type":"EntryPoint","urlTemplate":"https:\/\/www.ntf.uni-lj.si\/igt\/?s={search_term_string}"},"query-input":"required name=search_term_string"}],"inLanguage":"en-US"},{"@type":"ImageObject","@id":"https:\/\/www.ntf.uni-lj.si\/igt\/news\/slovenski-knjizni-sejem\/#primaryimage","inLanguage":"en-US","url":"https:\/\/www.ntf.uni-lj.si\/igt\/wp-content\/uploads\/sites\/8\/2023\/11\/SKS-banner-1080x1080-01.jpg","contentUrl":"https:\/\/www.ntf.uni-lj.si\/igt\/wp-content\/uploads\/sites\/8\/2023\/11\/SKS-banner-1080x1080-01.jpg","width":1081,"height":1080},{"@type":"WebPage","@id":"https:\/\/www.ntf.uni-lj.si\/igt\/news\/slovenski-knjizni-sejem\/#webpage","url":"https:\/\/www.ntf.uni-lj.si\/igt\/news\/slovenski-knjizni-sejem\/","name":"Slovenski knji\u017eni sejem - IGT","isPartOf":{"@id":"https:\/\/www.ntf.uni-lj.si\/igt\/#website"},"primaryImageOfPage":{"@id":"https:\/\/www.ntf.uni-lj.si\/igt\/news\/slovenski-knjizni-sejem\/#primaryimage"},"datePublished":"2023-11-16T09:43:08+00:00","dateModified":"2023-11-16T09:43:08+00:00","description":"Vabljeni na Slovenski knji\u017eni sejem \ud83d\udcda, ki bo potekal med 21. in 26. novembrom na Gospodarskem razstavi\u0161\u010du. \ud83d\udcd6 V \u010dasu knji\u017enega sejma je v spletni knjigarni","breadcrumb":{"@id":"https:\/\/www.ntf.uni-lj.si\/igt\/news\/slovenski-knjizni-sejem\/#breadcrumb"},"inLanguage":"en-US","potentialAction":[{"@type":"ReadAction","target":["https:\/\/www.ntf.uni-lj.si\/igt\/news\/slovenski-knjizni-sejem\/"]}]},{"@type":"BreadcrumbList","@id":"https:\/\/www.ntf.uni-lj.si\/igt\/news\/slovenski-knjizni-sejem\/#breadcrumb","itemListElement":[{"@type":"ListItem","position":1,"name":"Home","item":"https:\/\/www.ntf.uni-lj.si\/igt\/"},{"@type":"ListItem","position":2,"name":"News","item":"https:\/\/www.ntf.uni-lj.si\/igt\/en\/news\/"},{"@type":"ListItem","position":3,"name":"Slovenski knji\u017eni sejem"}]}]}},"_links":{"self":[{"href":"https:\/\/www.ntf.uni-lj.si\/igt\/wp-json\/wp\/v2\/news\/35337"}],"collection":[{"href":"https:\/\/www.ntf.uni-lj.si\/igt\/wp-json\/wp\/v2\/news"}],"about":[{"href":"https:\/\/www.ntf.uni-lj.si\/igt\/wp-json\/wp\/v2\/types\/news"}],"author":[{"embeddable":true,"href":"https:\/\/www.ntf.uni-lj.si\/igt\/wp-json\/wp\/v2\/users\/22"}],"version-history":[{"count":1,"href":"https:\/\/www.ntf.uni-lj.si\/igt\/wp-json\/wp\/v2\/news\/35337\/revisions"}],"predecessor-version":[{"id":35338,"href":"https:\/\/www.ntf.uni-lj.si\/igt\/wp-json\/wp\/v2\/news\/35337\/revisions\/35338"}],"wp:attachment":[{"href":"https:\/\/www.ntf.uni-lj.si\/igt\/wp-json\/wp\/v2\/media?parent=35337"}],"wp:term":[{"taxonomy":"category","embeddable":true,"href":"https:\/\/www.ntf.uni-lj.si\/igt\/wp-json\/wp\/v2\/categories?post=35337"}],"curies":[{"name":"wp","href":"https:\/\/api.w.org\/{rel}","templated":true}]}}