{"id":37833,"date":"2025-05-30T11:22:47","date_gmt":"2025-05-30T09:22:47","guid":{"rendered":"https:\/\/www.ntf.uni-lj.si\/igt\/?post_type=news&#038;p=37833"},"modified":"2025-07-23T08:49:59","modified_gmt":"2025-07-23T06:49:59","slug":"ntf-na-european-design-festival-2025","status":"publish","type":"news","link":"https:\/\/www.ntf.uni-lj.si\/igt\/news\/ntf-na-european-design-festival-2025\/","title":{"rendered":"NTF na European Design Festival 2025"},"content":{"rendered":"<p><strong>\u0160tudentje Katedre za informacijsko in grafi\u010dno tehnologijo <\/strong><strong>Naravoslovnotehni\u0161ke fakultete na povabilo Fundacije Brumen sodelujejo\u00a0<\/strong><strong>z razstavo\u00a0<\/strong><strong>\u00a0na\u00a0<a title=\"https:\/\/europeandesign.org\/festivals\/ljubljana-2025\/\" role=\"link\" href=\"https:\/\/europeandesign.org\/festivals\/ljubljana-2025\/\" target=\"_blank\" rel=\"noopener noreferrer\" data-auth=\"NotApplicable\" data-linkindex=\"0\">European Design Festival 2025<\/a>, ki se bo tokrat odvil v Ljubljani.\u00a0<\/strong><\/p>\n<div>\n<p><b>ExCentric Design<\/b>, drzna razstava \u0161tudentk in \u0161tudentov \u0161tirih \u0161ol, raziskuje osebno izra\u017eanje, nekonvencionalne poglede in kriti\u010dno oblikovanje zunaj tr\u017enih norm. Od analognega do digitalnega, od pri\u010dakovanega do ekscentri\u010dnega, to je oblikovanje, ki izziva status quo in si na novo predstavlja prihodnost. Pridite in si oglejte, kaj ima naslednja generacija povedati o svetu, ki ga bo podedovala.<\/p>\n<p>\ud83c\udfeb Fakulteta za dizajn<br \/>\n\ud83d\uddd3 ponedeljek, 2. junij | \ud83d\udd55 18.00 | \ud83d\udccc Dunajska cesta 129<\/p>\n<p><strong>\ud83c\udfeb Univerza v Ljubljani \u2013 Naravoslovnotehni\u0161ka fakulteta<\/strong><br \/>\n<strong>\ud83d\uddd3 torek, 3. junij | \ud83d\udd55 18.00 | \ud83d\udccc Sne\u017eni\u0161ka ulica 5<\/strong><\/p>\n<p><strong>\ud83c\udfeb\u00a0<\/strong>Univerza v Ljubljani \u2013 Akademija za likovno umetnost in oblikovanje<br \/>\n\ud83d\uddd3 \u010detrtek, 5. junij | \ud83d\udd52 15.00 | \ud83d\udccc Dolenjska cesta 83<\/p>\n<p>\ud83c\udfeb In\u0161titut za ustvarjalnost in inovacije, Univerza Xiamen<br \/>\n\ud83d\uddd3 petek, 6. junij | \ud83d\udd54 17.00 | \ud83d\udccc Galerija TamTam Figovec<\/p>\n<p>\ud83c\udd93 Vstop na vse razstave je prost.<\/p>\n<p><img class=\"alignnone size-large wp-image-37834\" src=\"https:\/\/www.ntf.uni-lj.si\/igt\/wp-content\/uploads\/sites\/8\/2025\/05\/EDA-student-exhibitions-819x1024.png\" alt=\"\" width=\"100%\" srcset=\"https:\/\/www.ntf.uni-lj.si\/igt\/wp-content\/uploads\/sites\/8\/2025\/05\/EDA-student-exhibitions-819x1024.png 819w, https:\/\/www.ntf.uni-lj.si\/igt\/wp-content\/uploads\/sites\/8\/2025\/05\/EDA-student-exhibitions-240x300.png 240w, https:\/\/www.ntf.uni-lj.si\/igt\/wp-content\/uploads\/sites\/8\/2025\/05\/EDA-student-exhibitions-768x960.png 768w, https:\/\/www.ntf.uni-lj.si\/igt\/wp-content\/uploads\/sites\/8\/2025\/05\/EDA-student-exhibitions.png 1080w\" sizes=\"(max-width: 819px) 100vw, 819px\" \/><\/p>\n<p>&nbsp;<\/p>\n<p><b><span data-contrast=\"auto\">Mentorji in avtorji razstave: <\/span><\/b><span data-contrast=\"auto\">prof. dr. Klementina Mo\u017eina, izr. prof. dr. Jure Ahtik, izr. prof. dr. Ur\u0161ka Vrabi\u010d Brodnjak, doc. Primo\u017e Fijav\u017e, asist. dr. Gregor Franken, asist. dr. Tanja Medved, asist. Veronika \u0160tampfl (vsi UL NTF), Matija Kocbek, Gregor Poga\u010dnik (oba Reformatic Studio), Barbara Podlogar (Pristop), Peter Zabret (Internavti)<\/span><span data-ccp-props=\"{}\">\u00a0<\/span><\/p>\n<p><b><span data-contrast=\"auto\">Grafi\u010dni oblikovalec in tehni\u010dni urednik: <\/span><\/b><span data-contrast=\"auto\">asist. dr. Gregor Franken<\/span><span data-ccp-props=\"{}\">\u00a0<\/span><\/p>\n<p><b><span data-contrast=\"auto\">Oblikovanje razstave:<\/span><\/b><span data-contrast=\"auto\"> izr. prof. dr. Jure Ahtik (postavitev), doc. Primo\u017e Fijav\u017e (ekscentri\u010dni projekti), asist. dr. Tanja Medved (Anton Codelli), asist. Veronika \u0160tampfl (Prehodi), Tija \u0160adl Praprotnik (Po\u0161tne znamke), asist. dr. Gregor Franken (Ekscentri\u010dni dizajn embala\u017e), izr. prof. dr. Ur\u0161ka Vrabi\u010d Brodnjak (Ekscentri\u010dni dizajn embala\u017e)<\/span><span data-ccp-props=\"{&quot;134233117&quot;:false,&quot;134233118&quot;:false,&quot;201341983&quot;:0,&quot;335551550&quot;:1,&quot;335551620&quot;:1,&quot;335559685&quot;:0,&quot;335559737&quot;:0,&quot;335559738&quot;:0,&quot;335559739&quot;:160,&quot;335559740&quot;:278}\">\u00a0<\/span><\/p>\n<p><b><span data-contrast=\"auto\">Postavitev razstave:<\/span><\/b><span data-contrast=\"auto\"> asist. dr. Gregor Franken, asist. Ana Mendizza, Jon Brce, Ga\u0161per Mesojedec<\/span><span data-ccp-props=\"{}\">\u00a0<\/span><\/p>\n<p><span data-ccp-props=\"{}\">\u00a0<\/span><\/p>\n<p><b><span data-contrast=\"auto\">Avtorji razstavljenih del:<\/span><\/b><span data-ccp-props=\"{}\">\u00a0<\/span><\/p>\n<p><b><span data-contrast=\"auto\">Anton Codelli:<\/span><\/b> <span data-contrast=\"auto\">Luka Bedina, Lara Bezlaj, Sa\u0161a Bleiweis, Manca Blatnik, Monika Bartol, Nina Ba\u0161elj, Nu\u0161a Ceglar, Mila \u0106irkovi\u0107, Barbara Ekart, Delfina Fileva, Tara Gemma Stepanovi\u010d, David Jarc, Monika Jakimova, Ana Kitanoska, Anika Kocman, Lana Kastelic, Lucija Kramar, Ma\u0161a Kralji\u010d, Naja Krajn\u010di\u010d, Liza Krhin, Marko Morales Kalamar, Klara Martin\u0161ek, Gordana Milivojevi\u0107, \u017dak O\u0161lak, Klemen Olenik, Katja Premru, Lucija Pust, Tina Razpotnik, Kaja Rihar, Alja Rutar, Rok Svet (v okviru predmetov Studijska fotografija, Tipografija v razli\u010dnih medijih in Tipografsko na\u010drtovanje, 2. letnik GMT in 3. letnik GIK)<\/span><b><span data-contrast=\"auto\">\u00a0<\/span><\/b><span data-ccp-props=\"{}\">\u00a0<\/span><\/p>\n<p><b><span data-contrast=\"auto\">Ekscentri\u010dni dizajn embala\u017e:<\/span><\/b><span data-contrast=\"auto\">\u00a0 Tinkara Bajri\u010d, Klara Blatnik, Ana Dular, Barbara Ekart, Tja\u0161a Gu\u0161tin, Naja Ra\u017eem, Ian Vedernjak, Monika Zabev (v okviru predmeta Oblikovanje embala\u017ee; 3. letnik GIK in 3. letnik GMT)<\/span><span data-ccp-props=\"{}\">\u00a0<\/span><\/p>\n<p><b><span data-contrast=\"auto\">Ekscentri\u010dni projekti:<\/span><\/b><span data-contrast=\"auto\">\u00a0 Delfina Fileva, Zala Jagodic (v okviru predmeta Oblikovanje informacij, 2. letnik GIK), Jure Jelenc, Miha Zorko (v okviru predmeta Na\u010drtovanje pisav, 3. letnik GIK), Judita Kociper, Elena Koradin, Sandi Selan, Nina Guli\u010d, Nu\u0161a Javornik, Ivana Pika Schlegl, Laura Zalar, Mi\u0161a Margu\u010d Jensterle, Sara Sel\u0161ek, Zala \u0160kodnik, Tina Taler, Teja Medve\u0161\u010dek, Lea Ko\u010devar, Sandra Grlj, Lovro Frece (v okviru predmeta Integracija oblikovanja in tehnologije, 1. letnik GIKM)<\/span><span data-ccp-props=\"{}\">\u00a0<\/span><\/p>\n<p><b><span data-contrast=\"auto\">Po\u0161tne znamke:<\/span><\/b><span data-contrast=\"auto\"> Gracija \u010cepi\u010d, Ur\u0161a Jure\u010di\u010d, Lina Peharc, Tija \u0160adl Praprotnik, Lovro Rebi\u0107, Marko \u0160i\u0161kovi\u010d, Manca \u017ditnik (v okviru predmeta Vizualizacija informacij, 2. letnik GIKM)<\/span><span data-ccp-props=\"{}\">\u00a0<\/span><\/p>\n<p><b><span data-contrast=\"auto\">Prehodi:<\/span><\/b> <span data-contrast=\"auto\">Tinkara Bajri\u010d, Tara Baumgarten, Lara Bezlaj, Klara Manca \u010can\u017eek, Kaja Dove\u010dar, Vojin <\/span><span data-contrast=\"auto\">\u0110<\/span><span data-contrast=\"auto\">or\u0111evi\u0107, Barbara Ekart, Delfina Fileva, Tia Flisar, Meta Frelih, Jakob Grm, Tja\u0161a Gu\u0161tin, Zala Jagodic, Eva Jankulovska, Laura Jugovac, Marko Morales Kalamar, Lana Kastelic, Naja Krajn\u010di\u010d, Nejc Kregar, Anita Kristan, Brita Mandelj, Klara Martin\u0161ek, Rina Petri\u010devi\u010d, Tina Razpotnik, Sara Rupnik, Alja Rutar, Anja Sarjanovi\u0107, Lara Skubic, Nina Starman Gomba\u010d, Ian Vedernjak, Jon Vitezi\u010d, Laura Vite\u017enik, Anika \u017divec, Marcel \u017dgajnar (v okviru predmeta Medijske vizualizacije, 3. letnik GIK in 3. letnik GMT)<\/span><span data-ccp-props=\"{}\">\u00a0<\/span><\/p>\n<p><span data-ccp-props=\"{}\">\u00a0<\/span><\/p>\n<p><i><span data-contrast=\"auto\">Razstava je nastala v sodelovanju med Naravoslovnotehni\u0161ko fakulteto Univerze v Ljubljani in Fundacijo Brumen ter je del programa European Design Festival 2025.<\/span><\/i><span data-ccp-props=\"{}\">\u00a0<\/span><\/p>\n<\/div>\n","protected":false},"excerpt":{"rendered":"\u0160tudentje Katedre za informacijsko in grafi\u010dno tehnologijo Naravoslovnotehni\u0161ke fakultete na povabilo Fundacije Brumen sodelujejo\u00a0z razstavo\u00a0\u00a0na\u00a0European Design Festival 2025, ki se bo tokrat odvil v Ljubljani.\u00a0 ExCentric Design, drzna razstava \u0161tudentk in \u0161tudentov \u0161tirih \u0161ol, raziskuje osebno izra\u017eanje, nekonvencionalne poglede in kriti\u010dno oblikovanje zunaj tr\u017enih norm. Od analognega do digitalnega, od pri\u010dakovanega do ekscentri\u010dnega, to je &#8230; <a class=\"view-article\" href=\"https:\/\/www.ntf.uni-lj.si\/igt\/news\/ntf-na-european-design-festival-2025\/\">Read more<\/a>","protected":false},"author":22,"featured_media":37834,"template":"","categories":[],"acf":[],"yoast_head":"<!-- This site is optimized with the Yoast SEO plugin v17.0 - https:\/\/yoast.com\/wordpress\/plugins\/seo\/ -->\n<meta name=\"description\" content=\"\u0160tudentje Katedre za informacijsko in grafi\u010dno tehnologijo Naravoslovnotehni\u0161ke fakultete na povabilo Fundacije Brumen sodelujejo\u00a0z razstavo\u00a0\u00a0na\u00a0European\" \/>\n<meta name=\"robots\" content=\"index, follow, max-snippet:-1, max-image-preview:large, max-video-preview:-1\" \/>\n<link rel=\"canonical\" href=\"https:\/\/www.ntf.uni-lj.si\/igt\/news\/ntf-na-european-design-festival-2025\/\" \/>\n<meta property=\"og:locale\" content=\"en_US\" \/>\n<meta property=\"og:type\" content=\"article\" \/>\n<meta property=\"og:title\" content=\"NTF na European Design Festival 2025 - IGT\" \/>\n<meta property=\"og:description\" content=\"\u0160tudentje Katedre za informacijsko in grafi\u010dno tehnologijo Naravoslovnotehni\u0161ke fakultete na povabilo Fundacije Brumen sodelujejo\u00a0z razstavo\u00a0\u00a0na\u00a0European\" \/>\n<meta property=\"og:url\" content=\"https:\/\/www.ntf.uni-lj.si\/igt\/news\/ntf-na-european-design-festival-2025\/\" \/>\n<meta property=\"og:site_name\" content=\"IGT\" \/>\n<meta property=\"article:modified_time\" content=\"2025-07-23T06:49:59+00:00\" \/>\n<meta property=\"og:image\" content=\"https:\/\/www.ntf.uni-lj.si\/igt\/wp-content\/uploads\/sites\/8\/2025\/05\/EDA-student-exhibitions.png\" \/>\n\t<meta property=\"og:image:width\" content=\"1080\" \/>\n\t<meta property=\"og:image:height\" content=\"1350\" \/>\n<meta name=\"twitter:label1\" content=\"Est. reading time\" \/>\n\t<meta name=\"twitter:data1\" content=\"3 minutes\" \/>\n<script type=\"application\/ld+json\" class=\"yoast-schema-graph\">{\"@context\":\"https:\/\/schema.org\",\"@graph\":[{\"@type\":\"WebSite\",\"@id\":\"https:\/\/www.ntf.uni-lj.si\/igt\/#website\",\"url\":\"https:\/\/www.ntf.uni-lj.si\/igt\/\",\"name\":\"IGT\",\"description\":\"Katedra za informacijsko in grafi\\u010dno tehnologijo\",\"potentialAction\":[{\"@type\":\"SearchAction\",\"target\":{\"@type\":\"EntryPoint\",\"urlTemplate\":\"https:\/\/www.ntf.uni-lj.si\/igt\/?s={search_term_string}\"},\"query-input\":\"required name=search_term_string\"}],\"inLanguage\":\"en-US\"},{\"@type\":\"ImageObject\",\"@id\":\"https:\/\/www.ntf.uni-lj.si\/igt\/news\/ntf-na-european-design-festival-2025\/#primaryimage\",\"inLanguage\":\"en-US\",\"url\":\"https:\/\/www.ntf.uni-lj.si\/igt\/wp-content\/uploads\/sites\/8\/2025\/05\/EDA-student-exhibitions.png\",\"contentUrl\":\"https:\/\/www.ntf.uni-lj.si\/igt\/wp-content\/uploads\/sites\/8\/2025\/05\/EDA-student-exhibitions.png\",\"width\":1080,\"height\":1350},{\"@type\":\"WebPage\",\"@id\":\"https:\/\/www.ntf.uni-lj.si\/igt\/news\/ntf-na-european-design-festival-2025\/#webpage\",\"url\":\"https:\/\/www.ntf.uni-lj.si\/igt\/news\/ntf-na-european-design-festival-2025\/\",\"name\":\"NTF na European Design Festival 2025 - IGT\",\"isPartOf\":{\"@id\":\"https:\/\/www.ntf.uni-lj.si\/igt\/#website\"},\"primaryImageOfPage\":{\"@id\":\"https:\/\/www.ntf.uni-lj.si\/igt\/news\/ntf-na-european-design-festival-2025\/#primaryimage\"},\"datePublished\":\"2025-05-30T09:22:47+00:00\",\"dateModified\":\"2025-07-23T06:49:59+00:00\",\"description\":\"\\u0160tudentje Katedre za informacijsko in grafi\\u010dno tehnologijo Naravoslovnotehni\\u0161ke fakultete na povabilo Fundacije Brumen sodelujejo\\u00a0z razstavo\\u00a0\\u00a0na\\u00a0European\",\"breadcrumb\":{\"@id\":\"https:\/\/www.ntf.uni-lj.si\/igt\/news\/ntf-na-european-design-festival-2025\/#breadcrumb\"},\"inLanguage\":\"en-US\",\"potentialAction\":[{\"@type\":\"ReadAction\",\"target\":[\"https:\/\/www.ntf.uni-lj.si\/igt\/news\/ntf-na-european-design-festival-2025\/\"]}]},{\"@type\":\"BreadcrumbList\",\"@id\":\"https:\/\/www.ntf.uni-lj.si\/igt\/news\/ntf-na-european-design-festival-2025\/#breadcrumb\",\"itemListElement\":[{\"@type\":\"ListItem\",\"position\":1,\"name\":\"Home\",\"item\":\"https:\/\/www.ntf.uni-lj.si\/igt\/\"},{\"@type\":\"ListItem\",\"position\":2,\"name\":\"News\",\"item\":\"https:\/\/www.ntf.uni-lj.si\/igt\/en\/news\/\"},{\"@type\":\"ListItem\",\"position\":3,\"name\":\"NTF na European Design Festival 2025\"}]}]}<\/script>\n<!-- \/ Yoast SEO plugin. -->","yoast_head_json":{"description":"\u0160tudentje Katedre za informacijsko in grafi\u010dno tehnologijo Naravoslovnotehni\u0161ke fakultete na povabilo Fundacije Brumen sodelujejo\u00a0z razstavo\u00a0\u00a0na\u00a0European","robots":{"index":"index","follow":"follow","max-snippet":"max-snippet:-1","max-image-preview":"max-image-preview:large","max-video-preview":"max-video-preview:-1"},"canonical":"https:\/\/www.ntf.uni-lj.si\/igt\/news\/ntf-na-european-design-festival-2025\/","og_locale":"en_US","og_type":"article","og_title":"NTF na European Design Festival 2025 - IGT","og_description":"\u0160tudentje Katedre za informacijsko in grafi\u010dno tehnologijo Naravoslovnotehni\u0161ke fakultete na povabilo Fundacije Brumen sodelujejo\u00a0z razstavo\u00a0\u00a0na\u00a0European","og_url":"https:\/\/www.ntf.uni-lj.si\/igt\/news\/ntf-na-european-design-festival-2025\/","og_site_name":"IGT","article_modified_time":"2025-07-23T06:49:59+00:00","og_image":[{"width":1080,"height":1350,"url":"https:\/\/www.ntf.uni-lj.si\/igt\/wp-content\/uploads\/sites\/8\/2025\/05\/EDA-student-exhibitions.png","path":"\/web\/html\/ntf\/public_html\/wp-content\/uploads\/sites\/8\/2025\/05\/EDA-student-exhibitions.png","size":"full","id":37834,"alt":"","pixels":1458000,"type":"image\/png"}],"twitter_misc":{"Est. reading time":"3 minutes"},"schema":{"@context":"https:\/\/schema.org","@graph":[{"@type":"WebSite","@id":"https:\/\/www.ntf.uni-lj.si\/igt\/#website","url":"https:\/\/www.ntf.uni-lj.si\/igt\/","name":"IGT","description":"Katedra za informacijsko in grafi\u010dno tehnologijo","potentialAction":[{"@type":"SearchAction","target":{"@type":"EntryPoint","urlTemplate":"https:\/\/www.ntf.uni-lj.si\/igt\/?s={search_term_string}"},"query-input":"required name=search_term_string"}],"inLanguage":"en-US"},{"@type":"ImageObject","@id":"https:\/\/www.ntf.uni-lj.si\/igt\/news\/ntf-na-european-design-festival-2025\/#primaryimage","inLanguage":"en-US","url":"https:\/\/www.ntf.uni-lj.si\/igt\/wp-content\/uploads\/sites\/8\/2025\/05\/EDA-student-exhibitions.png","contentUrl":"https:\/\/www.ntf.uni-lj.si\/igt\/wp-content\/uploads\/sites\/8\/2025\/05\/EDA-student-exhibitions.png","width":1080,"height":1350},{"@type":"WebPage","@id":"https:\/\/www.ntf.uni-lj.si\/igt\/news\/ntf-na-european-design-festival-2025\/#webpage","url":"https:\/\/www.ntf.uni-lj.si\/igt\/news\/ntf-na-european-design-festival-2025\/","name":"NTF na European Design Festival 2025 - IGT","isPartOf":{"@id":"https:\/\/www.ntf.uni-lj.si\/igt\/#website"},"primaryImageOfPage":{"@id":"https:\/\/www.ntf.uni-lj.si\/igt\/news\/ntf-na-european-design-festival-2025\/#primaryimage"},"datePublished":"2025-05-30T09:22:47+00:00","dateModified":"2025-07-23T06:49:59+00:00","description":"\u0160tudentje Katedre za informacijsko in grafi\u010dno tehnologijo Naravoslovnotehni\u0161ke fakultete na povabilo Fundacije Brumen sodelujejo\u00a0z razstavo\u00a0\u00a0na\u00a0European","breadcrumb":{"@id":"https:\/\/www.ntf.uni-lj.si\/igt\/news\/ntf-na-european-design-festival-2025\/#breadcrumb"},"inLanguage":"en-US","potentialAction":[{"@type":"ReadAction","target":["https:\/\/www.ntf.uni-lj.si\/igt\/news\/ntf-na-european-design-festival-2025\/"]}]},{"@type":"BreadcrumbList","@id":"https:\/\/www.ntf.uni-lj.si\/igt\/news\/ntf-na-european-design-festival-2025\/#breadcrumb","itemListElement":[{"@type":"ListItem","position":1,"name":"Home","item":"https:\/\/www.ntf.uni-lj.si\/igt\/"},{"@type":"ListItem","position":2,"name":"News","item":"https:\/\/www.ntf.uni-lj.si\/igt\/en\/news\/"},{"@type":"ListItem","position":3,"name":"NTF na European Design Festival 2025"}]}]}},"_links":{"self":[{"href":"https:\/\/www.ntf.uni-lj.si\/igt\/wp-json\/wp\/v2\/news\/37833"}],"collection":[{"href":"https:\/\/www.ntf.uni-lj.si\/igt\/wp-json\/wp\/v2\/news"}],"about":[{"href":"https:\/\/www.ntf.uni-lj.si\/igt\/wp-json\/wp\/v2\/types\/news"}],"author":[{"embeddable":true,"href":"https:\/\/www.ntf.uni-lj.si\/igt\/wp-json\/wp\/v2\/users\/22"}],"version-history":[{"count":3,"href":"https:\/\/www.ntf.uni-lj.si\/igt\/wp-json\/wp\/v2\/news\/37833\/revisions"}],"predecessor-version":[{"id":37991,"href":"https:\/\/www.ntf.uni-lj.si\/igt\/wp-json\/wp\/v2\/news\/37833\/revisions\/37991"}],"wp:featuredmedia":[{"embeddable":true,"href":"https:\/\/www.ntf.uni-lj.si\/igt\/wp-json\/wp\/v2\/media\/37834"}],"wp:attachment":[{"href":"https:\/\/www.ntf.uni-lj.si\/igt\/wp-json\/wp\/v2\/media?parent=37833"}],"wp:term":[{"taxonomy":"category","embeddable":true,"href":"https:\/\/www.ntf.uni-lj.si\/igt\/wp-json\/wp\/v2\/categories?post=37833"}],"curies":[{"name":"wp","href":"https:\/\/api.w.org\/{rel}","templated":true}]}}