{"id":16793,"date":"2020-11-30T15:25:45","date_gmt":"2020-11-30T14:25:45","guid":{"rendered":"http:\/\/www.ntf.uni-lj.si\/ntf\/?post_type=news&#038;p=16793"},"modified":"2020-11-30T15:30:31","modified_gmt":"2020-11-30T14:30:31","slug":"teden-univerze","status":"publish","type":"news","link":"https:\/\/www.ntf.uni-lj.si\/ntf\/news\/teden-univerze\/","title":{"rendered":"Za\u010del se je Teden Univerze v Ljubljani"},"content":{"rendered":"<p>Z dana\u0161njim dnem se za\u010denja <strong>Teden Univerze v Ljubljani<\/strong>, ki ga vsako leto obele\u017eujemo na za\u010detku decembra, ko najstarej\u0161a in najve\u010dja univerza v Sloveniji praznuje rojstni dan &#8211; v letu 2020 \u017ee stoprvega.\u00a0Letos\u00a0 se\u00a0 bo zaradi vsem znanih ukrepov, najodli\u010dnej\u0161e raziskovalne dose\u017eke, prejemnice in prejemnike \u010dastnih nazivov, plaket, nagrad, listin in priznanj s ponosom predstavilo na posebni spletni strani\u00a0<a class=\"URL\" title=\"www.uni-lj.si\/tedenuniverze\" href=\"http:\/\/www.uni-lj.si\/tedenuniverze\" target=\"_blank\" rel=\"noopener noreferrer\">www.uni-lj.si\/tedenuniverze<\/a>.<\/p>\n<p>Med nagrajenci so tudi zaposleni iz na\u0161e fakulteti.<\/p>\n<p>\u010cestitamo<strong> prof. \u0160mucu<\/strong> in <strong>prof. Dolencu<\/strong> za prispevek, ki je bil izbran med najodli\u010dnej\u0161e raziskovalne dose\u017eke:\u00a0<strong>6600 let klimatskega in \u010dlove\u0161kega vpliva na okolico Bohinjskega jezera.<\/strong><\/p>\n<p>Naziv zaslu\u017enega profesorja je letos prejel tudi <strong>prof. Darko Slavec<\/strong>.<\/p>\n<p>Priznanje strokovnim sodelavcem pa so prejeli <strong>Marko Er\u017een<\/strong>, <strong>Nata\u0161a Hrupi\u0107<\/strong> in\u00a0 <strong>Halima Sedi\u0107<\/strong>.<\/p>\n<p><strong>\u010cestitamo.<\/strong><\/p>\n","protected":false},"excerpt":{"rendered":"Z dana\u0161njim dnem se za\u010denja Teden Univerze v Ljubljani, ki ga vsako leto obele\u017eujemo na za\u010detku decembra, ko najstarej\u0161a in najve\u010dja univerza v Sloveniji praznuje rojstni dan &#8211; v letu 2020 \u017ee stoprvega.\u00a0Letos\u00a0 se\u00a0 bo zaradi vsem znanih ukrepov, najodli\u010dnej\u0161e raziskovalne dose\u017eke, prejemnice in prejemnike \u010dastnih nazivov, plaket, nagrad, listin in priznanj s ponosom predstavilo &#8230; <a class=\"view-article\" href=\"https:\/\/www.ntf.uni-lj.si\/ntf\/news\/teden-univerze\/\">Read more<\/a>","protected":false},"author":171,"featured_media":0,"template":"","categories":[],"acf":[],"yoast_head":"<!-- This site is optimized with the Yoast SEO plugin v17.0 - https:\/\/yoast.com\/wordpress\/plugins\/seo\/ -->\n<meta name=\"robots\" content=\"index, follow, max-snippet:-1, max-image-preview:large, max-video-preview:-1\" \/>\n<link rel=\"canonical\" href=\"https:\/\/www.ntf.uni-lj.si\/ntf\/news\/teden-univerze\/\" \/>\n<meta property=\"og:locale\" content=\"en_US\" \/>\n<meta property=\"og:type\" content=\"article\" \/>\n<meta property=\"og:title\" content=\"Za\u010del se je Teden Univerze v Ljubljani - NTF\" \/>\n<meta property=\"og:description\" content=\"Z dana\u0161njim dnem se za\u010denja Teden Univerze v Ljubljani, ki ga vsako leto obele\u017eujemo na za\u010detku decembra, ko najstarej\u0161a in najve\u010dja univerza v Sloveniji praznuje rojstni dan &#8211; v letu 2020 \u017ee stoprvega.\u00a0Letos\u00a0 se\u00a0 bo zaradi vsem znanih ukrepov, najodli\u010dnej\u0161e raziskovalne dose\u017eke, prejemnice in prejemnike \u010dastnih nazivov, plaket, nagrad, listin in priznanj s ponosom predstavilo ... Read more\" \/>\n<meta property=\"og:url\" content=\"https:\/\/www.ntf.uni-lj.si\/ntf\/news\/teden-univerze\/\" \/>\n<meta property=\"og:site_name\" content=\"NTF\" \/>\n<meta property=\"article:modified_time\" content=\"2020-11-30T14:30:31+00:00\" \/>\n<meta name=\"twitter:label1\" content=\"Est. reading time\" \/>\n\t<meta name=\"twitter:data1\" content=\"1 minute\" \/>\n<script type=\"application\/ld+json\" class=\"yoast-schema-graph\">{\"@context\":\"https:\/\/schema.org\",\"@graph\":[{\"@type\":\"WebSite\",\"@id\":\"https:\/\/www.ntf.uni-lj.si\/ntf\/#website\",\"url\":\"https:\/\/www.ntf.uni-lj.si\/ntf\/\",\"name\":\"NTF\",\"description\":\"Naravoslovnotehni\\u0161ka fakulteta\",\"potentialAction\":[{\"@type\":\"SearchAction\",\"target\":{\"@type\":\"EntryPoint\",\"urlTemplate\":\"https:\/\/www.ntf.uni-lj.si\/ntf\/?s={search_term_string}\"},\"query-input\":\"required name=search_term_string\"}],\"inLanguage\":\"en-US\"},{\"@type\":\"WebPage\",\"@id\":\"https:\/\/www.ntf.uni-lj.si\/ntf\/news\/teden-univerze\/#webpage\",\"url\":\"https:\/\/www.ntf.uni-lj.si\/ntf\/news\/teden-univerze\/\",\"name\":\"Za\\u010del se je Teden Univerze v Ljubljani - NTF\",\"isPartOf\":{\"@id\":\"https:\/\/www.ntf.uni-lj.si\/ntf\/#website\"},\"datePublished\":\"2020-11-30T14:25:45+00:00\",\"dateModified\":\"2020-11-30T14:30:31+00:00\",\"breadcrumb\":{\"@id\":\"https:\/\/www.ntf.uni-lj.si\/ntf\/news\/teden-univerze\/#breadcrumb\"},\"inLanguage\":\"en-US\",\"potentialAction\":[{\"@type\":\"ReadAction\",\"target\":[\"https:\/\/www.ntf.uni-lj.si\/ntf\/news\/teden-univerze\/\"]}]},{\"@type\":\"BreadcrumbList\",\"@id\":\"https:\/\/www.ntf.uni-lj.si\/ntf\/news\/teden-univerze\/#breadcrumb\",\"itemListElement\":[{\"@type\":\"ListItem\",\"position\":1,\"name\":\"Domov\",\"item\":\"https:\/\/www.ntf.uni-lj.si\/ntf\/\"},{\"@type\":\"ListItem\",\"position\":2,\"name\":\"Novice\",\"item\":\"https:\/\/www.ntf.uni-lj.si\/ntf\/news\/\"},{\"@type\":\"ListItem\",\"position\":3,\"name\":\"Za\\u010del se je Teden Univerze v Ljubljani\"}]}]}<\/script>\n<!-- \/ Yoast SEO plugin. -->","yoast_head_json":{"robots":{"index":"index","follow":"follow","max-snippet":"max-snippet:-1","max-image-preview":"max-image-preview:large","max-video-preview":"max-video-preview:-1"},"canonical":"https:\/\/www.ntf.uni-lj.si\/ntf\/news\/teden-univerze\/","og_locale":"en_US","og_type":"article","og_title":"Za\u010del se je Teden Univerze v Ljubljani - NTF","og_description":"Z dana\u0161njim dnem se za\u010denja Teden Univerze v Ljubljani, ki ga vsako leto obele\u017eujemo na za\u010detku decembra, ko najstarej\u0161a in najve\u010dja univerza v Sloveniji praznuje rojstni dan &#8211; v letu 2020 \u017ee stoprvega.\u00a0Letos\u00a0 se\u00a0 bo zaradi vsem znanih ukrepov, najodli\u010dnej\u0161e raziskovalne dose\u017eke, prejemnice in prejemnike \u010dastnih nazivov, plaket, nagrad, listin in priznanj s ponosom predstavilo ... Read more","og_url":"https:\/\/www.ntf.uni-lj.si\/ntf\/news\/teden-univerze\/","og_site_name":"NTF","article_modified_time":"2020-11-30T14:30:31+00:00","twitter_misc":{"Est. reading time":"1 minute"},"schema":{"@context":"https:\/\/schema.org","@graph":[{"@type":"WebSite","@id":"https:\/\/www.ntf.uni-lj.si\/ntf\/#website","url":"https:\/\/www.ntf.uni-lj.si\/ntf\/","name":"NTF","description":"Naravoslovnotehni\u0161ka fakulteta","potentialAction":[{"@type":"SearchAction","target":{"@type":"EntryPoint","urlTemplate":"https:\/\/www.ntf.uni-lj.si\/ntf\/?s={search_term_string}"},"query-input":"required name=search_term_string"}],"inLanguage":"en-US"},{"@type":"WebPage","@id":"https:\/\/www.ntf.uni-lj.si\/ntf\/news\/teden-univerze\/#webpage","url":"https:\/\/www.ntf.uni-lj.si\/ntf\/news\/teden-univerze\/","name":"Za\u010del se je Teden Univerze v Ljubljani - NTF","isPartOf":{"@id":"https:\/\/www.ntf.uni-lj.si\/ntf\/#website"},"datePublished":"2020-11-30T14:25:45+00:00","dateModified":"2020-11-30T14:30:31+00:00","breadcrumb":{"@id":"https:\/\/www.ntf.uni-lj.si\/ntf\/news\/teden-univerze\/#breadcrumb"},"inLanguage":"en-US","potentialAction":[{"@type":"ReadAction","target":["https:\/\/www.ntf.uni-lj.si\/ntf\/news\/teden-univerze\/"]}]},{"@type":"BreadcrumbList","@id":"https:\/\/www.ntf.uni-lj.si\/ntf\/news\/teden-univerze\/#breadcrumb","itemListElement":[{"@type":"ListItem","position":1,"name":"Domov","item":"https:\/\/www.ntf.uni-lj.si\/ntf\/"},{"@type":"ListItem","position":2,"name":"Novice","item":"https:\/\/www.ntf.uni-lj.si\/ntf\/news\/"},{"@type":"ListItem","position":3,"name":"Za\u010del se je Teden Univerze v Ljubljani"}]}]}},"_links":{"self":[{"href":"https:\/\/www.ntf.uni-lj.si\/ntf\/wp-json\/wp\/v2\/news\/16793"}],"collection":[{"href":"https:\/\/www.ntf.uni-lj.si\/ntf\/wp-json\/wp\/v2\/news"}],"about":[{"href":"https:\/\/www.ntf.uni-lj.si\/ntf\/wp-json\/wp\/v2\/types\/news"}],"author":[{"embeddable":true,"href":"https:\/\/www.ntf.uni-lj.si\/ntf\/wp-json\/wp\/v2\/users\/171"}],"version-history":[{"count":3,"href":"https:\/\/www.ntf.uni-lj.si\/ntf\/wp-json\/wp\/v2\/news\/16793\/revisions"}],"predecessor-version":[{"id":16796,"href":"https:\/\/www.ntf.uni-lj.si\/ntf\/wp-json\/wp\/v2\/news\/16793\/revisions\/16796"}],"wp:attachment":[{"href":"https:\/\/www.ntf.uni-lj.si\/ntf\/wp-json\/wp\/v2\/media?parent=16793"}],"wp:term":[{"taxonomy":"category","embeddable":true,"href":"https:\/\/www.ntf.uni-lj.si\/ntf\/wp-json\/wp\/v2\/categories?post=16793"}],"curies":[{"name":"wp","href":"https:\/\/api.w.org\/{rel}","templated":true}]}}