{"id":17157,"date":"2021-01-22T14:35:10","date_gmt":"2021-01-22T13:35:10","guid":{"rendered":"http:\/\/www.ntf.uni-lj.si\/ntf\/?post_type=news&#038;p=17157"},"modified":"2021-01-22T14:35:10","modified_gmt":"2021-01-22T13:35:10","slug":"tecaj-nemskega-jezika-na-bavarskem","status":"publish","type":"news","link":"https:\/\/www.ntf.uni-lj.si\/ntf\/news\/tecaj-nemskega-jezika-na-bavarskem\/","title":{"rendered":"Te\u010daj nem\u0161kega jezika na Bavarskem"},"content":{"rendered":"<p>V prilo\u017eeni datoteki je objavljen razpis za prijavo na te\u010daj nem\u0161kega jezika na Bavarskem.<\/p>\n<p>Rok za prijavo je 23. marec (rok prejema dokumentacije). Prijavijo se lahko \u0161tudenti od drugega letnika dodiplomskega \u0161tudija naprej.<\/p>\n","protected":false},"excerpt":{"rendered":"V prilo\u017eeni datoteki je objavljen razpis za prijavo na te\u010daj nem\u0161kega jezika na Bavarskem. Rok za prijavo je 23. marec (rok prejema dokumentacije). Prijavijo se lahko \u0161tudenti od drugega letnika dodiplomskega \u0161tudija naprej.","protected":false},"author":33,"featured_media":0,"template":"","categories":[],"acf":[],"yoast_head":"<!-- This site is optimized with the Yoast SEO plugin v17.0 - https:\/\/yoast.com\/wordpress\/plugins\/seo\/ -->\n<meta name=\"robots\" content=\"index, follow, max-snippet:-1, max-image-preview:large, max-video-preview:-1\" \/>\n<link rel=\"canonical\" href=\"https:\/\/www.ntf.uni-lj.si\/ntf\/news\/tecaj-nemskega-jezika-na-bavarskem\/\" \/>\n<meta property=\"og:locale\" content=\"en_US\" \/>\n<meta property=\"og:type\" content=\"article\" \/>\n<meta property=\"og:title\" content=\"Te\u010daj nem\u0161kega jezika na Bavarskem - NTF\" \/>\n<meta property=\"og:description\" content=\"V prilo\u017eeni datoteki je objavljen razpis za prijavo na te\u010daj nem\u0161kega jezika na Bavarskem. Rok za prijavo je 23. marec (rok prejema dokumentacije). Prijavijo se lahko \u0161tudenti od drugega letnika dodiplomskega \u0161tudija naprej.\" \/>\n<meta property=\"og:url\" content=\"https:\/\/www.ntf.uni-lj.si\/ntf\/news\/tecaj-nemskega-jezika-na-bavarskem\/\" \/>\n<meta property=\"og:site_name\" content=\"NTF\" \/>\n<script type=\"application\/ld+json\" class=\"yoast-schema-graph\">{\"@context\":\"https:\/\/schema.org\",\"@graph\":[{\"@type\":\"WebSite\",\"@id\":\"https:\/\/www.ntf.uni-lj.si\/ntf\/#website\",\"url\":\"https:\/\/www.ntf.uni-lj.si\/ntf\/\",\"name\":\"NTF\",\"description\":\"Naravoslovnotehni\\u0161ka fakulteta\",\"potentialAction\":[{\"@type\":\"SearchAction\",\"target\":{\"@type\":\"EntryPoint\",\"urlTemplate\":\"https:\/\/www.ntf.uni-lj.si\/ntf\/?s={search_term_string}\"},\"query-input\":\"required name=search_term_string\"}],\"inLanguage\":\"en-US\"},{\"@type\":\"WebPage\",\"@id\":\"https:\/\/www.ntf.uni-lj.si\/ntf\/news\/tecaj-nemskega-jezika-na-bavarskem\/#webpage\",\"url\":\"https:\/\/www.ntf.uni-lj.si\/ntf\/news\/tecaj-nemskega-jezika-na-bavarskem\/\",\"name\":\"Te\\u010daj nem\\u0161kega jezika na Bavarskem - NTF\",\"isPartOf\":{\"@id\":\"https:\/\/www.ntf.uni-lj.si\/ntf\/#website\"},\"datePublished\":\"2021-01-22T13:35:10+00:00\",\"dateModified\":\"2021-01-22T13:35:10+00:00\",\"breadcrumb\":{\"@id\":\"https:\/\/www.ntf.uni-lj.si\/ntf\/news\/tecaj-nemskega-jezika-na-bavarskem\/#breadcrumb\"},\"inLanguage\":\"en-US\",\"potentialAction\":[{\"@type\":\"ReadAction\",\"target\":[\"https:\/\/www.ntf.uni-lj.si\/ntf\/news\/tecaj-nemskega-jezika-na-bavarskem\/\"]}]},{\"@type\":\"BreadcrumbList\",\"@id\":\"https:\/\/www.ntf.uni-lj.si\/ntf\/news\/tecaj-nemskega-jezika-na-bavarskem\/#breadcrumb\",\"itemListElement\":[{\"@type\":\"ListItem\",\"position\":1,\"name\":\"Domov\",\"item\":\"https:\/\/www.ntf.uni-lj.si\/ntf\/\"},{\"@type\":\"ListItem\",\"position\":2,\"name\":\"Novice\",\"item\":\"https:\/\/www.ntf.uni-lj.si\/ntf\/news\/\"},{\"@type\":\"ListItem\",\"position\":3,\"name\":\"Te\\u010daj nem\\u0161kega jezika na Bavarskem\"}]}]}<\/script>\n<!-- \/ Yoast SEO plugin. -->","yoast_head_json":{"robots":{"index":"index","follow":"follow","max-snippet":"max-snippet:-1","max-image-preview":"max-image-preview:large","max-video-preview":"max-video-preview:-1"},"canonical":"https:\/\/www.ntf.uni-lj.si\/ntf\/news\/tecaj-nemskega-jezika-na-bavarskem\/","og_locale":"en_US","og_type":"article","og_title":"Te\u010daj nem\u0161kega jezika na Bavarskem - NTF","og_description":"V prilo\u017eeni datoteki je objavljen razpis za prijavo na te\u010daj nem\u0161kega jezika na Bavarskem. Rok za prijavo je 23. marec (rok prejema dokumentacije). Prijavijo se lahko \u0161tudenti od drugega letnika dodiplomskega \u0161tudija naprej.","og_url":"https:\/\/www.ntf.uni-lj.si\/ntf\/news\/tecaj-nemskega-jezika-na-bavarskem\/","og_site_name":"NTF","schema":{"@context":"https:\/\/schema.org","@graph":[{"@type":"WebSite","@id":"https:\/\/www.ntf.uni-lj.si\/ntf\/#website","url":"https:\/\/www.ntf.uni-lj.si\/ntf\/","name":"NTF","description":"Naravoslovnotehni\u0161ka fakulteta","potentialAction":[{"@type":"SearchAction","target":{"@type":"EntryPoint","urlTemplate":"https:\/\/www.ntf.uni-lj.si\/ntf\/?s={search_term_string}"},"query-input":"required name=search_term_string"}],"inLanguage":"en-US"},{"@type":"WebPage","@id":"https:\/\/www.ntf.uni-lj.si\/ntf\/news\/tecaj-nemskega-jezika-na-bavarskem\/#webpage","url":"https:\/\/www.ntf.uni-lj.si\/ntf\/news\/tecaj-nemskega-jezika-na-bavarskem\/","name":"Te\u010daj nem\u0161kega jezika na Bavarskem - NTF","isPartOf":{"@id":"https:\/\/www.ntf.uni-lj.si\/ntf\/#website"},"datePublished":"2021-01-22T13:35:10+00:00","dateModified":"2021-01-22T13:35:10+00:00","breadcrumb":{"@id":"https:\/\/www.ntf.uni-lj.si\/ntf\/news\/tecaj-nemskega-jezika-na-bavarskem\/#breadcrumb"},"inLanguage":"en-US","potentialAction":[{"@type":"ReadAction","target":["https:\/\/www.ntf.uni-lj.si\/ntf\/news\/tecaj-nemskega-jezika-na-bavarskem\/"]}]},{"@type":"BreadcrumbList","@id":"https:\/\/www.ntf.uni-lj.si\/ntf\/news\/tecaj-nemskega-jezika-na-bavarskem\/#breadcrumb","itemListElement":[{"@type":"ListItem","position":1,"name":"Domov","item":"https:\/\/www.ntf.uni-lj.si\/ntf\/"},{"@type":"ListItem","position":2,"name":"Novice","item":"https:\/\/www.ntf.uni-lj.si\/ntf\/news\/"},{"@type":"ListItem","position":3,"name":"Te\u010daj nem\u0161kega jezika na Bavarskem"}]}]}},"_links":{"self":[{"href":"https:\/\/www.ntf.uni-lj.si\/ntf\/wp-json\/wp\/v2\/news\/17157"}],"collection":[{"href":"https:\/\/www.ntf.uni-lj.si\/ntf\/wp-json\/wp\/v2\/news"}],"about":[{"href":"https:\/\/www.ntf.uni-lj.si\/ntf\/wp-json\/wp\/v2\/types\/news"}],"author":[{"embeddable":true,"href":"https:\/\/www.ntf.uni-lj.si\/ntf\/wp-json\/wp\/v2\/users\/33"}],"version-history":[{"count":2,"href":"https:\/\/www.ntf.uni-lj.si\/ntf\/wp-json\/wp\/v2\/news\/17157\/revisions"}],"predecessor-version":[{"id":17173,"href":"https:\/\/www.ntf.uni-lj.si\/ntf\/wp-json\/wp\/v2\/news\/17157\/revisions\/17173"}],"wp:attachment":[{"href":"https:\/\/www.ntf.uni-lj.si\/ntf\/wp-json\/wp\/v2\/media?parent=17157"}],"wp:term":[{"taxonomy":"category","embeddable":true,"href":"https:\/\/www.ntf.uni-lj.si\/ntf\/wp-json\/wp\/v2\/categories?post=17157"}],"curies":[{"name":"wp","href":"https:\/\/api.w.org\/{rel}","templated":true}]}}