{"id":19180,"date":"2021-09-29T12:48:53","date_gmt":"2021-09-29T10:48:53","guid":{"rendered":"https:\/\/www.ntf.uni-lj.si\/ntf\/?post_type=news&#038;p=19180"},"modified":"2021-10-01T09:52:06","modified_gmt":"2021-10-01T07:52:06","slug":"tradicionalni-pozdrav-brucem-2021","status":"publish","type":"news","link":"https:\/\/www.ntf.uni-lj.si\/ntf\/news\/tradicionalni-pozdrav-brucem-2021\/","title":{"rendered":"Tradicionalni pozdrav brucem 2021"},"content":{"rendered":"<p>Veseli smo, da se bo novo \u0161tudijsko leto za\u010delo v \u017eivo, na fakultetah in akademijah. Ker \u017eelimo na Univerzi v Ljubljani pozdraviti vse na\u0161e brucke in bruce ter za\u017eeleti novo uspe\u0161no \u0161tudijsko leto starej\u0161im \u0161tudentkam in \u0161tudentom, \u0160tudentski svet Univerze v Ljubljani tudi letos organizira Pozdrav brucem. Ker nas je v lu\u010di epidemiolo\u0161kih ukrepov preve\u010d, da bi se vsi zbrali na Kongresnem trgu, se nam pridru\u017eite na<strong> spletnem Pozdravu brucem, ki bo v petek, 1. oktobra 2021, ob 17. uri.<\/strong><\/p>\n<p>Pridru\u017eite se lahko preko:<\/p>\n<ul>\n<li>YouTube:\u00a0<a title=\"https:\/\/youtu.be\/AmbjUcV6ZPg \" href=\"https:\/\/youtu.be\/AmbjUcV6ZPg\" target=\"_blank\" rel=\"noopener noreferrer\" data-auth=\"NotApplicable\" data-linkindex=\"2\">https:\/\/youtu.be\/AmbjUcV6ZPg<\/a><\/li>\n<li>ZOOM: <a title=\"https:\/\/uni-lj-si.zoom.us\/j\/92211432652 \" href=\"https:\/\/uni-lj-si.zoom.us\/j\/92211432652\" target=\"_blank\" rel=\"noopener noreferrer\" data-auth=\"NotApplicable\" data-linkindex=\"3\">https:\/\/uni-lj-si.zoom.us\/j\/92211432652<\/a><\/li>\n<\/ul>\n<p>Na prvi \u0161tudijski dan bomo v\u00a0dnevne sobe \u0161tudentk, \u0161tudentov in zaposlenih pripeljali Pozdrav brucem, kot smo ga poznali na Kongresnem trgu (povezavo do dogodka bomo objavili v kratkem). Novi rektor prof. dr. Gregor Majdi\u010d bo odprl novo \u0161tudijsko leto, nagovorila nas bosta tudi \u017eupan Mestne ob\u010dine Ljubljana Zoran Jankovi\u0107 in predsednik \u0160tudentskega sveta Univerze v Ljubljani Grega Rudolf. Kratkim nagovorom bo sledilo 45 minut smeha. Pridru\u017eila se nam bo stand up komi\u010darka, dramska pedagoginja, lutkarica in ventrilokvistka Lucija \u0106irovi\u0107. Nato bomo \u0161tudentkam in \u0161tudentom na kratko predstavili celo paleto ob\u0161tudijskih dejavnosti, s katerimi lahko poskrbite za svoje zdravje, zabavo ali dodatno znanje, izku\u0161nje, ter druge uporabne informacije, ki vam bodo pomagale v novem \u0161tudijskem letu.<\/p>\n<p>Spremljevalni program Pozdrava brucem \u017ee poteka na dru\u017ebenih omre\u017ejih \u0160tudentskega sveta Univerze v Ljubljani, kjer smo pripravili zabavne izzive, v katerih lahko \u0161tudentke in \u0161tudenti sodelujete do konca oktobra. Najizvirnej\u0161e \u0161tudentke in \u0161tudenti boste za svoj trud nagrajeni.<\/p>\n<p>&nbsp;<\/p>\n<p><a href=\"https:\/\/www.ntf.uni-lj.si\/ntf\/wp-content\/uploads\/sites\/2\/2021\/09\/UL_pozdrav21_FB1920x1080_3.png\"><img loading=\"lazy\" width=\"300\" height=\"169\" class=\"alignnone size-medium wp-image-19182\" src=\"https:\/\/www.ntf.uni-lj.si\/ntf\/wp-content\/uploads\/sites\/2\/2021\/09\/UL_pozdrav21_FB1920x1080_3-300x169.png\" alt=\"\" srcset=\"https:\/\/www.ntf.uni-lj.si\/ntf\/wp-content\/uploads\/sites\/2\/2021\/09\/UL_pozdrav21_FB1920x1080_3-300x169.png 300w, https:\/\/www.ntf.uni-lj.si\/ntf\/wp-content\/uploads\/sites\/2\/2021\/09\/UL_pozdrav21_FB1920x1080_3-1024x576.png 1024w, https:\/\/www.ntf.uni-lj.si\/ntf\/wp-content\/uploads\/sites\/2\/2021\/09\/UL_pozdrav21_FB1920x1080_3-768x432.png 768w, https:\/\/www.ntf.uni-lj.si\/ntf\/wp-content\/uploads\/sites\/2\/2021\/09\/UL_pozdrav21_FB1920x1080_3-1536x864.png 1536w, https:\/\/www.ntf.uni-lj.si\/ntf\/wp-content\/uploads\/sites\/2\/2021\/09\/UL_pozdrav21_FB1920x1080_3.png 1920w\" sizes=\"(max-width: 300px) 100vw, 300px\" \/><\/a><\/p>\n","protected":false},"excerpt":{"rendered":"Veseli smo, da se bo novo \u0161tudijsko leto za\u010delo v \u017eivo, na fakultetah in akademijah. Ker \u017eelimo na Univerzi v Ljubljani pozdraviti vse na\u0161e brucke in bruce ter za\u017eeleti novo uspe\u0161no \u0161tudijsko leto starej\u0161im \u0161tudentkam in \u0161tudentom, \u0160tudentski svet Univerze v Ljubljani tudi letos organizira Pozdrav brucem. Ker nas je v lu\u010di epidemiolo\u0161kih ukrepov preve\u010d, &#8230; <a class=\"view-article\" href=\"https:\/\/www.ntf.uni-lj.si\/ntf\/news\/tradicionalni-pozdrav-brucem-2021\/\">Read more<\/a>","protected":false},"author":171,"featured_media":0,"template":"","categories":[],"acf":[],"yoast_head":"<!-- This site is optimized with the Yoast SEO plugin v17.0 - https:\/\/yoast.com\/wordpress\/plugins\/seo\/ -->\n<meta name=\"robots\" content=\"index, follow, max-snippet:-1, max-image-preview:large, max-video-preview:-1\" \/>\n<link rel=\"canonical\" href=\"https:\/\/www.ntf.uni-lj.si\/ntf\/news\/tradicionalni-pozdrav-brucem-2021\/\" \/>\n<meta property=\"og:locale\" content=\"en_US\" \/>\n<meta property=\"og:type\" content=\"article\" \/>\n<meta property=\"og:title\" content=\"Tradicionalni pozdrav brucem 2021 - NTF\" \/>\n<meta property=\"og:description\" content=\"Veseli smo, da se bo novo \u0161tudijsko leto za\u010delo v \u017eivo, na fakultetah in akademijah. Ker \u017eelimo na Univerzi v Ljubljani pozdraviti vse na\u0161e brucke in bruce ter za\u017eeleti novo uspe\u0161no \u0161tudijsko leto starej\u0161im \u0161tudentkam in \u0161tudentom, \u0160tudentski svet Univerze v Ljubljani tudi letos organizira Pozdrav brucem. Ker nas je v lu\u010di epidemiolo\u0161kih ukrepov preve\u010d, ... Read more\" \/>\n<meta property=\"og:url\" content=\"https:\/\/www.ntf.uni-lj.si\/ntf\/news\/tradicionalni-pozdrav-brucem-2021\/\" \/>\n<meta property=\"og:site_name\" content=\"NTF\" \/>\n<meta property=\"article:modified_time\" content=\"2021-10-01T07:52:06+00:00\" \/>\n<meta property=\"og:image\" content=\"https:\/\/www.ntf.uni-lj.si\/ntf\/wp-content\/uploads\/sites\/2\/2021\/09\/UL_pozdrav21_FB1920x1080_3-300x169.png\" \/>\n<meta name=\"twitter:label1\" content=\"Est. reading time\" \/>\n\t<meta name=\"twitter:data1\" content=\"2 minutes\" \/>\n<script type=\"application\/ld+json\" class=\"yoast-schema-graph\">{\"@context\":\"https:\/\/schema.org\",\"@graph\":[{\"@type\":\"WebSite\",\"@id\":\"https:\/\/www.ntf.uni-lj.si\/ntf\/#website\",\"url\":\"https:\/\/www.ntf.uni-lj.si\/ntf\/\",\"name\":\"NTF\",\"description\":\"Naravoslovnotehni\\u0161ka fakulteta\",\"potentialAction\":[{\"@type\":\"SearchAction\",\"target\":{\"@type\":\"EntryPoint\",\"urlTemplate\":\"https:\/\/www.ntf.uni-lj.si\/ntf\/?s={search_term_string}\"},\"query-input\":\"required name=search_term_string\"}],\"inLanguage\":\"en-US\"},{\"@type\":\"ImageObject\",\"@id\":\"https:\/\/www.ntf.uni-lj.si\/ntf\/news\/tradicionalni-pozdrav-brucem-2021\/#primaryimage\",\"inLanguage\":\"en-US\",\"url\":\"https:\/\/www.ntf.uni-lj.si\/ntf\/wp-content\/uploads\/sites\/2\/2021\/09\/UL_pozdrav21_FB1920x1080_3.png\",\"contentUrl\":\"https:\/\/www.ntf.uni-lj.si\/ntf\/wp-content\/uploads\/sites\/2\/2021\/09\/UL_pozdrav21_FB1920x1080_3.png\",\"width\":1920,\"height\":1080},{\"@type\":\"WebPage\",\"@id\":\"https:\/\/www.ntf.uni-lj.si\/ntf\/news\/tradicionalni-pozdrav-brucem-2021\/#webpage\",\"url\":\"https:\/\/www.ntf.uni-lj.si\/ntf\/news\/tradicionalni-pozdrav-brucem-2021\/\",\"name\":\"Tradicionalni pozdrav brucem 2021 - NTF\",\"isPartOf\":{\"@id\":\"https:\/\/www.ntf.uni-lj.si\/ntf\/#website\"},\"primaryImageOfPage\":{\"@id\":\"https:\/\/www.ntf.uni-lj.si\/ntf\/news\/tradicionalni-pozdrav-brucem-2021\/#primaryimage\"},\"datePublished\":\"2021-09-29T10:48:53+00:00\",\"dateModified\":\"2021-10-01T07:52:06+00:00\",\"breadcrumb\":{\"@id\":\"https:\/\/www.ntf.uni-lj.si\/ntf\/news\/tradicionalni-pozdrav-brucem-2021\/#breadcrumb\"},\"inLanguage\":\"en-US\",\"potentialAction\":[{\"@type\":\"ReadAction\",\"target\":[\"https:\/\/www.ntf.uni-lj.si\/ntf\/news\/tradicionalni-pozdrav-brucem-2021\/\"]}]},{\"@type\":\"BreadcrumbList\",\"@id\":\"https:\/\/www.ntf.uni-lj.si\/ntf\/news\/tradicionalni-pozdrav-brucem-2021\/#breadcrumb\",\"itemListElement\":[{\"@type\":\"ListItem\",\"position\":1,\"name\":\"Domov\",\"item\":\"https:\/\/www.ntf.uni-lj.si\/ntf\/\"},{\"@type\":\"ListItem\",\"position\":2,\"name\":\"Novice\",\"item\":\"https:\/\/www.ntf.uni-lj.si\/ntf\/news\/\"},{\"@type\":\"ListItem\",\"position\":3,\"name\":\"Tradicionalni pozdrav brucem 2021\"}]}]}<\/script>\n<!-- \/ Yoast SEO plugin. -->","yoast_head_json":{"robots":{"index":"index","follow":"follow","max-snippet":"max-snippet:-1","max-image-preview":"max-image-preview:large","max-video-preview":"max-video-preview:-1"},"canonical":"https:\/\/www.ntf.uni-lj.si\/ntf\/news\/tradicionalni-pozdrav-brucem-2021\/","og_locale":"en_US","og_type":"article","og_title":"Tradicionalni pozdrav brucem 2021 - NTF","og_description":"Veseli smo, da se bo novo \u0161tudijsko leto za\u010delo v \u017eivo, na fakultetah in akademijah. Ker \u017eelimo na Univerzi v Ljubljani pozdraviti vse na\u0161e brucke in bruce ter za\u017eeleti novo uspe\u0161no \u0161tudijsko leto starej\u0161im \u0161tudentkam in \u0161tudentom, \u0160tudentski svet Univerze v Ljubljani tudi letos organizira Pozdrav brucem. Ker nas je v lu\u010di epidemiolo\u0161kih ukrepov preve\u010d, ... Read more","og_url":"https:\/\/www.ntf.uni-lj.si\/ntf\/news\/tradicionalni-pozdrav-brucem-2021\/","og_site_name":"NTF","article_modified_time":"2021-10-01T07:52:06+00:00","og_image":[{"url":"https:\/\/www.ntf.uni-lj.si\/ntf\/wp-content\/uploads\/sites\/2\/2021\/09\/UL_pozdrav21_FB1920x1080_3-300x169.png"}],"twitter_misc":{"Est. reading time":"2 minutes"},"schema":{"@context":"https:\/\/schema.org","@graph":[{"@type":"WebSite","@id":"https:\/\/www.ntf.uni-lj.si\/ntf\/#website","url":"https:\/\/www.ntf.uni-lj.si\/ntf\/","name":"NTF","description":"Naravoslovnotehni\u0161ka fakulteta","potentialAction":[{"@type":"SearchAction","target":{"@type":"EntryPoint","urlTemplate":"https:\/\/www.ntf.uni-lj.si\/ntf\/?s={search_term_string}"},"query-input":"required name=search_term_string"}],"inLanguage":"en-US"},{"@type":"ImageObject","@id":"https:\/\/www.ntf.uni-lj.si\/ntf\/news\/tradicionalni-pozdrav-brucem-2021\/#primaryimage","inLanguage":"en-US","url":"https:\/\/www.ntf.uni-lj.si\/ntf\/wp-content\/uploads\/sites\/2\/2021\/09\/UL_pozdrav21_FB1920x1080_3.png","contentUrl":"https:\/\/www.ntf.uni-lj.si\/ntf\/wp-content\/uploads\/sites\/2\/2021\/09\/UL_pozdrav21_FB1920x1080_3.png","width":1920,"height":1080},{"@type":"WebPage","@id":"https:\/\/www.ntf.uni-lj.si\/ntf\/news\/tradicionalni-pozdrav-brucem-2021\/#webpage","url":"https:\/\/www.ntf.uni-lj.si\/ntf\/news\/tradicionalni-pozdrav-brucem-2021\/","name":"Tradicionalni pozdrav brucem 2021 - NTF","isPartOf":{"@id":"https:\/\/www.ntf.uni-lj.si\/ntf\/#website"},"primaryImageOfPage":{"@id":"https:\/\/www.ntf.uni-lj.si\/ntf\/news\/tradicionalni-pozdrav-brucem-2021\/#primaryimage"},"datePublished":"2021-09-29T10:48:53+00:00","dateModified":"2021-10-01T07:52:06+00:00","breadcrumb":{"@id":"https:\/\/www.ntf.uni-lj.si\/ntf\/news\/tradicionalni-pozdrav-brucem-2021\/#breadcrumb"},"inLanguage":"en-US","potentialAction":[{"@type":"ReadAction","target":["https:\/\/www.ntf.uni-lj.si\/ntf\/news\/tradicionalni-pozdrav-brucem-2021\/"]}]},{"@type":"BreadcrumbList","@id":"https:\/\/www.ntf.uni-lj.si\/ntf\/news\/tradicionalni-pozdrav-brucem-2021\/#breadcrumb","itemListElement":[{"@type":"ListItem","position":1,"name":"Domov","item":"https:\/\/www.ntf.uni-lj.si\/ntf\/"},{"@type":"ListItem","position":2,"name":"Novice","item":"https:\/\/www.ntf.uni-lj.si\/ntf\/news\/"},{"@type":"ListItem","position":3,"name":"Tradicionalni pozdrav brucem 2021"}]}]}},"_links":{"self":[{"href":"https:\/\/www.ntf.uni-lj.si\/ntf\/wp-json\/wp\/v2\/news\/19180"}],"collection":[{"href":"https:\/\/www.ntf.uni-lj.si\/ntf\/wp-json\/wp\/v2\/news"}],"about":[{"href":"https:\/\/www.ntf.uni-lj.si\/ntf\/wp-json\/wp\/v2\/types\/news"}],"author":[{"embeddable":true,"href":"https:\/\/www.ntf.uni-lj.si\/ntf\/wp-json\/wp\/v2\/users\/171"}],"version-history":[{"count":4,"href":"https:\/\/www.ntf.uni-lj.si\/ntf\/wp-json\/wp\/v2\/news\/19180\/revisions"}],"predecessor-version":[{"id":19246,"href":"https:\/\/www.ntf.uni-lj.si\/ntf\/wp-json\/wp\/v2\/news\/19180\/revisions\/19246"}],"wp:attachment":[{"href":"https:\/\/www.ntf.uni-lj.si\/ntf\/wp-json\/wp\/v2\/media?parent=19180"}],"wp:term":[{"taxonomy":"category","embeddable":true,"href":"https:\/\/www.ntf.uni-lj.si\/ntf\/wp-json\/wp\/v2\/categories?post=19180"}],"curies":[{"name":"wp","href":"https:\/\/api.w.org\/{rel}","templated":true}]}}