{"id":19343,"date":"2021-10-13T10:30:02","date_gmt":"2021-10-13T08:30:02","guid":{"rendered":"https:\/\/www.ntf.uni-lj.si\/ntf\/?post_type=news&#038;p=19343"},"modified":"2021-10-13T10:33:24","modified_gmt":"2021-10-13T08:33:24","slug":"mladinski-forum-eu-balkan-v-rimu","status":"publish","type":"news","link":"https:\/\/www.ntf.uni-lj.si\/ntf\/news\/mladinski-forum-eu-balkan-v-rimu\/","title":{"rendered":"Mladinski forum EU \u2013 Balkan v Rimu"},"content":{"rendered":"<p><strong>Med 22. in 26. novembrom bo v Rimu potekal mladinski forum z naslovom Kaj je Evropa?, namenjen mladim iz dr\u017eav Evropske unije (EU) in Zahodnega Balkana. Dogodek bo namenjen diskusiji o prihodnosti Evrope in vklju\u010ditvi zahodnobalkanskih dr\u017eav v EU. Vsi stro\u0161ki potovanja in namestitve bodo kriti, prijavite pa se lahko do 15. oktobra.<br \/>\n<\/strong>\u0160tiridnevna konferenca je prilo\u017enost za mlade (do 26. leta) iz \u0161estih dr\u017eav Zahodnega Balkana in 27 dr\u017eav \u010dlanic EU za razpravo o skupnih te\u017eavah ter postavitev temeljev za novo mednacionalno mre\u017eo mladih. Na ta na\u010din lahko oblikujejo nove pobude in podajajo mnenja o vklju\u010devanju Balkana v EU.<br \/>\nNa forumu bo sodelovalo 78 \u0161tudentk, \u0161tudentov, 10 mentoric, mentorjev in predstavnice, predstavniki politike iz vse Evrope, ki bodo zdru\u017eili nova spoznanja in za\u010drtali pot za prihodnost. Sodelujejo lahko \u0161tudentke in \u0161tudenti iz dr\u017eav \u010dlanic EU in Zahodnega Balkana, ki jih zanima delovanje EU in dru\u017ebeno udejstvovanje.<\/p>\n<p><strong>\u0160tudentke in \u0161tudenti Univerze v Ljubljani, ki bi \u017eeleli odigrati dru\u017ebeno vlogo za u\u010dinkovito integracijo EU, se lahko prijavijo do 15. oktobra 2021.<\/strong><\/p>\n<p>Ve\u010d informacij o dogodku in prijavi je dostopnih <a href=\"http:\/\/www.eubalkanforum.org\/\">tukaj.<\/a><\/p>\n<p><a href=\"https:\/\/www.ntf.uni-lj.si\/ntf\/wp-content\/uploads\/sites\/2\/2021\/10\/forum.png\"><img loading=\"lazy\" width=\"300\" height=\"168\" class=\"alignnone size-medium wp-image-19344\" src=\"https:\/\/www.ntf.uni-lj.si\/ntf\/wp-content\/uploads\/sites\/2\/2021\/10\/forum-300x168.png\" alt=\"\" srcset=\"https:\/\/www.ntf.uni-lj.si\/ntf\/wp-content\/uploads\/sites\/2\/2021\/10\/forum-300x168.png 300w, https:\/\/www.ntf.uni-lj.si\/ntf\/wp-content\/uploads\/sites\/2\/2021\/10\/forum-1024x575.png 1024w, https:\/\/www.ntf.uni-lj.si\/ntf\/wp-content\/uploads\/sites\/2\/2021\/10\/forum-768x431.png 768w, https:\/\/www.ntf.uni-lj.si\/ntf\/wp-content\/uploads\/sites\/2\/2021\/10\/forum.png 1140w\" sizes=\"(max-width: 300px) 100vw, 300px\" \/><\/a><\/p>\n<p>VIDEO: <a href=\"https:\/\/www.youtube.com\/watch?v=5zJLfGvybX8\">https:\/\/www.youtube.com\/watch?v=5zJLfGvybX8<\/a><\/p>\n","protected":false},"excerpt":{"rendered":"Med 22. in 26. novembrom bo v Rimu potekal mladinski forum z naslovom Kaj je Evropa?, namenjen mladim iz dr\u017eav Evropske unije (EU) in Zahodnega Balkana. Dogodek bo namenjen diskusiji o prihodnosti Evrope in vklju\u010ditvi zahodnobalkanskih dr\u017eav v EU. Vsi stro\u0161ki potovanja in namestitve bodo kriti, prijavite pa se lahko do 15. oktobra. \u0160tiridnevna konferenca &#8230; <a class=\"view-article\" href=\"https:\/\/www.ntf.uni-lj.si\/ntf\/news\/mladinski-forum-eu-balkan-v-rimu\/\">Read more<\/a>","protected":false},"author":171,"featured_media":0,"template":"","categories":[],"acf":[],"yoast_head":"<!-- This site is optimized with the Yoast SEO plugin v17.0 - https:\/\/yoast.com\/wordpress\/plugins\/seo\/ -->\n<meta name=\"robots\" content=\"index, follow, max-snippet:-1, max-image-preview:large, max-video-preview:-1\" \/>\n<link rel=\"canonical\" href=\"https:\/\/www.ntf.uni-lj.si\/ntf\/news\/mladinski-forum-eu-balkan-v-rimu\/\" \/>\n<meta property=\"og:locale\" content=\"en_US\" \/>\n<meta property=\"og:type\" content=\"article\" \/>\n<meta property=\"og:title\" content=\"Mladinski forum EU \u2013 Balkan v Rimu - NTF\" \/>\n<meta property=\"og:description\" content=\"Med 22. in 26. novembrom bo v Rimu potekal mladinski forum z naslovom Kaj je Evropa?, namenjen mladim iz dr\u017eav Evropske unije (EU) in Zahodnega Balkana. Dogodek bo namenjen diskusiji o prihodnosti Evrope in vklju\u010ditvi zahodnobalkanskih dr\u017eav v EU. Vsi stro\u0161ki potovanja in namestitve bodo kriti, prijavite pa se lahko do 15. oktobra. \u0160tiridnevna konferenca ... Read more\" \/>\n<meta property=\"og:url\" content=\"https:\/\/www.ntf.uni-lj.si\/ntf\/news\/mladinski-forum-eu-balkan-v-rimu\/\" \/>\n<meta property=\"og:site_name\" content=\"NTF\" \/>\n<meta property=\"article:modified_time\" content=\"2021-10-13T08:33:24+00:00\" \/>\n<meta property=\"og:image\" content=\"https:\/\/www.ntf.uni-lj.si\/ntf\/wp-content\/uploads\/sites\/2\/2021\/10\/forum-300x168.png\" \/>\n<meta name=\"twitter:label1\" content=\"Est. reading time\" \/>\n\t<meta name=\"twitter:data1\" content=\"1 minute\" \/>\n<script type=\"application\/ld+json\" class=\"yoast-schema-graph\">{\"@context\":\"https:\/\/schema.org\",\"@graph\":[{\"@type\":\"WebSite\",\"@id\":\"https:\/\/www.ntf.uni-lj.si\/ntf\/#website\",\"url\":\"https:\/\/www.ntf.uni-lj.si\/ntf\/\",\"name\":\"NTF\",\"description\":\"Naravoslovnotehni\\u0161ka fakulteta\",\"potentialAction\":[{\"@type\":\"SearchAction\",\"target\":{\"@type\":\"EntryPoint\",\"urlTemplate\":\"https:\/\/www.ntf.uni-lj.si\/ntf\/?s={search_term_string}\"},\"query-input\":\"required name=search_term_string\"}],\"inLanguage\":\"en-US\"},{\"@type\":\"ImageObject\",\"@id\":\"https:\/\/www.ntf.uni-lj.si\/ntf\/news\/mladinski-forum-eu-balkan-v-rimu\/#primaryimage\",\"inLanguage\":\"en-US\",\"url\":\"https:\/\/www.ntf.uni-lj.si\/ntf\/wp-content\/uploads\/sites\/2\/2021\/10\/forum.png\",\"contentUrl\":\"https:\/\/www.ntf.uni-lj.si\/ntf\/wp-content\/uploads\/sites\/2\/2021\/10\/forum.png\",\"width\":1140,\"height\":640},{\"@type\":\"WebPage\",\"@id\":\"https:\/\/www.ntf.uni-lj.si\/ntf\/news\/mladinski-forum-eu-balkan-v-rimu\/#webpage\",\"url\":\"https:\/\/www.ntf.uni-lj.si\/ntf\/news\/mladinski-forum-eu-balkan-v-rimu\/\",\"name\":\"Mladinski forum EU \\u2013 Balkan v Rimu - NTF\",\"isPartOf\":{\"@id\":\"https:\/\/www.ntf.uni-lj.si\/ntf\/#website\"},\"primaryImageOfPage\":{\"@id\":\"https:\/\/www.ntf.uni-lj.si\/ntf\/news\/mladinski-forum-eu-balkan-v-rimu\/#primaryimage\"},\"datePublished\":\"2021-10-13T08:30:02+00:00\",\"dateModified\":\"2021-10-13T08:33:24+00:00\",\"breadcrumb\":{\"@id\":\"https:\/\/www.ntf.uni-lj.si\/ntf\/news\/mladinski-forum-eu-balkan-v-rimu\/#breadcrumb\"},\"inLanguage\":\"en-US\",\"potentialAction\":[{\"@type\":\"ReadAction\",\"target\":[\"https:\/\/www.ntf.uni-lj.si\/ntf\/news\/mladinski-forum-eu-balkan-v-rimu\/\"]}]},{\"@type\":\"BreadcrumbList\",\"@id\":\"https:\/\/www.ntf.uni-lj.si\/ntf\/news\/mladinski-forum-eu-balkan-v-rimu\/#breadcrumb\",\"itemListElement\":[{\"@type\":\"ListItem\",\"position\":1,\"name\":\"Domov\",\"item\":\"https:\/\/www.ntf.uni-lj.si\/ntf\/\"},{\"@type\":\"ListItem\",\"position\":2,\"name\":\"Novice\",\"item\":\"https:\/\/www.ntf.uni-lj.si\/ntf\/news\/\"},{\"@type\":\"ListItem\",\"position\":3,\"name\":\"Mladinski forum EU \\u2013 Balkan v Rimu\"}]}]}<\/script>\n<!-- \/ Yoast SEO plugin. -->","yoast_head_json":{"robots":{"index":"index","follow":"follow","max-snippet":"max-snippet:-1","max-image-preview":"max-image-preview:large","max-video-preview":"max-video-preview:-1"},"canonical":"https:\/\/www.ntf.uni-lj.si\/ntf\/news\/mladinski-forum-eu-balkan-v-rimu\/","og_locale":"en_US","og_type":"article","og_title":"Mladinski forum EU \u2013 Balkan v Rimu - NTF","og_description":"Med 22. in 26. novembrom bo v Rimu potekal mladinski forum z naslovom Kaj je Evropa?, namenjen mladim iz dr\u017eav Evropske unije (EU) in Zahodnega Balkana. Dogodek bo namenjen diskusiji o prihodnosti Evrope in vklju\u010ditvi zahodnobalkanskih dr\u017eav v EU. Vsi stro\u0161ki potovanja in namestitve bodo kriti, prijavite pa se lahko do 15. oktobra. \u0160tiridnevna konferenca ... Read more","og_url":"https:\/\/www.ntf.uni-lj.si\/ntf\/news\/mladinski-forum-eu-balkan-v-rimu\/","og_site_name":"NTF","article_modified_time":"2021-10-13T08:33:24+00:00","og_image":[{"url":"https:\/\/www.ntf.uni-lj.si\/ntf\/wp-content\/uploads\/sites\/2\/2021\/10\/forum-300x168.png"}],"twitter_misc":{"Est. reading time":"1 minute"},"schema":{"@context":"https:\/\/schema.org","@graph":[{"@type":"WebSite","@id":"https:\/\/www.ntf.uni-lj.si\/ntf\/#website","url":"https:\/\/www.ntf.uni-lj.si\/ntf\/","name":"NTF","description":"Naravoslovnotehni\u0161ka fakulteta","potentialAction":[{"@type":"SearchAction","target":{"@type":"EntryPoint","urlTemplate":"https:\/\/www.ntf.uni-lj.si\/ntf\/?s={search_term_string}"},"query-input":"required name=search_term_string"}],"inLanguage":"en-US"},{"@type":"ImageObject","@id":"https:\/\/www.ntf.uni-lj.si\/ntf\/news\/mladinski-forum-eu-balkan-v-rimu\/#primaryimage","inLanguage":"en-US","url":"https:\/\/www.ntf.uni-lj.si\/ntf\/wp-content\/uploads\/sites\/2\/2021\/10\/forum.png","contentUrl":"https:\/\/www.ntf.uni-lj.si\/ntf\/wp-content\/uploads\/sites\/2\/2021\/10\/forum.png","width":1140,"height":640},{"@type":"WebPage","@id":"https:\/\/www.ntf.uni-lj.si\/ntf\/news\/mladinski-forum-eu-balkan-v-rimu\/#webpage","url":"https:\/\/www.ntf.uni-lj.si\/ntf\/news\/mladinski-forum-eu-balkan-v-rimu\/","name":"Mladinski forum EU \u2013 Balkan v Rimu - NTF","isPartOf":{"@id":"https:\/\/www.ntf.uni-lj.si\/ntf\/#website"},"primaryImageOfPage":{"@id":"https:\/\/www.ntf.uni-lj.si\/ntf\/news\/mladinski-forum-eu-balkan-v-rimu\/#primaryimage"},"datePublished":"2021-10-13T08:30:02+00:00","dateModified":"2021-10-13T08:33:24+00:00","breadcrumb":{"@id":"https:\/\/www.ntf.uni-lj.si\/ntf\/news\/mladinski-forum-eu-balkan-v-rimu\/#breadcrumb"},"inLanguage":"en-US","potentialAction":[{"@type":"ReadAction","target":["https:\/\/www.ntf.uni-lj.si\/ntf\/news\/mladinski-forum-eu-balkan-v-rimu\/"]}]},{"@type":"BreadcrumbList","@id":"https:\/\/www.ntf.uni-lj.si\/ntf\/news\/mladinski-forum-eu-balkan-v-rimu\/#breadcrumb","itemListElement":[{"@type":"ListItem","position":1,"name":"Domov","item":"https:\/\/www.ntf.uni-lj.si\/ntf\/"},{"@type":"ListItem","position":2,"name":"Novice","item":"https:\/\/www.ntf.uni-lj.si\/ntf\/news\/"},{"@type":"ListItem","position":3,"name":"Mladinski forum EU \u2013 Balkan v Rimu"}]}]}},"_links":{"self":[{"href":"https:\/\/www.ntf.uni-lj.si\/ntf\/wp-json\/wp\/v2\/news\/19343"}],"collection":[{"href":"https:\/\/www.ntf.uni-lj.si\/ntf\/wp-json\/wp\/v2\/news"}],"about":[{"href":"https:\/\/www.ntf.uni-lj.si\/ntf\/wp-json\/wp\/v2\/types\/news"}],"author":[{"embeddable":true,"href":"https:\/\/www.ntf.uni-lj.si\/ntf\/wp-json\/wp\/v2\/users\/171"}],"version-history":[{"count":2,"href":"https:\/\/www.ntf.uni-lj.si\/ntf\/wp-json\/wp\/v2\/news\/19343\/revisions"}],"predecessor-version":[{"id":19349,"href":"https:\/\/www.ntf.uni-lj.si\/ntf\/wp-json\/wp\/v2\/news\/19343\/revisions\/19349"}],"wp:attachment":[{"href":"https:\/\/www.ntf.uni-lj.si\/ntf\/wp-json\/wp\/v2\/media?parent=19343"}],"wp:term":[{"taxonomy":"category","embeddable":true,"href":"https:\/\/www.ntf.uni-lj.si\/ntf\/wp-json\/wp\/v2\/categories?post=19343"}],"curies":[{"name":"wp","href":"https:\/\/api.w.org\/{rel}","templated":true}]}}