{"id":20701,"date":"2022-03-10T15:32:52","date_gmt":"2022-03-10T14:32:52","guid":{"rendered":"https:\/\/www.ntf.uni-lj.si\/ntf\/?post_type=news&#038;p=20701"},"modified":"2022-03-10T15:47:29","modified_gmt":"2022-03-10T14:47:29","slug":"dnevi-odprtih-vrat","status":"publish","type":"news","link":"https:\/\/www.ntf.uni-lj.si\/ntf\/news\/dnevi-odprtih-vrat\/","title":{"rendered":"Dnevi odprtih vrat"},"content":{"rendered":"<p>Dijaki vi\u0161jih letnikov vljudno vabljeni na Dneve odprtih vrat Naravoslovnotehni\u0161ke fakultete. V dneh med 14. in 16. marcem 2022 vas vabimo na izbrana predavanja, ki se jim lahko priklju\u010dite v \u017eivo. Predhodna prijava ni potrebna.<\/p>\n<p>Tokrat so vam na voljo predavanja s podro\u010dja Tekstilnega in obla\u010dilnega in\u017eenirstva:<\/p>\n<ul>\n<li>Ponedeljek, 14. 3. 2022 ob 14:30 uri: Usnje in krzno (izr. prof. dr. Marija Gorjanc) v predavalnici P-016 (pritli\u010dje);<\/li>\n<li>Torek, 15. 3. 2022 ob 13. uri: Ekologija v tekstilstvu (prof. dr. Petra Forte Tav\u010der) v predavalnici P-105 (1. nadstropje);<\/li>\n<li>Sreda, 16. 3. 2022 ob 8:30 uri: Razvoj krojev obla\u010dil (asist. Tanja Podbev\u0161ek) v predavalnici P-101 (1. nadstropje);<\/li>\n<li>Sreda, 16. 3. 2022 ob 14:00 uri: Tehni\u010dne tekstilije in kompoziti (izr. prof. dr. Tatjana Rijavec) v predavalnici P-502 (5. nadstropje).<\/li>\n<\/ul>\n<p>Vsa predavanja potekajo na Sne\u017eni\u0161ki ulici 5, Ljubljana.<\/p>\n<p>Za vse dodatne informacije vam bo vse dni na voljo Barbara Golja v laboratoriju L 416 (4. nadstropje) . Lahko ji pi\u0161ete tudi na e-po\u0161to: <a href=\"mailto:barbara.golja@ntf.uni-lj.si\">barbara.golja@ntf.uni-lj.si<\/a>.<\/p>\n<p>Vabljeni!<\/p>\n<div><\/div>\n<div><\/div>\n","protected":false},"excerpt":{"rendered":"Dijaki vi\u0161jih letnikov vljudno vabljeni na Dneve odprtih vrat Naravoslovnotehni\u0161ke fakultete. V dneh med 14. in 16. marcem 2022 vas vabimo na izbrana predavanja, ki se jim lahko priklju\u010dite v \u017eivo. Predhodna prijava ni potrebna. Tokrat so vam na voljo predavanja s podro\u010dja Tekstilnega in obla\u010dilnega in\u017eenirstva: Ponedeljek, 14. 3. 2022 ob 14:30 uri: Usnje &#8230; <a class=\"view-article\" href=\"https:\/\/www.ntf.uni-lj.si\/ntf\/news\/dnevi-odprtih-vrat\/\">Read more<\/a>","protected":false},"author":171,"featured_media":0,"template":"","categories":[],"acf":[],"yoast_head":"<!-- This site is optimized with the Yoast SEO plugin v17.0 - https:\/\/yoast.com\/wordpress\/plugins\/seo\/ -->\n<meta name=\"robots\" content=\"index, follow, max-snippet:-1, max-image-preview:large, max-video-preview:-1\" \/>\n<link rel=\"canonical\" href=\"https:\/\/www.ntf.uni-lj.si\/ntf\/news\/dnevi-odprtih-vrat\/\" \/>\n<meta property=\"og:locale\" content=\"en_US\" \/>\n<meta property=\"og:type\" content=\"article\" \/>\n<meta property=\"og:title\" content=\"Dnevi odprtih vrat - NTF\" \/>\n<meta property=\"og:description\" content=\"Dijaki vi\u0161jih letnikov vljudno vabljeni na Dneve odprtih vrat Naravoslovnotehni\u0161ke fakultete. V dneh med 14. in 16. marcem 2022 vas vabimo na izbrana predavanja, ki se jim lahko priklju\u010dite v \u017eivo. Predhodna prijava ni potrebna. Tokrat so vam na voljo predavanja s podro\u010dja Tekstilnega in obla\u010dilnega in\u017eenirstva: Ponedeljek, 14. 3. 2022 ob 14:30 uri: Usnje ... Read more\" \/>\n<meta property=\"og:url\" content=\"https:\/\/www.ntf.uni-lj.si\/ntf\/news\/dnevi-odprtih-vrat\/\" \/>\n<meta property=\"og:site_name\" content=\"NTF\" \/>\n<meta property=\"article:modified_time\" content=\"2022-03-10T14:47:29+00:00\" \/>\n<meta name=\"twitter:label1\" content=\"Est. reading time\" \/>\n\t<meta name=\"twitter:data1\" content=\"1 minute\" \/>\n<script type=\"application\/ld+json\" class=\"yoast-schema-graph\">{\"@context\":\"https:\/\/schema.org\",\"@graph\":[{\"@type\":\"WebSite\",\"@id\":\"https:\/\/www.ntf.uni-lj.si\/ntf\/#website\",\"url\":\"https:\/\/www.ntf.uni-lj.si\/ntf\/\",\"name\":\"NTF\",\"description\":\"Naravoslovnotehni\\u0161ka fakulteta\",\"potentialAction\":[{\"@type\":\"SearchAction\",\"target\":{\"@type\":\"EntryPoint\",\"urlTemplate\":\"https:\/\/www.ntf.uni-lj.si\/ntf\/?s={search_term_string}\"},\"query-input\":\"required name=search_term_string\"}],\"inLanguage\":\"en-US\"},{\"@type\":\"WebPage\",\"@id\":\"https:\/\/www.ntf.uni-lj.si\/ntf\/news\/dnevi-odprtih-vrat\/#webpage\",\"url\":\"https:\/\/www.ntf.uni-lj.si\/ntf\/news\/dnevi-odprtih-vrat\/\",\"name\":\"Dnevi odprtih vrat - NTF\",\"isPartOf\":{\"@id\":\"https:\/\/www.ntf.uni-lj.si\/ntf\/#website\"},\"datePublished\":\"2022-03-10T14:32:52+00:00\",\"dateModified\":\"2022-03-10T14:47:29+00:00\",\"breadcrumb\":{\"@id\":\"https:\/\/www.ntf.uni-lj.si\/ntf\/news\/dnevi-odprtih-vrat\/#breadcrumb\"},\"inLanguage\":\"en-US\",\"potentialAction\":[{\"@type\":\"ReadAction\",\"target\":[\"https:\/\/www.ntf.uni-lj.si\/ntf\/news\/dnevi-odprtih-vrat\/\"]}]},{\"@type\":\"BreadcrumbList\",\"@id\":\"https:\/\/www.ntf.uni-lj.si\/ntf\/news\/dnevi-odprtih-vrat\/#breadcrumb\",\"itemListElement\":[{\"@type\":\"ListItem\",\"position\":1,\"name\":\"Domov\",\"item\":\"https:\/\/www.ntf.uni-lj.si\/ntf\/\"},{\"@type\":\"ListItem\",\"position\":2,\"name\":\"Novice\",\"item\":\"https:\/\/www.ntf.uni-lj.si\/ntf\/news\/\"},{\"@type\":\"ListItem\",\"position\":3,\"name\":\"Dnevi odprtih vrat\"}]}]}<\/script>\n<!-- \/ Yoast SEO plugin. -->","yoast_head_json":{"robots":{"index":"index","follow":"follow","max-snippet":"max-snippet:-1","max-image-preview":"max-image-preview:large","max-video-preview":"max-video-preview:-1"},"canonical":"https:\/\/www.ntf.uni-lj.si\/ntf\/news\/dnevi-odprtih-vrat\/","og_locale":"en_US","og_type":"article","og_title":"Dnevi odprtih vrat - NTF","og_description":"Dijaki vi\u0161jih letnikov vljudno vabljeni na Dneve odprtih vrat Naravoslovnotehni\u0161ke fakultete. V dneh med 14. in 16. marcem 2022 vas vabimo na izbrana predavanja, ki se jim lahko priklju\u010dite v \u017eivo. Predhodna prijava ni potrebna. Tokrat so vam na voljo predavanja s podro\u010dja Tekstilnega in obla\u010dilnega in\u017eenirstva: Ponedeljek, 14. 3. 2022 ob 14:30 uri: Usnje ... Read more","og_url":"https:\/\/www.ntf.uni-lj.si\/ntf\/news\/dnevi-odprtih-vrat\/","og_site_name":"NTF","article_modified_time":"2022-03-10T14:47:29+00:00","twitter_misc":{"Est. reading time":"1 minute"},"schema":{"@context":"https:\/\/schema.org","@graph":[{"@type":"WebSite","@id":"https:\/\/www.ntf.uni-lj.si\/ntf\/#website","url":"https:\/\/www.ntf.uni-lj.si\/ntf\/","name":"NTF","description":"Naravoslovnotehni\u0161ka fakulteta","potentialAction":[{"@type":"SearchAction","target":{"@type":"EntryPoint","urlTemplate":"https:\/\/www.ntf.uni-lj.si\/ntf\/?s={search_term_string}"},"query-input":"required name=search_term_string"}],"inLanguage":"en-US"},{"@type":"WebPage","@id":"https:\/\/www.ntf.uni-lj.si\/ntf\/news\/dnevi-odprtih-vrat\/#webpage","url":"https:\/\/www.ntf.uni-lj.si\/ntf\/news\/dnevi-odprtih-vrat\/","name":"Dnevi odprtih vrat - NTF","isPartOf":{"@id":"https:\/\/www.ntf.uni-lj.si\/ntf\/#website"},"datePublished":"2022-03-10T14:32:52+00:00","dateModified":"2022-03-10T14:47:29+00:00","breadcrumb":{"@id":"https:\/\/www.ntf.uni-lj.si\/ntf\/news\/dnevi-odprtih-vrat\/#breadcrumb"},"inLanguage":"en-US","potentialAction":[{"@type":"ReadAction","target":["https:\/\/www.ntf.uni-lj.si\/ntf\/news\/dnevi-odprtih-vrat\/"]}]},{"@type":"BreadcrumbList","@id":"https:\/\/www.ntf.uni-lj.si\/ntf\/news\/dnevi-odprtih-vrat\/#breadcrumb","itemListElement":[{"@type":"ListItem","position":1,"name":"Domov","item":"https:\/\/www.ntf.uni-lj.si\/ntf\/"},{"@type":"ListItem","position":2,"name":"Novice","item":"https:\/\/www.ntf.uni-lj.si\/ntf\/news\/"},{"@type":"ListItem","position":3,"name":"Dnevi odprtih vrat"}]}]}},"_links":{"self":[{"href":"https:\/\/www.ntf.uni-lj.si\/ntf\/wp-json\/wp\/v2\/news\/20701"}],"collection":[{"href":"https:\/\/www.ntf.uni-lj.si\/ntf\/wp-json\/wp\/v2\/news"}],"about":[{"href":"https:\/\/www.ntf.uni-lj.si\/ntf\/wp-json\/wp\/v2\/types\/news"}],"author":[{"embeddable":true,"href":"https:\/\/www.ntf.uni-lj.si\/ntf\/wp-json\/wp\/v2\/users\/171"}],"version-history":[{"count":4,"href":"https:\/\/www.ntf.uni-lj.si\/ntf\/wp-json\/wp\/v2\/news\/20701\/revisions"}],"predecessor-version":[{"id":20705,"href":"https:\/\/www.ntf.uni-lj.si\/ntf\/wp-json\/wp\/v2\/news\/20701\/revisions\/20705"}],"wp:attachment":[{"href":"https:\/\/www.ntf.uni-lj.si\/ntf\/wp-json\/wp\/v2\/media?parent=20701"}],"wp:term":[{"taxonomy":"category","embeddable":true,"href":"https:\/\/www.ntf.uni-lj.si\/ntf\/wp-json\/wp\/v2\/categories?post=20701"}],"curies":[{"name":"wp","href":"https:\/\/api.w.org\/{rel}","templated":true}]}}