{"id":21312,"date":"2022-05-13T09:14:00","date_gmt":"2022-05-13T07:14:00","guid":{"rendered":"https:\/\/www.ntf.uni-lj.si\/ntf\/?post_type=news&#038;p=21312"},"modified":"2022-05-13T09:18:14","modified_gmt":"2022-05-13T07:18:14","slug":"sejem-akademske-knjige-liber-ac","status":"publish","type":"news","link":"https:\/\/www.ntf.uni-lj.si\/ntf\/news\/sejem-akademske-knjige-liber-ac\/","title":{"rendered":"Sejem akademske knjige Liber.ac"},"content":{"rendered":"<p><strong>Sejem akademske knjige Liber.ac<\/strong>\u00a0je zasnovan kot tridnevna javna prireditev s spremljevalnim programom, s katero se v slovenskem prostoru uveljavlja nov tip knji\u017enega sejma, obenem pa se vzpostavlja novo kulturno in komunikacijsko sredi\u0161\u010de.<\/p>\n<p>Sejem se bo odvijal med 24. in 26. majem v Foersterjevem vrtu za Filozofsko fakulteto.<\/p>\n<p>Sejem povezuje razli\u010dne akterje s podro\u010dja produkcije in promocije akademske knjige od univerzitetnih zalo\u017eb in knjigarn do univerzitetnih knji\u017enic. Opozarja na raznolikost in visoko kvaliteto slovenskega akademskega zalo\u017eni\u0161tva, najnovej\u0161e dose\u017eke znanosti in interdisciplinarne razvojne usmeritve v visokem \u0161olstvu. Obenem posku\u0161a akademsko knjigo pribli\u017eati \u0161ir\u0161i zainteresirani javnosti, \u0161tudentom in dijakom, ki se odlo\u010dajo o izbiri \u0161tudija,\u00a0pa tudi tistim, ki se v okviru vse\u017eivljenjskega izobra\u017eevanja odlo\u010dajo za univerzitetno izobrazbo.<\/p>\n<p>Ve\u010d informacij in spremljevalni program sta dostopna <a href=\"https:\/\/liberac.ff.uni-lj.si\/program-liber-ac\/\">na povezavi<\/a>.<\/p>\n<p><a href=\"https:\/\/www.ntf.uni-lj.si\/ntf\/wp-content\/uploads\/sites\/2\/2022\/05\/liberac_2022_fb_ig_2000_2000.jpg\"><img loading=\"lazy\" width=\"300\" height=\"300\" class=\"alignnone size-medium wp-image-21314\" src=\"https:\/\/www.ntf.uni-lj.si\/ntf\/wp-content\/uploads\/sites\/2\/2022\/05\/liberac_2022_fb_ig_2000_2000-300x300.jpg\" alt=\"\" srcset=\"https:\/\/www.ntf.uni-lj.si\/ntf\/wp-content\/uploads\/sites\/2\/2022\/05\/liberac_2022_fb_ig_2000_2000-300x300.jpg 300w, https:\/\/www.ntf.uni-lj.si\/ntf\/wp-content\/uploads\/sites\/2\/2022\/05\/liberac_2022_fb_ig_2000_2000-1024x1024.jpg 1024w, https:\/\/www.ntf.uni-lj.si\/ntf\/wp-content\/uploads\/sites\/2\/2022\/05\/liberac_2022_fb_ig_2000_2000-150x150.jpg 150w, https:\/\/www.ntf.uni-lj.si\/ntf\/wp-content\/uploads\/sites\/2\/2022\/05\/liberac_2022_fb_ig_2000_2000-768x768.jpg 768w, https:\/\/www.ntf.uni-lj.si\/ntf\/wp-content\/uploads\/sites\/2\/2022\/05\/liberac_2022_fb_ig_2000_2000-1536x1536.jpg 1536w, https:\/\/www.ntf.uni-lj.si\/ntf\/wp-content\/uploads\/sites\/2\/2022\/05\/liberac_2022_fb_ig_2000_2000.jpg 2000w\" sizes=\"(max-width: 300px) 100vw, 300px\" \/><\/a><\/p>\n","protected":false},"excerpt":{"rendered":"Sejem akademske knjige Liber.ac\u00a0je zasnovan kot tridnevna javna prireditev s spremljevalnim programom, s katero se v slovenskem prostoru uveljavlja nov tip knji\u017enega sejma, obenem pa se vzpostavlja novo kulturno in komunikacijsko sredi\u0161\u010de. Sejem se bo odvijal med 24. in 26. majem v Foersterjevem vrtu za Filozofsko fakulteto. Sejem povezuje razli\u010dne akterje s podro\u010dja produkcije in &#8230; <a class=\"view-article\" href=\"https:\/\/www.ntf.uni-lj.si\/ntf\/news\/sejem-akademske-knjige-liber-ac\/\">Read more<\/a>","protected":false},"author":171,"featured_media":0,"template":"","categories":[],"acf":[],"yoast_head":"<!-- This site is optimized with the Yoast SEO plugin v17.0 - https:\/\/yoast.com\/wordpress\/plugins\/seo\/ -->\n<meta name=\"robots\" content=\"index, follow, max-snippet:-1, max-image-preview:large, max-video-preview:-1\" \/>\n<link rel=\"canonical\" href=\"https:\/\/www.ntf.uni-lj.si\/ntf\/news\/sejem-akademske-knjige-liber-ac\/\" \/>\n<meta property=\"og:locale\" content=\"en_US\" \/>\n<meta property=\"og:type\" content=\"article\" \/>\n<meta property=\"og:title\" content=\"Sejem akademske knjige Liber.ac - NTF\" \/>\n<meta property=\"og:description\" content=\"Sejem akademske knjige Liber.ac\u00a0je zasnovan kot tridnevna javna prireditev s spremljevalnim programom, s katero se v slovenskem prostoru uveljavlja nov tip knji\u017enega sejma, obenem pa se vzpostavlja novo kulturno in komunikacijsko sredi\u0161\u010de. Sejem se bo odvijal med 24. in 26. majem v Foersterjevem vrtu za Filozofsko fakulteto. Sejem povezuje razli\u010dne akterje s podro\u010dja produkcije in ... Read more\" \/>\n<meta property=\"og:url\" content=\"https:\/\/www.ntf.uni-lj.si\/ntf\/news\/sejem-akademske-knjige-liber-ac\/\" \/>\n<meta property=\"og:site_name\" content=\"NTF\" \/>\n<meta property=\"article:modified_time\" content=\"2022-05-13T07:18:14+00:00\" \/>\n<meta property=\"og:image\" content=\"https:\/\/www.ntf.uni-lj.si\/ntf\/wp-content\/uploads\/sites\/2\/2022\/05\/liberac_2022_fb_ig_2000_2000-300x300.jpg\" \/>\n<meta name=\"twitter:label1\" content=\"Est. reading time\" \/>\n\t<meta name=\"twitter:data1\" content=\"1 minute\" \/>\n<script type=\"application\/ld+json\" class=\"yoast-schema-graph\">{\"@context\":\"https:\/\/schema.org\",\"@graph\":[{\"@type\":\"WebSite\",\"@id\":\"https:\/\/www.ntf.uni-lj.si\/ntf\/#website\",\"url\":\"https:\/\/www.ntf.uni-lj.si\/ntf\/\",\"name\":\"NTF\",\"description\":\"Naravoslovnotehni\\u0161ka fakulteta\",\"potentialAction\":[{\"@type\":\"SearchAction\",\"target\":{\"@type\":\"EntryPoint\",\"urlTemplate\":\"https:\/\/www.ntf.uni-lj.si\/ntf\/?s={search_term_string}\"},\"query-input\":\"required name=search_term_string\"}],\"inLanguage\":\"en-US\"},{\"@type\":\"ImageObject\",\"@id\":\"https:\/\/www.ntf.uni-lj.si\/ntf\/news\/sejem-akademske-knjige-liber-ac\/#primaryimage\",\"inLanguage\":\"en-US\",\"url\":\"https:\/\/www.ntf.uni-lj.si\/ntf\/wp-content\/uploads\/sites\/2\/2022\/05\/liberac_2022_fb_ig_2000_2000.jpg\",\"contentUrl\":\"https:\/\/www.ntf.uni-lj.si\/ntf\/wp-content\/uploads\/sites\/2\/2022\/05\/liberac_2022_fb_ig_2000_2000.jpg\",\"width\":2000,\"height\":2000},{\"@type\":\"WebPage\",\"@id\":\"https:\/\/www.ntf.uni-lj.si\/ntf\/news\/sejem-akademske-knjige-liber-ac\/#webpage\",\"url\":\"https:\/\/www.ntf.uni-lj.si\/ntf\/news\/sejem-akademske-knjige-liber-ac\/\",\"name\":\"Sejem akademske knjige Liber.ac - NTF\",\"isPartOf\":{\"@id\":\"https:\/\/www.ntf.uni-lj.si\/ntf\/#website\"},\"primaryImageOfPage\":{\"@id\":\"https:\/\/www.ntf.uni-lj.si\/ntf\/news\/sejem-akademske-knjige-liber-ac\/#primaryimage\"},\"datePublished\":\"2022-05-13T07:14:00+00:00\",\"dateModified\":\"2022-05-13T07:18:14+00:00\",\"breadcrumb\":{\"@id\":\"https:\/\/www.ntf.uni-lj.si\/ntf\/news\/sejem-akademske-knjige-liber-ac\/#breadcrumb\"},\"inLanguage\":\"en-US\",\"potentialAction\":[{\"@type\":\"ReadAction\",\"target\":[\"https:\/\/www.ntf.uni-lj.si\/ntf\/news\/sejem-akademske-knjige-liber-ac\/\"]}]},{\"@type\":\"BreadcrumbList\",\"@id\":\"https:\/\/www.ntf.uni-lj.si\/ntf\/news\/sejem-akademske-knjige-liber-ac\/#breadcrumb\",\"itemListElement\":[{\"@type\":\"ListItem\",\"position\":1,\"name\":\"Domov\",\"item\":\"https:\/\/www.ntf.uni-lj.si\/ntf\/\"},{\"@type\":\"ListItem\",\"position\":2,\"name\":\"Novice\",\"item\":\"https:\/\/www.ntf.uni-lj.si\/ntf\/news\/\"},{\"@type\":\"ListItem\",\"position\":3,\"name\":\"Sejem akademske knjige Liber.ac\"}]}]}<\/script>\n<!-- \/ Yoast SEO plugin. -->","yoast_head_json":{"robots":{"index":"index","follow":"follow","max-snippet":"max-snippet:-1","max-image-preview":"max-image-preview:large","max-video-preview":"max-video-preview:-1"},"canonical":"https:\/\/www.ntf.uni-lj.si\/ntf\/news\/sejem-akademske-knjige-liber-ac\/","og_locale":"en_US","og_type":"article","og_title":"Sejem akademske knjige Liber.ac - NTF","og_description":"Sejem akademske knjige Liber.ac\u00a0je zasnovan kot tridnevna javna prireditev s spremljevalnim programom, s katero se v slovenskem prostoru uveljavlja nov tip knji\u017enega sejma, obenem pa se vzpostavlja novo kulturno in komunikacijsko sredi\u0161\u010de. Sejem se bo odvijal med 24. in 26. majem v Foersterjevem vrtu za Filozofsko fakulteto. Sejem povezuje razli\u010dne akterje s podro\u010dja produkcije in ... Read more","og_url":"https:\/\/www.ntf.uni-lj.si\/ntf\/news\/sejem-akademske-knjige-liber-ac\/","og_site_name":"NTF","article_modified_time":"2022-05-13T07:18:14+00:00","og_image":[{"url":"https:\/\/www.ntf.uni-lj.si\/ntf\/wp-content\/uploads\/sites\/2\/2022\/05\/liberac_2022_fb_ig_2000_2000-300x300.jpg"}],"twitter_misc":{"Est. reading time":"1 minute"},"schema":{"@context":"https:\/\/schema.org","@graph":[{"@type":"WebSite","@id":"https:\/\/www.ntf.uni-lj.si\/ntf\/#website","url":"https:\/\/www.ntf.uni-lj.si\/ntf\/","name":"NTF","description":"Naravoslovnotehni\u0161ka fakulteta","potentialAction":[{"@type":"SearchAction","target":{"@type":"EntryPoint","urlTemplate":"https:\/\/www.ntf.uni-lj.si\/ntf\/?s={search_term_string}"},"query-input":"required name=search_term_string"}],"inLanguage":"en-US"},{"@type":"ImageObject","@id":"https:\/\/www.ntf.uni-lj.si\/ntf\/news\/sejem-akademske-knjige-liber-ac\/#primaryimage","inLanguage":"en-US","url":"https:\/\/www.ntf.uni-lj.si\/ntf\/wp-content\/uploads\/sites\/2\/2022\/05\/liberac_2022_fb_ig_2000_2000.jpg","contentUrl":"https:\/\/www.ntf.uni-lj.si\/ntf\/wp-content\/uploads\/sites\/2\/2022\/05\/liberac_2022_fb_ig_2000_2000.jpg","width":2000,"height":2000},{"@type":"WebPage","@id":"https:\/\/www.ntf.uni-lj.si\/ntf\/news\/sejem-akademske-knjige-liber-ac\/#webpage","url":"https:\/\/www.ntf.uni-lj.si\/ntf\/news\/sejem-akademske-knjige-liber-ac\/","name":"Sejem akademske knjige Liber.ac - NTF","isPartOf":{"@id":"https:\/\/www.ntf.uni-lj.si\/ntf\/#website"},"primaryImageOfPage":{"@id":"https:\/\/www.ntf.uni-lj.si\/ntf\/news\/sejem-akademske-knjige-liber-ac\/#primaryimage"},"datePublished":"2022-05-13T07:14:00+00:00","dateModified":"2022-05-13T07:18:14+00:00","breadcrumb":{"@id":"https:\/\/www.ntf.uni-lj.si\/ntf\/news\/sejem-akademske-knjige-liber-ac\/#breadcrumb"},"inLanguage":"en-US","potentialAction":[{"@type":"ReadAction","target":["https:\/\/www.ntf.uni-lj.si\/ntf\/news\/sejem-akademske-knjige-liber-ac\/"]}]},{"@type":"BreadcrumbList","@id":"https:\/\/www.ntf.uni-lj.si\/ntf\/news\/sejem-akademske-knjige-liber-ac\/#breadcrumb","itemListElement":[{"@type":"ListItem","position":1,"name":"Domov","item":"https:\/\/www.ntf.uni-lj.si\/ntf\/"},{"@type":"ListItem","position":2,"name":"Novice","item":"https:\/\/www.ntf.uni-lj.si\/ntf\/news\/"},{"@type":"ListItem","position":3,"name":"Sejem akademske knjige Liber.ac"}]}]}},"_links":{"self":[{"href":"https:\/\/www.ntf.uni-lj.si\/ntf\/wp-json\/wp\/v2\/news\/21312"}],"collection":[{"href":"https:\/\/www.ntf.uni-lj.si\/ntf\/wp-json\/wp\/v2\/news"}],"about":[{"href":"https:\/\/www.ntf.uni-lj.si\/ntf\/wp-json\/wp\/v2\/types\/news"}],"author":[{"embeddable":true,"href":"https:\/\/www.ntf.uni-lj.si\/ntf\/wp-json\/wp\/v2\/users\/171"}],"version-history":[{"count":3,"href":"https:\/\/www.ntf.uni-lj.si\/ntf\/wp-json\/wp\/v2\/news\/21312\/revisions"}],"predecessor-version":[{"id":21317,"href":"https:\/\/www.ntf.uni-lj.si\/ntf\/wp-json\/wp\/v2\/news\/21312\/revisions\/21317"}],"wp:attachment":[{"href":"https:\/\/www.ntf.uni-lj.si\/ntf\/wp-json\/wp\/v2\/media?parent=21312"}],"wp:term":[{"taxonomy":"category","embeddable":true,"href":"https:\/\/www.ntf.uni-lj.si\/ntf\/wp-json\/wp\/v2\/categories?post=21312"}],"curies":[{"name":"wp","href":"https:\/\/api.w.org\/{rel}","templated":true}]}}