{"id":21470,"date":"2022-06-02T07:15:56","date_gmt":"2022-06-02T05:15:56","guid":{"rendered":"https:\/\/www.ntf.uni-lj.si\/ntf\/?post_type=news&#038;p=21470"},"modified":"2022-06-02T07:15:56","modified_gmt":"2022-06-02T05:15:56","slug":"informativni-dan-doktorskega-programa-varstvo-okolja","status":"publish","type":"news","link":"https:\/\/www.ntf.uni-lj.si\/ntf\/news\/informativni-dan-doktorskega-programa-varstvo-okolja\/","title":{"rendered":"Informativni dan doktorskega programa Varstvo okolja"},"content":{"rendered":"<p>Obve\u0161\u010damo vas, da bo\u00a0informativni dan interdisciplinarnega doktorskega \u0161tudijskega programa Varstvo okolja v sredo, 8. 6. 2022 ob 13. uri, po Zoomu na povezavi: <a href=\"https:\/\/uni-lj-si.zoom.us\/j\/97651874590\">https:\/\/uni-lj-si.zoom.us\/j\/97651874590<\/a><\/p>\n<p>Predstavitev \u0161tudijskega programa bosta vodili prof. dr. Andreja \u017dgajnar Gotvajn in prof. dr. Vasilka Sancin. Univerzitetna slu\u017eba za doktorski \u0161tudij bo prav tako na voljo za morebitna vpra\u0161anja.<\/p>\n<p>Ve\u010d informacij na <a href=\"https:\/\/www.uni-lj.si\/studij\/doktorski\/varstvo-okolja\/\">spletni strani \u0161tudijskega programa.<\/a><\/p>\n","protected":false},"excerpt":{"rendered":"Obve\u0161\u010damo vas, da bo\u00a0informativni dan interdisciplinarnega doktorskega \u0161tudijskega programa Varstvo okolja v sredo, 8. 6. 2022 ob 13. uri, po Zoomu na povezavi: https:\/\/uni-lj-si.zoom.us\/j\/97651874590 Predstavitev \u0161tudijskega programa bosta vodili prof. dr. Andreja \u017dgajnar Gotvajn in prof. dr. Vasilka Sancin. Univerzitetna slu\u017eba za doktorski \u0161tudij bo prav tako na voljo za morebitna vpra\u0161anja. Ve\u010d informacij na &#8230; <a class=\"view-article\" href=\"https:\/\/www.ntf.uni-lj.si\/ntf\/news\/informativni-dan-doktorskega-programa-varstvo-okolja\/\">Read more<\/a>","protected":false},"author":33,"featured_media":0,"template":"","categories":[],"acf":[],"yoast_head":"<!-- This site is optimized with the Yoast SEO plugin v17.0 - https:\/\/yoast.com\/wordpress\/plugins\/seo\/ -->\n<meta name=\"robots\" content=\"index, follow, max-snippet:-1, max-image-preview:large, max-video-preview:-1\" \/>\n<link rel=\"canonical\" href=\"https:\/\/www.ntf.uni-lj.si\/ntf\/news\/informativni-dan-doktorskega-programa-varstvo-okolja\/\" \/>\n<meta property=\"og:locale\" content=\"en_US\" \/>\n<meta property=\"og:type\" content=\"article\" \/>\n<meta property=\"og:title\" content=\"Informativni dan doktorskega programa Varstvo okolja - NTF\" \/>\n<meta property=\"og:description\" content=\"Obve\u0161\u010damo vas, da bo\u00a0informativni dan interdisciplinarnega doktorskega \u0161tudijskega programa Varstvo okolja v sredo, 8. 6. 2022 ob 13. uri, po Zoomu na povezavi: https:\/\/uni-lj-si.zoom.us\/j\/97651874590 Predstavitev \u0161tudijskega programa bosta vodili prof. dr. Andreja \u017dgajnar Gotvajn in prof. dr. Vasilka Sancin. Univerzitetna slu\u017eba za doktorski \u0161tudij bo prav tako na voljo za morebitna vpra\u0161anja. Ve\u010d informacij na ... Read more\" \/>\n<meta property=\"og:url\" content=\"https:\/\/www.ntf.uni-lj.si\/ntf\/news\/informativni-dan-doktorskega-programa-varstvo-okolja\/\" \/>\n<meta property=\"og:site_name\" content=\"NTF\" \/>\n<script type=\"application\/ld+json\" class=\"yoast-schema-graph\">{\"@context\":\"https:\/\/schema.org\",\"@graph\":[{\"@type\":\"WebSite\",\"@id\":\"https:\/\/www.ntf.uni-lj.si\/ntf\/#website\",\"url\":\"https:\/\/www.ntf.uni-lj.si\/ntf\/\",\"name\":\"NTF\",\"description\":\"Naravoslovnotehni\\u0161ka fakulteta\",\"potentialAction\":[{\"@type\":\"SearchAction\",\"target\":{\"@type\":\"EntryPoint\",\"urlTemplate\":\"https:\/\/www.ntf.uni-lj.si\/ntf\/?s={search_term_string}\"},\"query-input\":\"required name=search_term_string\"}],\"inLanguage\":\"en-US\"},{\"@type\":\"WebPage\",\"@id\":\"https:\/\/www.ntf.uni-lj.si\/ntf\/news\/informativni-dan-doktorskega-programa-varstvo-okolja\/#webpage\",\"url\":\"https:\/\/www.ntf.uni-lj.si\/ntf\/news\/informativni-dan-doktorskega-programa-varstvo-okolja\/\",\"name\":\"Informativni dan doktorskega programa Varstvo okolja - NTF\",\"isPartOf\":{\"@id\":\"https:\/\/www.ntf.uni-lj.si\/ntf\/#website\"},\"datePublished\":\"2022-06-02T05:15:56+00:00\",\"dateModified\":\"2022-06-02T05:15:56+00:00\",\"breadcrumb\":{\"@id\":\"https:\/\/www.ntf.uni-lj.si\/ntf\/news\/informativni-dan-doktorskega-programa-varstvo-okolja\/#breadcrumb\"},\"inLanguage\":\"en-US\",\"potentialAction\":[{\"@type\":\"ReadAction\",\"target\":[\"https:\/\/www.ntf.uni-lj.si\/ntf\/news\/informativni-dan-doktorskega-programa-varstvo-okolja\/\"]}]},{\"@type\":\"BreadcrumbList\",\"@id\":\"https:\/\/www.ntf.uni-lj.si\/ntf\/news\/informativni-dan-doktorskega-programa-varstvo-okolja\/#breadcrumb\",\"itemListElement\":[{\"@type\":\"ListItem\",\"position\":1,\"name\":\"Domov\",\"item\":\"https:\/\/www.ntf.uni-lj.si\/ntf\/\"},{\"@type\":\"ListItem\",\"position\":2,\"name\":\"Novice\",\"item\":\"https:\/\/www.ntf.uni-lj.si\/ntf\/news\/\"},{\"@type\":\"ListItem\",\"position\":3,\"name\":\"Informativni dan doktorskega programa Varstvo okolja\"}]}]}<\/script>\n<!-- \/ Yoast SEO plugin. -->","yoast_head_json":{"robots":{"index":"index","follow":"follow","max-snippet":"max-snippet:-1","max-image-preview":"max-image-preview:large","max-video-preview":"max-video-preview:-1"},"canonical":"https:\/\/www.ntf.uni-lj.si\/ntf\/news\/informativni-dan-doktorskega-programa-varstvo-okolja\/","og_locale":"en_US","og_type":"article","og_title":"Informativni dan doktorskega programa Varstvo okolja - NTF","og_description":"Obve\u0161\u010damo vas, da bo\u00a0informativni dan interdisciplinarnega doktorskega \u0161tudijskega programa Varstvo okolja v sredo, 8. 6. 2022 ob 13. uri, po Zoomu na povezavi: https:\/\/uni-lj-si.zoom.us\/j\/97651874590 Predstavitev \u0161tudijskega programa bosta vodili prof. dr. Andreja \u017dgajnar Gotvajn in prof. dr. Vasilka Sancin. Univerzitetna slu\u017eba za doktorski \u0161tudij bo prav tako na voljo za morebitna vpra\u0161anja. Ve\u010d informacij na ... Read more","og_url":"https:\/\/www.ntf.uni-lj.si\/ntf\/news\/informativni-dan-doktorskega-programa-varstvo-okolja\/","og_site_name":"NTF","schema":{"@context":"https:\/\/schema.org","@graph":[{"@type":"WebSite","@id":"https:\/\/www.ntf.uni-lj.si\/ntf\/#website","url":"https:\/\/www.ntf.uni-lj.si\/ntf\/","name":"NTF","description":"Naravoslovnotehni\u0161ka fakulteta","potentialAction":[{"@type":"SearchAction","target":{"@type":"EntryPoint","urlTemplate":"https:\/\/www.ntf.uni-lj.si\/ntf\/?s={search_term_string}"},"query-input":"required name=search_term_string"}],"inLanguage":"en-US"},{"@type":"WebPage","@id":"https:\/\/www.ntf.uni-lj.si\/ntf\/news\/informativni-dan-doktorskega-programa-varstvo-okolja\/#webpage","url":"https:\/\/www.ntf.uni-lj.si\/ntf\/news\/informativni-dan-doktorskega-programa-varstvo-okolja\/","name":"Informativni dan doktorskega programa Varstvo okolja - NTF","isPartOf":{"@id":"https:\/\/www.ntf.uni-lj.si\/ntf\/#website"},"datePublished":"2022-06-02T05:15:56+00:00","dateModified":"2022-06-02T05:15:56+00:00","breadcrumb":{"@id":"https:\/\/www.ntf.uni-lj.si\/ntf\/news\/informativni-dan-doktorskega-programa-varstvo-okolja\/#breadcrumb"},"inLanguage":"en-US","potentialAction":[{"@type":"ReadAction","target":["https:\/\/www.ntf.uni-lj.si\/ntf\/news\/informativni-dan-doktorskega-programa-varstvo-okolja\/"]}]},{"@type":"BreadcrumbList","@id":"https:\/\/www.ntf.uni-lj.si\/ntf\/news\/informativni-dan-doktorskega-programa-varstvo-okolja\/#breadcrumb","itemListElement":[{"@type":"ListItem","position":1,"name":"Domov","item":"https:\/\/www.ntf.uni-lj.si\/ntf\/"},{"@type":"ListItem","position":2,"name":"Novice","item":"https:\/\/www.ntf.uni-lj.si\/ntf\/news\/"},{"@type":"ListItem","position":3,"name":"Informativni dan doktorskega programa Varstvo okolja"}]}]}},"_links":{"self":[{"href":"https:\/\/www.ntf.uni-lj.si\/ntf\/wp-json\/wp\/v2\/news\/21470"}],"collection":[{"href":"https:\/\/www.ntf.uni-lj.si\/ntf\/wp-json\/wp\/v2\/news"}],"about":[{"href":"https:\/\/www.ntf.uni-lj.si\/ntf\/wp-json\/wp\/v2\/types\/news"}],"author":[{"embeddable":true,"href":"https:\/\/www.ntf.uni-lj.si\/ntf\/wp-json\/wp\/v2\/users\/33"}],"version-history":[{"count":1,"href":"https:\/\/www.ntf.uni-lj.si\/ntf\/wp-json\/wp\/v2\/news\/21470\/revisions"}],"predecessor-version":[{"id":21471,"href":"https:\/\/www.ntf.uni-lj.si\/ntf\/wp-json\/wp\/v2\/news\/21470\/revisions\/21471"}],"wp:attachment":[{"href":"https:\/\/www.ntf.uni-lj.si\/ntf\/wp-json\/wp\/v2\/media?parent=21470"}],"wp:term":[{"taxonomy":"category","embeddable":true,"href":"https:\/\/www.ntf.uni-lj.si\/ntf\/wp-json\/wp\/v2\/categories?post=21470"}],"curies":[{"name":"wp","href":"https:\/\/api.w.org\/{rel}","templated":true}]}}