{"id":21605,"date":"2022-06-22T15:12:34","date_gmt":"2022-06-22T13:12:34","guid":{"rendered":"https:\/\/www.ntf.uni-lj.si\/ntf\/?post_type=news&#038;p=21605"},"modified":"2022-06-24T11:30:15","modified_gmt":"2022-06-24T09:30:15","slug":"tehniski-dan-za-8-razrede-osnovnih-sol","status":"publish","type":"news","link":"https:\/\/www.ntf.uni-lj.si\/ntf\/news\/tehniski-dan-za-8-razrede-osnovnih-sol\/","title":{"rendered":"Tehni\u0161ki dan za 8. razrede osnovnih \u0161ol"},"content":{"rendered":"<p>V tem tednu so nas obiskali u\u010denci 8. razredov osnovne \u0161ole Majde Vrhovnik, osnovne \u0161ole Vodmat ter osnovne \u0161ole Oskarja Kova\u010di\u010da.<br \/>\nV okviru tehni\u0161kega dne so si u\u010denci v ponedeljek, 20. 6. 2022 ogledali dve razstavi ter v sklopu delavnice oblikovali kompozicije, ki so jih s pomo\u010djo transfernega papirja prenesli na majice. V sredo, 22. junija pa so nas obiskali likovno nadarjeni u\u010denci, za katere smo izvedli le delavnico.<\/p>\n<div dir=\"auto\">Hvala u\u010dencem in u\u010diteljem za prijetna dopoldneva.<\/div>\n<div dir=\"auto\"><\/div>\n<div dir=\"auto\">Dogodek smo organizirali v sodelovanju s projektom <a class=\"oajrlxb2 g5ia77u1 qu0x051f esr5mh6w e9989ue4 r7d6kgcz rq0escxv nhd2j8a9 nc684nl6 p7hjln8o kvgmc6g5 cxmmr5t8 oygrvhab hcukyx3x jb3vyjys rz4wbd8a qt6c0cv9 a8nywdso i1ao9s8h esuyzwwr f1sip0of lzcic4wl gpro0wi8 q66pz984 b1v8xokw\" role=\"link\" href=\"https:\/\/www.facebook.com\/InzenirjiBomo\/?__cft__[0]=AZVrujgdaDpjsvNlI-YmqDbxBCyCFyK5pxXh74cpeE6zHzB4x-OU9-2O91ej2nh_u0JaLAx9a8liIdur20Yxo_M0qXXk_2OqOwAkWu8w-R_wHbIPznAAjmpm0UuJDSu8ye5r--2plm_sNymMB-2FNHBzR-5f24HV6VPHYVFu7oXoj5KSR6V4X9BrG7Yqe2BlB0S-0uvhCFDDgab3lXyyfhkD&amp;__tn__=kK-R\"><span class=\"nc684nl6\">In\u017eenirke in in\u017eenirji bomo <\/span><\/a>ter Mesto ob\u010dino Ljubljana.<\/div>\n","protected":false},"excerpt":{"rendered":"V tem tednu so nas obiskali u\u010denci 8. razredov osnovne \u0161ole Majde Vrhovnik, osnovne \u0161ole Vodmat ter osnovne \u0161ole Oskarja Kova\u010di\u010da. V okviru tehni\u0161kega dne so si u\u010denci v ponedeljek, 20. 6. 2022 ogledali dve razstavi ter v sklopu delavnice oblikovali kompozicije, ki so jih s pomo\u010djo transfernega papirja prenesli na majice. V sredo, 22. &#8230; <a class=\"view-article\" href=\"https:\/\/www.ntf.uni-lj.si\/ntf\/news\/tehniski-dan-za-8-razrede-osnovnih-sol\/\">Read more<\/a>","protected":false},"author":171,"featured_media":0,"template":"","categories":[],"acf":[],"yoast_head":"<!-- This site is optimized with the Yoast SEO plugin v17.0 - https:\/\/yoast.com\/wordpress\/plugins\/seo\/ -->\n<meta name=\"robots\" content=\"index, follow, max-snippet:-1, max-image-preview:large, max-video-preview:-1\" \/>\n<link rel=\"canonical\" href=\"https:\/\/www.ntf.uni-lj.si\/ntf\/news\/tehniski-dan-za-8-razrede-osnovnih-sol\/\" \/>\n<meta property=\"og:locale\" content=\"en_US\" \/>\n<meta property=\"og:type\" content=\"article\" \/>\n<meta property=\"og:title\" content=\"Tehni\u0161ki dan za 8. razrede osnovnih \u0161ol - NTF\" \/>\n<meta property=\"og:description\" content=\"V tem tednu so nas obiskali u\u010denci 8. razredov osnovne \u0161ole Majde Vrhovnik, osnovne \u0161ole Vodmat ter osnovne \u0161ole Oskarja Kova\u010di\u010da. V okviru tehni\u0161kega dne so si u\u010denci v ponedeljek, 20. 6. 2022 ogledali dve razstavi ter v sklopu delavnice oblikovali kompozicije, ki so jih s pomo\u010djo transfernega papirja prenesli na majice. V sredo, 22. ... Read more\" \/>\n<meta property=\"og:url\" content=\"https:\/\/www.ntf.uni-lj.si\/ntf\/news\/tehniski-dan-za-8-razrede-osnovnih-sol\/\" \/>\n<meta property=\"og:site_name\" content=\"NTF\" \/>\n<meta property=\"article:modified_time\" content=\"2022-06-24T09:30:15+00:00\" \/>\n<meta name=\"twitter:label1\" content=\"Est. reading time\" \/>\n\t<meta name=\"twitter:data1\" content=\"1 minute\" \/>\n<script type=\"application\/ld+json\" class=\"yoast-schema-graph\">{\"@context\":\"https:\/\/schema.org\",\"@graph\":[{\"@type\":\"WebSite\",\"@id\":\"https:\/\/www.ntf.uni-lj.si\/ntf\/#website\",\"url\":\"https:\/\/www.ntf.uni-lj.si\/ntf\/\",\"name\":\"NTF\",\"description\":\"Naravoslovnotehni\\u0161ka fakulteta\",\"potentialAction\":[{\"@type\":\"SearchAction\",\"target\":{\"@type\":\"EntryPoint\",\"urlTemplate\":\"https:\/\/www.ntf.uni-lj.si\/ntf\/?s={search_term_string}\"},\"query-input\":\"required name=search_term_string\"}],\"inLanguage\":\"en-US\"},{\"@type\":\"WebPage\",\"@id\":\"https:\/\/www.ntf.uni-lj.si\/ntf\/news\/tehniski-dan-za-8-razrede-osnovnih-sol\/#webpage\",\"url\":\"https:\/\/www.ntf.uni-lj.si\/ntf\/news\/tehniski-dan-za-8-razrede-osnovnih-sol\/\",\"name\":\"Tehni\\u0161ki dan za 8. razrede osnovnih \\u0161ol - NTF\",\"isPartOf\":{\"@id\":\"https:\/\/www.ntf.uni-lj.si\/ntf\/#website\"},\"datePublished\":\"2022-06-22T13:12:34+00:00\",\"dateModified\":\"2022-06-24T09:30:15+00:00\",\"breadcrumb\":{\"@id\":\"https:\/\/www.ntf.uni-lj.si\/ntf\/news\/tehniski-dan-za-8-razrede-osnovnih-sol\/#breadcrumb\"},\"inLanguage\":\"en-US\",\"potentialAction\":[{\"@type\":\"ReadAction\",\"target\":[\"https:\/\/www.ntf.uni-lj.si\/ntf\/news\/tehniski-dan-za-8-razrede-osnovnih-sol\/\"]}]},{\"@type\":\"BreadcrumbList\",\"@id\":\"https:\/\/www.ntf.uni-lj.si\/ntf\/news\/tehniski-dan-za-8-razrede-osnovnih-sol\/#breadcrumb\",\"itemListElement\":[{\"@type\":\"ListItem\",\"position\":1,\"name\":\"Domov\",\"item\":\"https:\/\/www.ntf.uni-lj.si\/ntf\/\"},{\"@type\":\"ListItem\",\"position\":2,\"name\":\"Novice\",\"item\":\"https:\/\/www.ntf.uni-lj.si\/ntf\/news\/\"},{\"@type\":\"ListItem\",\"position\":3,\"name\":\"Tehni\\u0161ki dan za 8. razrede osnovnih \\u0161ol\"}]}]}<\/script>\n<!-- \/ Yoast SEO plugin. -->","yoast_head_json":{"robots":{"index":"index","follow":"follow","max-snippet":"max-snippet:-1","max-image-preview":"max-image-preview:large","max-video-preview":"max-video-preview:-1"},"canonical":"https:\/\/www.ntf.uni-lj.si\/ntf\/news\/tehniski-dan-za-8-razrede-osnovnih-sol\/","og_locale":"en_US","og_type":"article","og_title":"Tehni\u0161ki dan za 8. razrede osnovnih \u0161ol - NTF","og_description":"V tem tednu so nas obiskali u\u010denci 8. razredov osnovne \u0161ole Majde Vrhovnik, osnovne \u0161ole Vodmat ter osnovne \u0161ole Oskarja Kova\u010di\u010da. V okviru tehni\u0161kega dne so si u\u010denci v ponedeljek, 20. 6. 2022 ogledali dve razstavi ter v sklopu delavnice oblikovali kompozicije, ki so jih s pomo\u010djo transfernega papirja prenesli na majice. V sredo, 22. ... Read more","og_url":"https:\/\/www.ntf.uni-lj.si\/ntf\/news\/tehniski-dan-za-8-razrede-osnovnih-sol\/","og_site_name":"NTF","article_modified_time":"2022-06-24T09:30:15+00:00","twitter_misc":{"Est. reading time":"1 minute"},"schema":{"@context":"https:\/\/schema.org","@graph":[{"@type":"WebSite","@id":"https:\/\/www.ntf.uni-lj.si\/ntf\/#website","url":"https:\/\/www.ntf.uni-lj.si\/ntf\/","name":"NTF","description":"Naravoslovnotehni\u0161ka fakulteta","potentialAction":[{"@type":"SearchAction","target":{"@type":"EntryPoint","urlTemplate":"https:\/\/www.ntf.uni-lj.si\/ntf\/?s={search_term_string}"},"query-input":"required name=search_term_string"}],"inLanguage":"en-US"},{"@type":"WebPage","@id":"https:\/\/www.ntf.uni-lj.si\/ntf\/news\/tehniski-dan-za-8-razrede-osnovnih-sol\/#webpage","url":"https:\/\/www.ntf.uni-lj.si\/ntf\/news\/tehniski-dan-za-8-razrede-osnovnih-sol\/","name":"Tehni\u0161ki dan za 8. razrede osnovnih \u0161ol - NTF","isPartOf":{"@id":"https:\/\/www.ntf.uni-lj.si\/ntf\/#website"},"datePublished":"2022-06-22T13:12:34+00:00","dateModified":"2022-06-24T09:30:15+00:00","breadcrumb":{"@id":"https:\/\/www.ntf.uni-lj.si\/ntf\/news\/tehniski-dan-za-8-razrede-osnovnih-sol\/#breadcrumb"},"inLanguage":"en-US","potentialAction":[{"@type":"ReadAction","target":["https:\/\/www.ntf.uni-lj.si\/ntf\/news\/tehniski-dan-za-8-razrede-osnovnih-sol\/"]}]},{"@type":"BreadcrumbList","@id":"https:\/\/www.ntf.uni-lj.si\/ntf\/news\/tehniski-dan-za-8-razrede-osnovnih-sol\/#breadcrumb","itemListElement":[{"@type":"ListItem","position":1,"name":"Domov","item":"https:\/\/www.ntf.uni-lj.si\/ntf\/"},{"@type":"ListItem","position":2,"name":"Novice","item":"https:\/\/www.ntf.uni-lj.si\/ntf\/news\/"},{"@type":"ListItem","position":3,"name":"Tehni\u0161ki dan za 8. razrede osnovnih \u0161ol"}]}]}},"_links":{"self":[{"href":"https:\/\/www.ntf.uni-lj.si\/ntf\/wp-json\/wp\/v2\/news\/21605"}],"collection":[{"href":"https:\/\/www.ntf.uni-lj.si\/ntf\/wp-json\/wp\/v2\/news"}],"about":[{"href":"https:\/\/www.ntf.uni-lj.si\/ntf\/wp-json\/wp\/v2\/types\/news"}],"author":[{"embeddable":true,"href":"https:\/\/www.ntf.uni-lj.si\/ntf\/wp-json\/wp\/v2\/users\/171"}],"version-history":[{"count":2,"href":"https:\/\/www.ntf.uni-lj.si\/ntf\/wp-json\/wp\/v2\/news\/21605\/revisions"}],"predecessor-version":[{"id":21635,"href":"https:\/\/www.ntf.uni-lj.si\/ntf\/wp-json\/wp\/v2\/news\/21605\/revisions\/21635"}],"wp:attachment":[{"href":"https:\/\/www.ntf.uni-lj.si\/ntf\/wp-json\/wp\/v2\/media?parent=21605"}],"wp:term":[{"taxonomy":"category","embeddable":true,"href":"https:\/\/www.ntf.uni-lj.si\/ntf\/wp-json\/wp\/v2\/categories?post=21605"}],"curies":[{"name":"wp","href":"https:\/\/api.w.org\/{rel}","templated":true}]}}