{"id":25006,"date":"2023-09-13T10:09:40","date_gmt":"2023-09-13T08:09:40","guid":{"rendered":"https:\/\/www.ntf.uni-lj.si\/ntf\/?post_type=news&#038;p=25006"},"modified":"2023-09-13T11:12:55","modified_gmt":"2023-09-13T09:12:55","slug":"razpis-erasmus-nepedagoska-izmenjava-stt-23-24-odprt","status":"publish","type":"news","link":"https:\/\/www.ntf.uni-lj.si\/ntf\/news\/razpis-erasmus-nepedagoska-izmenjava-stt-23-24-odprt\/","title":{"rendered":"Razpis Erasmus+ nepedago\u0161ka izmenjava STT 23\/24 &#8211; ODPRT"},"content":{"rendered":"<div>\n<p><span class=\"x_ContentPasted0\">Univerza v Ljubljani je objavila razpis in podporno dokumentacijo za <strong>Erasmus+ STT 2023-24 (mobilnost osebja za namen usposabljanja), z upravi\u010denim obdobjem od 1.10.2023 do 30.6.2024.<\/strong> Mobilnost osebja za namen usposabljanja (Erasmus+ STT) (\u00bbStaff Mobility for Training\u00ab) se v okviru programa Erasmus+ med programskimi dr\u017eavami (KA131) nana\u0161a na mobilnost neakademskega osebja (zaposleni v pla\u010dnih skupinah H in J) visoko\u0161olskih institucij z namenom usposabljanja.<\/span><\/p>\n<p><b>Prijave za ta razpis bodo na UL prijave zaposlenih zbirali sproti.<\/b><\/p>\n<\/div>\n<div>\n<p><b><span class=\"x_ContentPasted0\">Prijave bodo odprte od 25.9.2023 dalje, do porabe sredstev oziroma najkasneje do 10.6.2024.<\/span><\/b><\/p>\n<\/div>\n<p>Ve\u010d informacij najdete na\u00a0<a href=\"https:\/\/www.ntf.uni-lj.si\/ntf\/studij\/mednarodna-izmenjava\/zaposleni\/erasmus-razpis\/\">na\u0161i spletni strani<\/a>, razpis skupaj s prijavno dokumentacijo pa je bil poslan tudi vsem zaposlenim.<\/p>\n<p>&nbsp;<\/p>\n","protected":false},"excerpt":{"rendered":"Univerza v Ljubljani je objavila razpis in podporno dokumentacijo za Erasmus+ STT 2023-24 (mobilnost osebja za namen usposabljanja), z upravi\u010denim obdobjem od 1.10.2023 do 30.6.2024. Mobilnost osebja za namen usposabljanja (Erasmus+ STT) (\u00bbStaff Mobility for Training\u00ab) se v okviru programa Erasmus+ med programskimi dr\u017eavami (KA131) nana\u0161a na mobilnost neakademskega osebja (zaposleni v pla\u010dnih skupinah H &#8230; <a class=\"view-article\" href=\"https:\/\/www.ntf.uni-lj.si\/ntf\/news\/razpis-erasmus-nepedagoska-izmenjava-stt-23-24-odprt\/\">Read more<\/a>","protected":false},"author":374,"featured_media":0,"template":"","categories":[561],"class_list":["post-25006","news","type-news","status-publish","hentry","category-tujina-razpisi-zaposlen"],"acf":[],"_links":{"self":[{"href":"https:\/\/www.ntf.uni-lj.si\/ntf\/wp-json\/wp\/v2\/news\/25006","targetHints":{"allow":["GET"]}}],"collection":[{"href":"https:\/\/www.ntf.uni-lj.si\/ntf\/wp-json\/wp\/v2\/news"}],"about":[{"href":"https:\/\/www.ntf.uni-lj.si\/ntf\/wp-json\/wp\/v2\/types\/news"}],"author":[{"embeddable":true,"href":"https:\/\/www.ntf.uni-lj.si\/ntf\/wp-json\/wp\/v2\/users\/374"}],"version-history":[{"count":2,"href":"https:\/\/www.ntf.uni-lj.si\/ntf\/wp-json\/wp\/v2\/news\/25006\/revisions"}],"predecessor-version":[{"id":25018,"href":"https:\/\/www.ntf.uni-lj.si\/ntf\/wp-json\/wp\/v2\/news\/25006\/revisions\/25018"}],"wp:attachment":[{"href":"https:\/\/www.ntf.uni-lj.si\/ntf\/wp-json\/wp\/v2\/media?parent=25006"}],"wp:term":[{"taxonomy":"category","embeddable":true,"href":"https:\/\/www.ntf.uni-lj.si\/ntf\/wp-json\/wp\/v2\/categories?post=25006"}],"curies":[{"name":"wp","href":"https:\/\/api.w.org\/{rel}","templated":true}]}}