{"id":25051,"date":"2023-09-20T09:14:50","date_gmt":"2023-09-20T07:14:50","guid":{"rendered":"https:\/\/www.ntf.uni-lj.si\/ntf\/?post_type=news&#038;p=25051"},"modified":"2023-09-20T09:15:54","modified_gmt":"2023-09-20T07:15:54","slug":"zalna-seja","status":"publish","type":"news","link":"https:\/\/www.ntf.uni-lj.si\/ntf\/news\/zalna-seja\/","title":{"rendered":"\u017dalna seja"},"content":{"rendered":"<p class=\"x_MsoNormal\">Vljudno vabljeni na \u017ealno sejo ob smrti <strong>izr. prof. dr. Francija Sluge<\/strong>, upokojenega profesorja tekstilstva, ki bo\u00a0<b>v<\/b>\u00a0<b>sredo, 27. septembra 2023, s pri\u010detkom ob 11. uri\u00a0<\/b>v predavalnici\u00a0<b>P \u2013 104<\/b>\u00a0na Sne\u017eni\u0161ki 5 v Ljubljani.<br \/>\nVpis v \u017ealno knjigo bo mogo\u010d od jutri, 20.9. do 27.9.2023 v pisarni Oddelka za tekstilstvo, grafiko in oblikovanje na Sne\u017eni\u0161ki ulici.<\/p>\n","protected":false},"excerpt":{"rendered":"Vljudno vabljeni na \u017ealno sejo ob smrti izr. prof. dr. Francija Sluge, upokojenega profesorja tekstilstva, ki bo\u00a0v\u00a0sredo, 27. septembra 2023, s pri\u010detkom ob 11. uri\u00a0v predavalnici\u00a0P \u2013 104\u00a0na Sne\u017eni\u0161ki 5 v Ljubljani. Vpis v \u017ealno knjigo bo mogo\u010d od jutri, 20.9. do 27.9.2023 v pisarni Oddelka za tekstilstvo, grafiko in oblikovanje na Sne\u017eni\u0161ki ulici.","protected":false},"author":171,"featured_media":0,"template":"","categories":[],"class_list":["post-25051","news","type-news","status-publish","hentry"],"acf":[],"_links":{"self":[{"href":"https:\/\/www.ntf.uni-lj.si\/ntf\/wp-json\/wp\/v2\/news\/25051","targetHints":{"allow":["GET"]}}],"collection":[{"href":"https:\/\/www.ntf.uni-lj.si\/ntf\/wp-json\/wp\/v2\/news"}],"about":[{"href":"https:\/\/www.ntf.uni-lj.si\/ntf\/wp-json\/wp\/v2\/types\/news"}],"author":[{"embeddable":true,"href":"https:\/\/www.ntf.uni-lj.si\/ntf\/wp-json\/wp\/v2\/users\/171"}],"version-history":[{"count":2,"href":"https:\/\/www.ntf.uni-lj.si\/ntf\/wp-json\/wp\/v2\/news\/25051\/revisions"}],"predecessor-version":[{"id":25054,"href":"https:\/\/www.ntf.uni-lj.si\/ntf\/wp-json\/wp\/v2\/news\/25051\/revisions\/25054"}],"wp:attachment":[{"href":"https:\/\/www.ntf.uni-lj.si\/ntf\/wp-json\/wp\/v2\/media?parent=25051"}],"wp:term":[{"taxonomy":"category","embeddable":true,"href":"https:\/\/www.ntf.uni-lj.si\/ntf\/wp-json\/wp\/v2\/categories?post=25051"}],"curies":[{"name":"wp","href":"https:\/\/api.w.org\/{rel}","templated":true}]}}