{"id":25211,"date":"2023-10-03T13:58:17","date_gmt":"2023-10-03T11:58:17","guid":{"rendered":"https:\/\/www.ntf.uni-lj.si\/ntf\/?post_type=news&#038;p=25211"},"modified":"2023-10-03T13:59:39","modified_gmt":"2023-10-03T11:59:39","slug":"sprejem-brucev-na-fakulteti","status":"publish","type":"news","link":"https:\/\/www.ntf.uni-lj.si\/ntf\/news\/sprejem-brucev-na-fakulteti\/","title":{"rendered":"Sprejem brucev na fakulteti"},"content":{"rendered":"<p>Naravoslovnotehni\u0161ka fakulteta je v\u010deraj pozdravila 290 novih \u0161tudentov, ki so za\u010deli svojo fakultetno pot.<br \/>\nSprejem brucev, ki je potekal na vseh \u0161tudijskih programih na\u0161e fakultete, je bil poln navdu\u0161enja in obetov za prihodnost. Bruci so imeli prilo\u017enost spoznati nekatere profesorje, asistente in strokovne slu\u017ebe.<br \/>\nDekanja Naravoslovnotehni\u0161ke fakultete, prof. Ur\u0161ka Stankovi\u0107 Elesini, je v svojem pozdravnem nagovoru izrazila dobrodo\u0161lico novim \u0161tudentom ter poudarila pomen raziskovanja in izobra\u017eevanja na fakulteti.<br \/>\nS sprejemom brucev se na fakulteti za\u010denja novo \u0161tudijsko leto, polno prilo\u017enosti za \u0161tudente, da razvijajo svoje talente, se izobra\u017eujejo in soustvarjajo prihodnost.<\/p>\n<p>Vsem \u0161tudentom NTF \u017eelimo uspe\u0161no \u0161tudijsko leto.<\/p>\n<p>&nbsp;<\/p>\n","protected":false},"excerpt":{"rendered":"Naravoslovnotehni\u0161ka fakulteta je v\u010deraj pozdravila 290 novih \u0161tudentov, ki so za\u010deli svojo fakultetno pot. Sprejem brucev, ki je potekal na vseh \u0161tudijskih programih na\u0161e fakultete, je bil poln navdu\u0161enja in obetov za prihodnost. Bruci so imeli prilo\u017enost spoznati nekatere profesorje, asistente in strokovne slu\u017ebe. Dekanja Naravoslovnotehni\u0161ke fakultete, prof. Ur\u0161ka Stankovi\u0107 Elesini, je v svojem pozdravnem &#8230; <a class=\"view-article\" href=\"https:\/\/www.ntf.uni-lj.si\/ntf\/news\/sprejem-brucev-na-fakulteti\/\">Read more<\/a>","protected":false},"author":171,"featured_media":0,"template":"","categories":[],"acf":[],"yoast_head":"<!-- This site is optimized with the Yoast SEO plugin v17.0 - https:\/\/yoast.com\/wordpress\/plugins\/seo\/ -->\n<meta name=\"robots\" content=\"index, follow, max-snippet:-1, max-image-preview:large, max-video-preview:-1\" \/>\n<link rel=\"canonical\" href=\"https:\/\/www.ntf.uni-lj.si\/ntf\/news\/sprejem-brucev-na-fakulteti\/\" \/>\n<meta property=\"og:locale\" content=\"en_US\" \/>\n<meta property=\"og:type\" content=\"article\" \/>\n<meta property=\"og:title\" content=\"Sprejem brucev na fakulteti - NTF\" \/>\n<meta property=\"og:description\" content=\"Naravoslovnotehni\u0161ka fakulteta je v\u010deraj pozdravila 290 novih \u0161tudentov, ki so za\u010deli svojo fakultetno pot. Sprejem brucev, ki je potekal na vseh \u0161tudijskih programih na\u0161e fakultete, je bil poln navdu\u0161enja in obetov za prihodnost. Bruci so imeli prilo\u017enost spoznati nekatere profesorje, asistente in strokovne slu\u017ebe. Dekanja Naravoslovnotehni\u0161ke fakultete, prof. Ur\u0161ka Stankovi\u0107 Elesini, je v svojem pozdravnem ... Read more\" \/>\n<meta property=\"og:url\" content=\"https:\/\/www.ntf.uni-lj.si\/ntf\/news\/sprejem-brucev-na-fakulteti\/\" \/>\n<meta property=\"og:site_name\" content=\"NTF\" \/>\n<meta property=\"article:modified_time\" content=\"2023-10-03T11:59:39+00:00\" \/>\n<meta name=\"twitter:label1\" content=\"Est. reading time\" \/>\n\t<meta name=\"twitter:data1\" content=\"1 minute\" \/>\n<script type=\"application\/ld+json\" class=\"yoast-schema-graph\">{\"@context\":\"https:\/\/schema.org\",\"@graph\":[{\"@type\":\"WebSite\",\"@id\":\"https:\/\/www.ntf.uni-lj.si\/ntf\/#website\",\"url\":\"https:\/\/www.ntf.uni-lj.si\/ntf\/\",\"name\":\"NTF\",\"description\":\"Naravoslovnotehni\\u0161ka fakulteta\",\"potentialAction\":[{\"@type\":\"SearchAction\",\"target\":{\"@type\":\"EntryPoint\",\"urlTemplate\":\"https:\/\/www.ntf.uni-lj.si\/ntf\/?s={search_term_string}\"},\"query-input\":\"required name=search_term_string\"}],\"inLanguage\":\"en-US\"},{\"@type\":\"WebPage\",\"@id\":\"https:\/\/www.ntf.uni-lj.si\/ntf\/news\/sprejem-brucev-na-fakulteti\/#webpage\",\"url\":\"https:\/\/www.ntf.uni-lj.si\/ntf\/news\/sprejem-brucev-na-fakulteti\/\",\"name\":\"Sprejem brucev na fakulteti - NTF\",\"isPartOf\":{\"@id\":\"https:\/\/www.ntf.uni-lj.si\/ntf\/#website\"},\"datePublished\":\"2023-10-03T11:58:17+00:00\",\"dateModified\":\"2023-10-03T11:59:39+00:00\",\"breadcrumb\":{\"@id\":\"https:\/\/www.ntf.uni-lj.si\/ntf\/news\/sprejem-brucev-na-fakulteti\/#breadcrumb\"},\"inLanguage\":\"en-US\",\"potentialAction\":[{\"@type\":\"ReadAction\",\"target\":[\"https:\/\/www.ntf.uni-lj.si\/ntf\/news\/sprejem-brucev-na-fakulteti\/\"]}]},{\"@type\":\"BreadcrumbList\",\"@id\":\"https:\/\/www.ntf.uni-lj.si\/ntf\/news\/sprejem-brucev-na-fakulteti\/#breadcrumb\",\"itemListElement\":[{\"@type\":\"ListItem\",\"position\":1,\"name\":\"Domov\",\"item\":\"https:\/\/www.ntf.uni-lj.si\/ntf\/\"},{\"@type\":\"ListItem\",\"position\":2,\"name\":\"Novice\",\"item\":\"https:\/\/www.ntf.uni-lj.si\/ntf\/news\/\"},{\"@type\":\"ListItem\",\"position\":3,\"name\":\"Sprejem brucev na fakulteti\"}]}]}<\/script>\n<!-- \/ Yoast SEO plugin. -->","yoast_head_json":{"robots":{"index":"index","follow":"follow","max-snippet":"max-snippet:-1","max-image-preview":"max-image-preview:large","max-video-preview":"max-video-preview:-1"},"canonical":"https:\/\/www.ntf.uni-lj.si\/ntf\/news\/sprejem-brucev-na-fakulteti\/","og_locale":"en_US","og_type":"article","og_title":"Sprejem brucev na fakulteti - NTF","og_description":"Naravoslovnotehni\u0161ka fakulteta je v\u010deraj pozdravila 290 novih \u0161tudentov, ki so za\u010deli svojo fakultetno pot. Sprejem brucev, ki je potekal na vseh \u0161tudijskih programih na\u0161e fakultete, je bil poln navdu\u0161enja in obetov za prihodnost. Bruci so imeli prilo\u017enost spoznati nekatere profesorje, asistente in strokovne slu\u017ebe. Dekanja Naravoslovnotehni\u0161ke fakultete, prof. Ur\u0161ka Stankovi\u0107 Elesini, je v svojem pozdravnem ... Read more","og_url":"https:\/\/www.ntf.uni-lj.si\/ntf\/news\/sprejem-brucev-na-fakulteti\/","og_site_name":"NTF","article_modified_time":"2023-10-03T11:59:39+00:00","twitter_misc":{"Est. reading time":"1 minute"},"schema":{"@context":"https:\/\/schema.org","@graph":[{"@type":"WebSite","@id":"https:\/\/www.ntf.uni-lj.si\/ntf\/#website","url":"https:\/\/www.ntf.uni-lj.si\/ntf\/","name":"NTF","description":"Naravoslovnotehni\u0161ka fakulteta","potentialAction":[{"@type":"SearchAction","target":{"@type":"EntryPoint","urlTemplate":"https:\/\/www.ntf.uni-lj.si\/ntf\/?s={search_term_string}"},"query-input":"required name=search_term_string"}],"inLanguage":"en-US"},{"@type":"WebPage","@id":"https:\/\/www.ntf.uni-lj.si\/ntf\/news\/sprejem-brucev-na-fakulteti\/#webpage","url":"https:\/\/www.ntf.uni-lj.si\/ntf\/news\/sprejem-brucev-na-fakulteti\/","name":"Sprejem brucev na fakulteti - NTF","isPartOf":{"@id":"https:\/\/www.ntf.uni-lj.si\/ntf\/#website"},"datePublished":"2023-10-03T11:58:17+00:00","dateModified":"2023-10-03T11:59:39+00:00","breadcrumb":{"@id":"https:\/\/www.ntf.uni-lj.si\/ntf\/news\/sprejem-brucev-na-fakulteti\/#breadcrumb"},"inLanguage":"en-US","potentialAction":[{"@type":"ReadAction","target":["https:\/\/www.ntf.uni-lj.si\/ntf\/news\/sprejem-brucev-na-fakulteti\/"]}]},{"@type":"BreadcrumbList","@id":"https:\/\/www.ntf.uni-lj.si\/ntf\/news\/sprejem-brucev-na-fakulteti\/#breadcrumb","itemListElement":[{"@type":"ListItem","position":1,"name":"Domov","item":"https:\/\/www.ntf.uni-lj.si\/ntf\/"},{"@type":"ListItem","position":2,"name":"Novice","item":"https:\/\/www.ntf.uni-lj.si\/ntf\/news\/"},{"@type":"ListItem","position":3,"name":"Sprejem brucev na fakulteti"}]}]}},"_links":{"self":[{"href":"https:\/\/www.ntf.uni-lj.si\/ntf\/wp-json\/wp\/v2\/news\/25211"}],"collection":[{"href":"https:\/\/www.ntf.uni-lj.si\/ntf\/wp-json\/wp\/v2\/news"}],"about":[{"href":"https:\/\/www.ntf.uni-lj.si\/ntf\/wp-json\/wp\/v2\/types\/news"}],"author":[{"embeddable":true,"href":"https:\/\/www.ntf.uni-lj.si\/ntf\/wp-json\/wp\/v2\/users\/171"}],"version-history":[{"count":3,"href":"https:\/\/www.ntf.uni-lj.si\/ntf\/wp-json\/wp\/v2\/news\/25211\/revisions"}],"predecessor-version":[{"id":25221,"href":"https:\/\/www.ntf.uni-lj.si\/ntf\/wp-json\/wp\/v2\/news\/25211\/revisions\/25221"}],"wp:attachment":[{"href":"https:\/\/www.ntf.uni-lj.si\/ntf\/wp-json\/wp\/v2\/media?parent=25211"}],"wp:term":[{"taxonomy":"category","embeddable":true,"href":"https:\/\/www.ntf.uni-lj.si\/ntf\/wp-json\/wp\/v2\/categories?post=25211"}],"curies":[{"name":"wp","href":"https:\/\/api.w.org\/{rel}","templated":true}]}}