{"id":25241,"date":"2023-10-05T15:02:48","date_gmt":"2023-10-05T13:02:48","guid":{"rendered":"https:\/\/www.ntf.uni-lj.si\/ntf\/?post_type=news&#038;p=25241"},"modified":"2023-10-05T15:02:48","modified_gmt":"2023-10-05T13:02:48","slug":"zalna-seja-2","status":"publish","type":"news","link":"https:\/\/www.ntf.uni-lj.si\/ntf\/news\/zalna-seja-2\/","title":{"rendered":"\u017dalna seja"},"content":{"rendered":"<p class=\"x_MsoNormal\">Vljudno vabljeni na \u017ealno sejo ob smrti <strong>prof. dr. Ladislava Kosca<\/strong>, upokojenega profesorja ,\u00a0ki bo\u00a0<b>v<\/b>\u00a0<b>torek, 17. oktobra 2023, s pri\u010detkom ob 14. uri\u00a0<\/b>v predavalnici\u00a0<b>P \u2013 5<\/b>\u00a0na A\u0161ker\u010devi 12 v Ljubljani.<br \/>\nVpis v \u017ealno knjigo bo mogo\u010d od petka, 6.10. do 17.10.2023 v pisarni Oddelka za materiale in metalurgijo na A\u0161ker\u010devi 12.<\/p>\n","protected":false},"excerpt":{"rendered":"Vljudno vabljeni na \u017ealno sejo ob smrti prof. dr. Ladislava Kosca, upokojenega profesorja ,\u00a0ki bo\u00a0v\u00a0torek, 17. oktobra 2023, s pri\u010detkom ob 14. uri\u00a0v predavalnici\u00a0P \u2013 5\u00a0na A\u0161ker\u010devi 12 v Ljubljani. Vpis v \u017ealno knjigo bo mogo\u010d od petka, 6.10. do 17.10.2023 v pisarni Oddelka za materiale in metalurgijo na A\u0161ker\u010devi 12.","protected":false},"author":171,"featured_media":0,"template":"","categories":[],"acf":[],"yoast_head":"<!-- This site is optimized with the Yoast SEO plugin v17.0 - https:\/\/yoast.com\/wordpress\/plugins\/seo\/ -->\n<meta name=\"robots\" content=\"index, follow, max-snippet:-1, max-image-preview:large, max-video-preview:-1\" \/>\n<link rel=\"canonical\" href=\"https:\/\/www.ntf.uni-lj.si\/ntf\/news\/zalna-seja-2\/\" \/>\n<meta property=\"og:locale\" content=\"en_US\" \/>\n<meta property=\"og:type\" content=\"article\" \/>\n<meta property=\"og:title\" content=\"\u017dalna seja - NTF\" \/>\n<meta property=\"og:description\" content=\"Vljudno vabljeni na \u017ealno sejo ob smrti prof. dr. Ladislava Kosca, upokojenega profesorja ,\u00a0ki bo\u00a0v\u00a0torek, 17. oktobra 2023, s pri\u010detkom ob 14. uri\u00a0v predavalnici\u00a0P \u2013 5\u00a0na A\u0161ker\u010devi 12 v Ljubljani. Vpis v \u017ealno knjigo bo mogo\u010d od petka, 6.10. do 17.10.2023 v pisarni Oddelka za materiale in metalurgijo na A\u0161ker\u010devi 12.\" \/>\n<meta property=\"og:url\" content=\"https:\/\/www.ntf.uni-lj.si\/ntf\/news\/zalna-seja-2\/\" \/>\n<meta property=\"og:site_name\" content=\"NTF\" \/>\n<script type=\"application\/ld+json\" class=\"yoast-schema-graph\">{\"@context\":\"https:\/\/schema.org\",\"@graph\":[{\"@type\":\"WebSite\",\"@id\":\"https:\/\/www.ntf.uni-lj.si\/ntf\/#website\",\"url\":\"https:\/\/www.ntf.uni-lj.si\/ntf\/\",\"name\":\"NTF\",\"description\":\"Naravoslovnotehni\\u0161ka fakulteta\",\"potentialAction\":[{\"@type\":\"SearchAction\",\"target\":{\"@type\":\"EntryPoint\",\"urlTemplate\":\"https:\/\/www.ntf.uni-lj.si\/ntf\/?s={search_term_string}\"},\"query-input\":\"required name=search_term_string\"}],\"inLanguage\":\"en-US\"},{\"@type\":\"WebPage\",\"@id\":\"https:\/\/www.ntf.uni-lj.si\/ntf\/news\/zalna-seja-2\/#webpage\",\"url\":\"https:\/\/www.ntf.uni-lj.si\/ntf\/news\/zalna-seja-2\/\",\"name\":\"\\u017dalna seja - NTF\",\"isPartOf\":{\"@id\":\"https:\/\/www.ntf.uni-lj.si\/ntf\/#website\"},\"datePublished\":\"2023-10-05T13:02:48+00:00\",\"dateModified\":\"2023-10-05T13:02:48+00:00\",\"breadcrumb\":{\"@id\":\"https:\/\/www.ntf.uni-lj.si\/ntf\/news\/zalna-seja-2\/#breadcrumb\"},\"inLanguage\":\"en-US\",\"potentialAction\":[{\"@type\":\"ReadAction\",\"target\":[\"https:\/\/www.ntf.uni-lj.si\/ntf\/news\/zalna-seja-2\/\"]}]},{\"@type\":\"BreadcrumbList\",\"@id\":\"https:\/\/www.ntf.uni-lj.si\/ntf\/news\/zalna-seja-2\/#breadcrumb\",\"itemListElement\":[{\"@type\":\"ListItem\",\"position\":1,\"name\":\"Domov\",\"item\":\"https:\/\/www.ntf.uni-lj.si\/ntf\/\"},{\"@type\":\"ListItem\",\"position\":2,\"name\":\"Novice\",\"item\":\"https:\/\/www.ntf.uni-lj.si\/ntf\/news\/\"},{\"@type\":\"ListItem\",\"position\":3,\"name\":\"\\u017dalna seja\"}]}]}<\/script>\n<!-- \/ Yoast SEO plugin. -->","yoast_head_json":{"robots":{"index":"index","follow":"follow","max-snippet":"max-snippet:-1","max-image-preview":"max-image-preview:large","max-video-preview":"max-video-preview:-1"},"canonical":"https:\/\/www.ntf.uni-lj.si\/ntf\/news\/zalna-seja-2\/","og_locale":"en_US","og_type":"article","og_title":"\u017dalna seja - NTF","og_description":"Vljudno vabljeni na \u017ealno sejo ob smrti prof. dr. Ladislava Kosca, upokojenega profesorja ,\u00a0ki bo\u00a0v\u00a0torek, 17. oktobra 2023, s pri\u010detkom ob 14. uri\u00a0v predavalnici\u00a0P \u2013 5\u00a0na A\u0161ker\u010devi 12 v Ljubljani. Vpis v \u017ealno knjigo bo mogo\u010d od petka, 6.10. do 17.10.2023 v pisarni Oddelka za materiale in metalurgijo na A\u0161ker\u010devi 12.","og_url":"https:\/\/www.ntf.uni-lj.si\/ntf\/news\/zalna-seja-2\/","og_site_name":"NTF","schema":{"@context":"https:\/\/schema.org","@graph":[{"@type":"WebSite","@id":"https:\/\/www.ntf.uni-lj.si\/ntf\/#website","url":"https:\/\/www.ntf.uni-lj.si\/ntf\/","name":"NTF","description":"Naravoslovnotehni\u0161ka fakulteta","potentialAction":[{"@type":"SearchAction","target":{"@type":"EntryPoint","urlTemplate":"https:\/\/www.ntf.uni-lj.si\/ntf\/?s={search_term_string}"},"query-input":"required name=search_term_string"}],"inLanguage":"en-US"},{"@type":"WebPage","@id":"https:\/\/www.ntf.uni-lj.si\/ntf\/news\/zalna-seja-2\/#webpage","url":"https:\/\/www.ntf.uni-lj.si\/ntf\/news\/zalna-seja-2\/","name":"\u017dalna seja - NTF","isPartOf":{"@id":"https:\/\/www.ntf.uni-lj.si\/ntf\/#website"},"datePublished":"2023-10-05T13:02:48+00:00","dateModified":"2023-10-05T13:02:48+00:00","breadcrumb":{"@id":"https:\/\/www.ntf.uni-lj.si\/ntf\/news\/zalna-seja-2\/#breadcrumb"},"inLanguage":"en-US","potentialAction":[{"@type":"ReadAction","target":["https:\/\/www.ntf.uni-lj.si\/ntf\/news\/zalna-seja-2\/"]}]},{"@type":"BreadcrumbList","@id":"https:\/\/www.ntf.uni-lj.si\/ntf\/news\/zalna-seja-2\/#breadcrumb","itemListElement":[{"@type":"ListItem","position":1,"name":"Domov","item":"https:\/\/www.ntf.uni-lj.si\/ntf\/"},{"@type":"ListItem","position":2,"name":"Novice","item":"https:\/\/www.ntf.uni-lj.si\/ntf\/news\/"},{"@type":"ListItem","position":3,"name":"\u017dalna seja"}]}]}},"_links":{"self":[{"href":"https:\/\/www.ntf.uni-lj.si\/ntf\/wp-json\/wp\/v2\/news\/25241"}],"collection":[{"href":"https:\/\/www.ntf.uni-lj.si\/ntf\/wp-json\/wp\/v2\/news"}],"about":[{"href":"https:\/\/www.ntf.uni-lj.si\/ntf\/wp-json\/wp\/v2\/types\/news"}],"author":[{"embeddable":true,"href":"https:\/\/www.ntf.uni-lj.si\/ntf\/wp-json\/wp\/v2\/users\/171"}],"version-history":[{"count":1,"href":"https:\/\/www.ntf.uni-lj.si\/ntf\/wp-json\/wp\/v2\/news\/25241\/revisions"}],"predecessor-version":[{"id":25242,"href":"https:\/\/www.ntf.uni-lj.si\/ntf\/wp-json\/wp\/v2\/news\/25241\/revisions\/25242"}],"wp:attachment":[{"href":"https:\/\/www.ntf.uni-lj.si\/ntf\/wp-json\/wp\/v2\/media?parent=25241"}],"wp:term":[{"taxonomy":"category","embeddable":true,"href":"https:\/\/www.ntf.uni-lj.si\/ntf\/wp-json\/wp\/v2\/categories?post=25241"}],"curies":[{"name":"wp","href":"https:\/\/api.w.org\/{rel}","templated":true}]}}