{"id":25293,"date":"2023-10-16T11:37:14","date_gmt":"2023-10-16T09:37:14","guid":{"rendered":"https:\/\/www.ntf.uni-lj.si\/ntf\/?post_type=news&#038;p=25293"},"modified":"2023-10-16T11:37:14","modified_gmt":"2023-10-16T09:37:14","slug":"pricetek-pouka-gmt-izredni","status":"publish","type":"news","link":"https:\/\/www.ntf.uni-lj.si\/ntf\/news\/pricetek-pouka-gmt-izredni\/","title":{"rendered":"Pri\u010detek pouka GMT IZREDNI"},"content":{"rendered":"<p><strong>Pri\u010detek pouka bo za izredne \u0161tudente\u00a0\u00a019. 10. 2023\u00a0<\/strong><\/p>\n<p><strong>Urniki\u00a0<\/strong>so\u00a0<strong>objavljeni na:<\/strong>\u00a0<a href=\"https:\/\/wise-tt.com\/wtt_ulntf\/\">https:\/\/wise-tt.com\/wtt_ulntf\/<\/a>\u00a0 Glejte urnik GMT1.l-I-VSI.<\/p>\n<p>Vse v zvezi z vajami boste izvedeli na prvih predavanjih!<\/p>\n<ol start=\"2\">\n<li>letnik: Vse v zvezi z vajami (skupine, navodila&#8230;.), boste izvedeli na prvih predavanjih! Predavanja, ki jih ni na urniku, bodo izvedena v obliki konzultacij.<\/li>\n<\/ol>\n<p>&nbsp;<\/p>\n<p>Prostore in\u00a0 predavalnice si lahko ogledate na:\u00a0<a href=\"https:\/\/www.ntf.uni-lj.si\/igt\/o-nas\/prostori\/\">https:\/\/www.ntf.uni-lj.si\/igt\/o-nas\/prostori\/<\/a><\/p>\n<p>&nbsp;<\/p>\n<p>S prevzeto \u0161tudentsko identiteto lahko vstopate v \/ uporabljate:<\/p>\n<ul>\n<li>VIS\u00a0\u00a0<a href=\"https:\/\/www.ntf.uni-lj.si\/ntf\/studij\/referat\/vis\/\">https:\/\/www.ntf.uni-lj.si\/ntf\/studij\/referat\/vis\/<\/a><\/li>\n<li>Office 365 (zadnja verzija Office paketa)\u00a0<a href=\"https:\/\/www.office.com\/\">https:\/\/www.office.com\/<\/a><\/li>\n<li>MS\u00a0Teamse (del Office 365 paketa)<\/li>\n<li>Eduroam wifi (na vseh \u010dlanicah Univerz, knji\u017enicah, \u0161olah\u2026.)\u00a0\u00a0<a href=\"https:\/\/arnes.splet.arnes.si\/pomoc-uporabnikom\/eduroam\/\">https:\/\/arnes.splet.arnes.si\/pomoc-uporabnikom\/eduroam\/<\/a><\/li>\n<li>spletne u\u010dilnice NTF\u00a0\u00a0<a href=\"https:\/\/ucilnica.ntf.uni-lj.si\/\">https:\/\/ucilnica.ntf.uni-lj.si\/<\/a><\/li>\n<\/ul>\n<p>&nbsp;<\/p>\n<p>in<\/p>\n<p>\u0160TUDENTSKI MAIL!<\/p>\n<p>Vsa obvestila vam bodo poslana samo na \u0161tudentski mail. Tudi to e-po\u0161to ste prejeli na \u0161tudentski mail!<\/p>\n<p>V kolikor vam VIS deluje \u0161tudentski mail pa ne, nujno preverite delovanje na ID portalu UL in spremenite geslo. (\u00a0<a href=\"https:\/\/id.uni-lj.si\/\">https:\/\/id.uni-lj.si\/<\/a>\u00a0)<\/p>\n<p>V \u010detrtek 19.10. lahko pred pri\u010detkom (od 14h do 15:30) prevzamete \u0161e \u0161tudentsko izkaznico pri nas v referatu, v kolikor tega \u0161e niste storili. Seveda morate imeti pla\u010dane vse izstavljene ra\u010dune.<\/p>\n<ol start=\"2\">\n<li>letnik: V \u010detrtek 19.10. lahko pred pri\u010detkom (od 14h do 15:30) prevzamete \u0161e nalepko za \u0161tudentsko izkaznico pri nas v referatu, v kolikor tega \u0161e niste storili. Seveda morate imeti pla\u010dane vse izstavljene ra\u010dune.<\/li>\n<\/ol>\n<p>V kolikor ra\u010duna niste zasledili na svojem mailu, ga najdete v VISu v rubriki &#8220;Moje finance&#8221;.<\/p>\n<p>&nbsp;<\/p>\n<p>Uspe\u0161no \u0161tudijsko leto!<\/p>\n","protected":false},"excerpt":{"rendered":"Pri\u010detek pouka bo za izredne \u0161tudente\u00a0\u00a019. 10. 2023\u00a0 Urniki\u00a0so\u00a0objavljeni na:\u00a0https:\/\/wise-tt.com\/wtt_ulntf\/\u00a0 Glejte urnik GMT1.l-I-VSI. Vse v zvezi z vajami boste izvedeli na prvih predavanjih! letnik: Vse v zvezi z vajami (skupine, navodila&#8230;.), boste izvedeli na prvih predavanjih! Predavanja, ki jih ni na urniku, bodo izvedena v obliki konzultacij. &nbsp; Prostore in\u00a0 predavalnice si lahko ogledate na:\u00a0https:\/\/www.ntf.uni-lj.si\/igt\/o-nas\/prostori\/ &#8230; <a class=\"view-article\" href=\"https:\/\/www.ntf.uni-lj.si\/ntf\/news\/pricetek-pouka-gmt-izredni\/\">Read more<\/a>","protected":false},"author":377,"featured_media":0,"template":"","categories":[],"acf":[],"yoast_head":"<!-- This site is optimized with the Yoast SEO plugin v17.0 - https:\/\/yoast.com\/wordpress\/plugins\/seo\/ -->\n<meta name=\"robots\" content=\"index, follow, max-snippet:-1, max-image-preview:large, max-video-preview:-1\" \/>\n<link rel=\"canonical\" href=\"https:\/\/www.ntf.uni-lj.si\/ntf\/news\/pricetek-pouka-gmt-izredni\/\" \/>\n<meta property=\"og:locale\" content=\"en_US\" \/>\n<meta property=\"og:type\" content=\"article\" \/>\n<meta property=\"og:title\" content=\"Pri\u010detek pouka GMT IZREDNI - NTF\" \/>\n<meta property=\"og:description\" content=\"Pri\u010detek pouka bo za izredne \u0161tudente\u00a0\u00a019. 10. 2023\u00a0 Urniki\u00a0so\u00a0objavljeni na:\u00a0https:\/\/wise-tt.com\/wtt_ulntf\/\u00a0 Glejte urnik GMT1.l-I-VSI. Vse v zvezi z vajami boste izvedeli na prvih predavanjih! letnik: Vse v zvezi z vajami (skupine, navodila&#8230;.), boste izvedeli na prvih predavanjih! Predavanja, ki jih ni na urniku, bodo izvedena v obliki konzultacij. &nbsp; Prostore in\u00a0 predavalnice si lahko ogledate na:\u00a0https:\/\/www.ntf.uni-lj.si\/igt\/o-nas\/prostori\/ ... Read more\" \/>\n<meta property=\"og:url\" content=\"https:\/\/www.ntf.uni-lj.si\/ntf\/news\/pricetek-pouka-gmt-izredni\/\" \/>\n<meta property=\"og:site_name\" content=\"NTF\" \/>\n<meta name=\"twitter:label1\" content=\"Est. reading time\" \/>\n\t<meta name=\"twitter:data1\" content=\"1 minute\" \/>\n<script type=\"application\/ld+json\" class=\"yoast-schema-graph\">{\"@context\":\"https:\/\/schema.org\",\"@graph\":[{\"@type\":\"WebSite\",\"@id\":\"https:\/\/www.ntf.uni-lj.si\/ntf\/#website\",\"url\":\"https:\/\/www.ntf.uni-lj.si\/ntf\/\",\"name\":\"NTF\",\"description\":\"Naravoslovnotehni\\u0161ka fakulteta\",\"potentialAction\":[{\"@type\":\"SearchAction\",\"target\":{\"@type\":\"EntryPoint\",\"urlTemplate\":\"https:\/\/www.ntf.uni-lj.si\/ntf\/?s={search_term_string}\"},\"query-input\":\"required name=search_term_string\"}],\"inLanguage\":\"en-US\"},{\"@type\":\"WebPage\",\"@id\":\"https:\/\/www.ntf.uni-lj.si\/ntf\/news\/pricetek-pouka-gmt-izredni\/#webpage\",\"url\":\"https:\/\/www.ntf.uni-lj.si\/ntf\/news\/pricetek-pouka-gmt-izredni\/\",\"name\":\"Pri\\u010detek pouka GMT IZREDNI - NTF\",\"isPartOf\":{\"@id\":\"https:\/\/www.ntf.uni-lj.si\/ntf\/#website\"},\"datePublished\":\"2023-10-16T09:37:14+00:00\",\"dateModified\":\"2023-10-16T09:37:14+00:00\",\"breadcrumb\":{\"@id\":\"https:\/\/www.ntf.uni-lj.si\/ntf\/news\/pricetek-pouka-gmt-izredni\/#breadcrumb\"},\"inLanguage\":\"en-US\",\"potentialAction\":[{\"@type\":\"ReadAction\",\"target\":[\"https:\/\/www.ntf.uni-lj.si\/ntf\/news\/pricetek-pouka-gmt-izredni\/\"]}]},{\"@type\":\"BreadcrumbList\",\"@id\":\"https:\/\/www.ntf.uni-lj.si\/ntf\/news\/pricetek-pouka-gmt-izredni\/#breadcrumb\",\"itemListElement\":[{\"@type\":\"ListItem\",\"position\":1,\"name\":\"Domov\",\"item\":\"https:\/\/www.ntf.uni-lj.si\/ntf\/\"},{\"@type\":\"ListItem\",\"position\":2,\"name\":\"Novice\",\"item\":\"https:\/\/www.ntf.uni-lj.si\/ntf\/news\/\"},{\"@type\":\"ListItem\",\"position\":3,\"name\":\"Pri\\u010detek pouka GMT IZREDNI\"}]}]}<\/script>\n<!-- \/ Yoast SEO plugin. -->","yoast_head_json":{"robots":{"index":"index","follow":"follow","max-snippet":"max-snippet:-1","max-image-preview":"max-image-preview:large","max-video-preview":"max-video-preview:-1"},"canonical":"https:\/\/www.ntf.uni-lj.si\/ntf\/news\/pricetek-pouka-gmt-izredni\/","og_locale":"en_US","og_type":"article","og_title":"Pri\u010detek pouka GMT IZREDNI - NTF","og_description":"Pri\u010detek pouka bo za izredne \u0161tudente\u00a0\u00a019. 10. 2023\u00a0 Urniki\u00a0so\u00a0objavljeni na:\u00a0https:\/\/wise-tt.com\/wtt_ulntf\/\u00a0 Glejte urnik GMT1.l-I-VSI. Vse v zvezi z vajami boste izvedeli na prvih predavanjih! letnik: Vse v zvezi z vajami (skupine, navodila&#8230;.), boste izvedeli na prvih predavanjih! Predavanja, ki jih ni na urniku, bodo izvedena v obliki konzultacij. &nbsp; Prostore in\u00a0 predavalnice si lahko ogledate na:\u00a0https:\/\/www.ntf.uni-lj.si\/igt\/o-nas\/prostori\/ ... Read more","og_url":"https:\/\/www.ntf.uni-lj.si\/ntf\/news\/pricetek-pouka-gmt-izredni\/","og_site_name":"NTF","twitter_misc":{"Est. reading time":"1 minute"},"schema":{"@context":"https:\/\/schema.org","@graph":[{"@type":"WebSite","@id":"https:\/\/www.ntf.uni-lj.si\/ntf\/#website","url":"https:\/\/www.ntf.uni-lj.si\/ntf\/","name":"NTF","description":"Naravoslovnotehni\u0161ka fakulteta","potentialAction":[{"@type":"SearchAction","target":{"@type":"EntryPoint","urlTemplate":"https:\/\/www.ntf.uni-lj.si\/ntf\/?s={search_term_string}"},"query-input":"required name=search_term_string"}],"inLanguage":"en-US"},{"@type":"WebPage","@id":"https:\/\/www.ntf.uni-lj.si\/ntf\/news\/pricetek-pouka-gmt-izredni\/#webpage","url":"https:\/\/www.ntf.uni-lj.si\/ntf\/news\/pricetek-pouka-gmt-izredni\/","name":"Pri\u010detek pouka GMT IZREDNI - NTF","isPartOf":{"@id":"https:\/\/www.ntf.uni-lj.si\/ntf\/#website"},"datePublished":"2023-10-16T09:37:14+00:00","dateModified":"2023-10-16T09:37:14+00:00","breadcrumb":{"@id":"https:\/\/www.ntf.uni-lj.si\/ntf\/news\/pricetek-pouka-gmt-izredni\/#breadcrumb"},"inLanguage":"en-US","potentialAction":[{"@type":"ReadAction","target":["https:\/\/www.ntf.uni-lj.si\/ntf\/news\/pricetek-pouka-gmt-izredni\/"]}]},{"@type":"BreadcrumbList","@id":"https:\/\/www.ntf.uni-lj.si\/ntf\/news\/pricetek-pouka-gmt-izredni\/#breadcrumb","itemListElement":[{"@type":"ListItem","position":1,"name":"Domov","item":"https:\/\/www.ntf.uni-lj.si\/ntf\/"},{"@type":"ListItem","position":2,"name":"Novice","item":"https:\/\/www.ntf.uni-lj.si\/ntf\/news\/"},{"@type":"ListItem","position":3,"name":"Pri\u010detek pouka GMT IZREDNI"}]}]}},"_links":{"self":[{"href":"https:\/\/www.ntf.uni-lj.si\/ntf\/wp-json\/wp\/v2\/news\/25293"}],"collection":[{"href":"https:\/\/www.ntf.uni-lj.si\/ntf\/wp-json\/wp\/v2\/news"}],"about":[{"href":"https:\/\/www.ntf.uni-lj.si\/ntf\/wp-json\/wp\/v2\/types\/news"}],"author":[{"embeddable":true,"href":"https:\/\/www.ntf.uni-lj.si\/ntf\/wp-json\/wp\/v2\/users\/377"}],"version-history":[{"count":1,"href":"https:\/\/www.ntf.uni-lj.si\/ntf\/wp-json\/wp\/v2\/news\/25293\/revisions"}],"predecessor-version":[{"id":25297,"href":"https:\/\/www.ntf.uni-lj.si\/ntf\/wp-json\/wp\/v2\/news\/25293\/revisions\/25297"}],"wp:attachment":[{"href":"https:\/\/www.ntf.uni-lj.si\/ntf\/wp-json\/wp\/v2\/media?parent=25293"}],"wp:term":[{"taxonomy":"category","embeddable":true,"href":"https:\/\/www.ntf.uni-lj.si\/ntf\/wp-json\/wp\/v2\/categories?post=25293"}],"curies":[{"name":"wp","href":"https:\/\/api.w.org\/{rel}","templated":true}]}}