{"id":27158,"date":"2024-05-31T14:32:57","date_gmt":"2024-05-31T12:32:57","guid":{"rendered":"https:\/\/www.ntf.uni-lj.si\/ntf\/?post_type=news&#038;p=27158"},"modified":"2024-05-31T14:57:04","modified_gmt":"2024-05-31T12:57:04","slug":"coln-ntf-se-je-odlicno-odrezal","status":"publish","type":"news","link":"https:\/\/www.ntf.uni-lj.si\/ntf\/news\/coln-ntf-se-je-odlicno-odrezal\/","title":{"rendered":"\u010coln NTF se je odli\u010dno odrezal"},"content":{"rendered":"<div class=\"xdj266r x11i5rnm xat24cr x1mh8g0r x1vvkbs x126k92a\">\n<div dir=\"auto\">V sredo, 29. 5. 2024 je na Livadi potekalo tekmovanje <span class=\"html-span xdj266r x11i5rnm xat24cr x1mh8g0r xexx8yu x4uap5 x18d9i69 xkhd6sd x1hl2dhg x16tdsg8 x1vvkbs\"><span class=\"xt0psk2\">Univerza v Ljubljani<\/span><\/span> v velikem kanuju. Ekipa Naravoslovnotehni\u0161ke fakultete se je odli\u010dno odrezala in zasedla 8. mesto.<\/div>\n<\/div>\n<div class=\"x11i5rnm xat24cr x1mh8g0r x1vvkbs xtlvy1s x126k92a\">\n<div dir=\"auto\">\u010cestitke vsem sodelujo\u010dim!<\/div>\n<\/div>\n","protected":false},"excerpt":{"rendered":"V sredo, 29. 5. 2024 je na Livadi potekalo tekmovanje Univerza v Ljubljani v velikem kanuju. Ekipa Naravoslovnotehni\u0161ke fakultete se je odli\u010dno odrezala in zasedla 8. mesto. \u010cestitke vsem sodelujo\u010dim!","protected":false},"author":171,"featured_media":0,"template":"","categories":[],"acf":[],"yoast_head":"<!-- This site is optimized with the Yoast SEO plugin v17.0 - https:\/\/yoast.com\/wordpress\/plugins\/seo\/ -->\n<meta name=\"robots\" content=\"index, follow, max-snippet:-1, max-image-preview:large, max-video-preview:-1\" \/>\n<link rel=\"canonical\" href=\"https:\/\/www.ntf.uni-lj.si\/ntf\/news\/coln-ntf-se-je-odlicno-odrezal\/\" \/>\n<meta property=\"og:locale\" content=\"en_US\" \/>\n<meta property=\"og:type\" content=\"article\" \/>\n<meta property=\"og:title\" content=\"\u010coln NTF se je odli\u010dno odrezal - NTF\" \/>\n<meta property=\"og:description\" content=\"V sredo, 29. 5. 2024 je na Livadi potekalo tekmovanje Univerza v Ljubljani v velikem kanuju. Ekipa Naravoslovnotehni\u0161ke fakultete se je odli\u010dno odrezala in zasedla 8. mesto. \u010cestitke vsem sodelujo\u010dim!\" \/>\n<meta property=\"og:url\" content=\"https:\/\/www.ntf.uni-lj.si\/ntf\/news\/coln-ntf-se-je-odlicno-odrezal\/\" \/>\n<meta property=\"og:site_name\" content=\"NTF\" \/>\n<meta property=\"article:modified_time\" content=\"2024-05-31T12:57:04+00:00\" \/>\n<script type=\"application\/ld+json\" class=\"yoast-schema-graph\">{\"@context\":\"https:\/\/schema.org\",\"@graph\":[{\"@type\":\"WebSite\",\"@id\":\"https:\/\/www.ntf.uni-lj.si\/ntf\/#website\",\"url\":\"https:\/\/www.ntf.uni-lj.si\/ntf\/\",\"name\":\"NTF\",\"description\":\"Naravoslovnotehni\\u0161ka fakulteta\",\"potentialAction\":[{\"@type\":\"SearchAction\",\"target\":{\"@type\":\"EntryPoint\",\"urlTemplate\":\"https:\/\/www.ntf.uni-lj.si\/ntf\/?s={search_term_string}\"},\"query-input\":\"required name=search_term_string\"}],\"inLanguage\":\"en-US\"},{\"@type\":\"WebPage\",\"@id\":\"https:\/\/www.ntf.uni-lj.si\/ntf\/news\/coln-ntf-se-je-odlicno-odrezal\/#webpage\",\"url\":\"https:\/\/www.ntf.uni-lj.si\/ntf\/news\/coln-ntf-se-je-odlicno-odrezal\/\",\"name\":\"\\u010coln NTF se je odli\\u010dno odrezal - NTF\",\"isPartOf\":{\"@id\":\"https:\/\/www.ntf.uni-lj.si\/ntf\/#website\"},\"datePublished\":\"2024-05-31T12:32:57+00:00\",\"dateModified\":\"2024-05-31T12:57:04+00:00\",\"breadcrumb\":{\"@id\":\"https:\/\/www.ntf.uni-lj.si\/ntf\/news\/coln-ntf-se-je-odlicno-odrezal\/#breadcrumb\"},\"inLanguage\":\"en-US\",\"potentialAction\":[{\"@type\":\"ReadAction\",\"target\":[\"https:\/\/www.ntf.uni-lj.si\/ntf\/news\/coln-ntf-se-je-odlicno-odrezal\/\"]}]},{\"@type\":\"BreadcrumbList\",\"@id\":\"https:\/\/www.ntf.uni-lj.si\/ntf\/news\/coln-ntf-se-je-odlicno-odrezal\/#breadcrumb\",\"itemListElement\":[{\"@type\":\"ListItem\",\"position\":1,\"name\":\"Domov\",\"item\":\"https:\/\/www.ntf.uni-lj.si\/ntf\/\"},{\"@type\":\"ListItem\",\"position\":2,\"name\":\"Novice\",\"item\":\"https:\/\/www.ntf.uni-lj.si\/ntf\/news\/\"},{\"@type\":\"ListItem\",\"position\":3,\"name\":\"\\u010coln NTF se je odli\\u010dno odrezal\"}]}]}<\/script>\n<!-- \/ Yoast SEO plugin. -->","yoast_head_json":{"robots":{"index":"index","follow":"follow","max-snippet":"max-snippet:-1","max-image-preview":"max-image-preview:large","max-video-preview":"max-video-preview:-1"},"canonical":"https:\/\/www.ntf.uni-lj.si\/ntf\/news\/coln-ntf-se-je-odlicno-odrezal\/","og_locale":"en_US","og_type":"article","og_title":"\u010coln NTF se je odli\u010dno odrezal - NTF","og_description":"V sredo, 29. 5. 2024 je na Livadi potekalo tekmovanje Univerza v Ljubljani v velikem kanuju. Ekipa Naravoslovnotehni\u0161ke fakultete se je odli\u010dno odrezala in zasedla 8. mesto. \u010cestitke vsem sodelujo\u010dim!","og_url":"https:\/\/www.ntf.uni-lj.si\/ntf\/news\/coln-ntf-se-je-odlicno-odrezal\/","og_site_name":"NTF","article_modified_time":"2024-05-31T12:57:04+00:00","schema":{"@context":"https:\/\/schema.org","@graph":[{"@type":"WebSite","@id":"https:\/\/www.ntf.uni-lj.si\/ntf\/#website","url":"https:\/\/www.ntf.uni-lj.si\/ntf\/","name":"NTF","description":"Naravoslovnotehni\u0161ka fakulteta","potentialAction":[{"@type":"SearchAction","target":{"@type":"EntryPoint","urlTemplate":"https:\/\/www.ntf.uni-lj.si\/ntf\/?s={search_term_string}"},"query-input":"required name=search_term_string"}],"inLanguage":"en-US"},{"@type":"WebPage","@id":"https:\/\/www.ntf.uni-lj.si\/ntf\/news\/coln-ntf-se-je-odlicno-odrezal\/#webpage","url":"https:\/\/www.ntf.uni-lj.si\/ntf\/news\/coln-ntf-se-je-odlicno-odrezal\/","name":"\u010coln NTF se je odli\u010dno odrezal - NTF","isPartOf":{"@id":"https:\/\/www.ntf.uni-lj.si\/ntf\/#website"},"datePublished":"2024-05-31T12:32:57+00:00","dateModified":"2024-05-31T12:57:04+00:00","breadcrumb":{"@id":"https:\/\/www.ntf.uni-lj.si\/ntf\/news\/coln-ntf-se-je-odlicno-odrezal\/#breadcrumb"},"inLanguage":"en-US","potentialAction":[{"@type":"ReadAction","target":["https:\/\/www.ntf.uni-lj.si\/ntf\/news\/coln-ntf-se-je-odlicno-odrezal\/"]}]},{"@type":"BreadcrumbList","@id":"https:\/\/www.ntf.uni-lj.si\/ntf\/news\/coln-ntf-se-je-odlicno-odrezal\/#breadcrumb","itemListElement":[{"@type":"ListItem","position":1,"name":"Domov","item":"https:\/\/www.ntf.uni-lj.si\/ntf\/"},{"@type":"ListItem","position":2,"name":"Novice","item":"https:\/\/www.ntf.uni-lj.si\/ntf\/news\/"},{"@type":"ListItem","position":3,"name":"\u010coln NTF se je odli\u010dno odrezal"}]}]}},"_links":{"self":[{"href":"https:\/\/www.ntf.uni-lj.si\/ntf\/wp-json\/wp\/v2\/news\/27158"}],"collection":[{"href":"https:\/\/www.ntf.uni-lj.si\/ntf\/wp-json\/wp\/v2\/news"}],"about":[{"href":"https:\/\/www.ntf.uni-lj.si\/ntf\/wp-json\/wp\/v2\/types\/news"}],"author":[{"embeddable":true,"href":"https:\/\/www.ntf.uni-lj.si\/ntf\/wp-json\/wp\/v2\/users\/171"}],"version-history":[{"count":2,"href":"https:\/\/www.ntf.uni-lj.si\/ntf\/wp-json\/wp\/v2\/news\/27158\/revisions"}],"predecessor-version":[{"id":27164,"href":"https:\/\/www.ntf.uni-lj.si\/ntf\/wp-json\/wp\/v2\/news\/27158\/revisions\/27164"}],"wp:attachment":[{"href":"https:\/\/www.ntf.uni-lj.si\/ntf\/wp-json\/wp\/v2\/media?parent=27158"}],"wp:term":[{"taxonomy":"category","embeddable":true,"href":"https:\/\/www.ntf.uni-lj.si\/ntf\/wp-json\/wp\/v2\/categories?post=27158"}],"curies":[{"name":"wp","href":"https:\/\/api.w.org\/{rel}","templated":true}]}}