{"id":28130,"date":"2024-09-27T08:14:26","date_gmt":"2024-09-27T06:14:26","guid":{"rendered":"https:\/\/www.ntf.uni-lj.si\/ntf\/?post_type=news&#038;p=28130"},"modified":"2024-09-27T08:14:57","modified_gmt":"2024-09-27T06:14:57","slug":"pricetek-studijskega-leta-2024-2025","status":"publish","type":"news","link":"https:\/\/www.ntf.uni-lj.si\/ntf\/news\/pricetek-studijskega-leta-2024-2025\/","title":{"rendered":"Pri\u010detek \u0161tudijskega leta 2024\/2025"},"content":{"rendered":"<p>Dragi \u0161tudenti, drage \u0161tudentke,<\/p>\n<p>\u0161tudijsko leto se za vse \u0161tudente pri\u010dne v <strong>torek, 1. oktobra 2024<\/strong>. Izredni \u0161tudij programa Grafi\u010dne in medijske tehnike (GMT-I) se za\u010dne nekoliko kasneje, 19. oktobra 2024, pri \u010demer boste pred za\u010detkom prejeli dodatno obvestilo.<\/p>\n<p>Urniki, ki so v prvih dneh \u0161e podvr\u017eeni spremembam, so objavljeni na spletnem naslovu:<a href=\"https:\/\/www.ntf.uni-lj.si\/ntf\/studij\/urniki\/\">https:\/\/www.ntf.uni-lj.si\/ntf\/studij\/urniki\/<\/a>. Prosimo vas, da jih dnevno spremljate.<\/p>\n<p>Pomembno: <strong>prvi teden ni vaj<\/strong>, razen \u010de profesor ne sporo\u010di druga\u010de. Vse informacije o vajah, kot so razdelitev v skupine in navodila, boste prejeli na prvih predavanjih.<\/p>\n<p><strong>Pozor za \u0161tudente 2. stopnje z izbirnimi predmeti<\/strong>: Bodite pozorni na svoj izbor izbirnih predmetov! V kolikor na urnikih ni va\u0161ega izbirni predmeti, se zglasite pri nosilcu predmeta, ki vam bo predstavil obveznosti.<\/p>\n<p>\u0160e nekaj koristnih informacij:<\/p>\n<p>S prevzeto \u0161tudentsko identiteto lahko vstopate v \/ uporabljate:<\/p>\n<ul>\n<li><b>VIS<\/b>:\u00a0\u00a0<a href=\"https:\/\/www.ntf.uni-lj.si\/ntf\/studij\/referat\/vis\/\">https:\/\/www.ntf.uni-lj.si\/ntf\/studij\/referat\/vis\/<\/a><\/li>\n<li><b>Office 365 <\/b>(zadnja verzija Office paketa):\u00a0<a href=\"https:\/\/www.office.com\/\">https:\/\/www.office.com\/<\/a><\/li>\n<li><b>MS\u00a0Teamse <\/b>(del Office 365 paketa)<\/li>\n<li><b>Eduroam wifi <\/b>(na vseh \u010dlanicah Univerz, knji\u017enicah, \u0161olah):\u00a0\u00a0<a href=\"https:\/\/arnes.splet.arnes.si\/pomoc-uporabnikom\/eduroam\/\">https:\/\/arnes.splet.arnes.si\/pomoc-uporabnikom\/eduroam\/<\/a><\/li>\n<li><b>Spletne u\u010dilnice NTF<\/b>:\u00a0\u00a0<a href=\"https:\/\/ucilnica.ntf.uni-lj.si\/\">https:\/\/ucilnica.ntf.uni-lj.si\/<\/a><\/li>\n<li><b>e-po\u0161tni naslov <\/b>preko Microsoft Outlook, na katerega boste prejemali vsa obvestila glede \u0161tudija (referat, knji\u017enica, profesorji \u2026<\/li>\n<\/ul>\n<p>Ve\u010d informacij o \u0161tudentski identiteti najdete <a href=\"https:\/\/id.uni-lj.si\/\">na povezavi.<\/a><\/p>\n<p><strong>Spremljajte va\u0161e fakultetne e-naslove, kamor prejemate vsa sporo\u010dila.\u00a0<\/strong><\/p>\n<p><strong>Dobrodo\u0161li na NTF. \u017delimo vam prijetno \u0161tudijsko leto.\u00a0<\/strong><\/p>\n","protected":false},"excerpt":{"rendered":"Dragi \u0161tudenti, drage \u0161tudentke, \u0161tudijsko leto se za vse \u0161tudente pri\u010dne v torek, 1. oktobra 2024. Izredni \u0161tudij programa Grafi\u010dne in medijske tehnike (GMT-I) se za\u010dne nekoliko kasneje, 19. oktobra 2024, pri \u010demer boste pred za\u010detkom prejeli dodatno obvestilo. Urniki, ki so v prvih dneh \u0161e podvr\u017eeni spremembam, so objavljeni na spletnem naslovu:https:\/\/www.ntf.uni-lj.si\/ntf\/studij\/urniki\/. Prosimo vas, &#8230; <a class=\"view-article\" href=\"https:\/\/www.ntf.uni-lj.si\/ntf\/news\/pricetek-studijskega-leta-2024-2025\/\">Read more<\/a>","protected":false},"author":171,"featured_media":0,"template":"","categories":[],"acf":[],"yoast_head":"<!-- This site is optimized with the Yoast SEO plugin v17.0 - https:\/\/yoast.com\/wordpress\/plugins\/seo\/ -->\n<meta name=\"robots\" content=\"index, follow, max-snippet:-1, max-image-preview:large, max-video-preview:-1\" \/>\n<link rel=\"canonical\" href=\"https:\/\/www.ntf.uni-lj.si\/ntf\/news\/pricetek-studijskega-leta-2024-2025\/\" \/>\n<meta property=\"og:locale\" content=\"en_US\" \/>\n<meta property=\"og:type\" content=\"article\" \/>\n<meta property=\"og:title\" content=\"Pri\u010detek \u0161tudijskega leta 2024\/2025 - NTF\" \/>\n<meta property=\"og:description\" content=\"Dragi \u0161tudenti, drage \u0161tudentke, \u0161tudijsko leto se za vse \u0161tudente pri\u010dne v torek, 1. oktobra 2024. Izredni \u0161tudij programa Grafi\u010dne in medijske tehnike (GMT-I) se za\u010dne nekoliko kasneje, 19. oktobra 2024, pri \u010demer boste pred za\u010detkom prejeli dodatno obvestilo. Urniki, ki so v prvih dneh \u0161e podvr\u017eeni spremembam, so objavljeni na spletnem naslovu:https:\/\/www.ntf.uni-lj.si\/ntf\/studij\/urniki\/. Prosimo vas, ... Read more\" \/>\n<meta property=\"og:url\" content=\"https:\/\/www.ntf.uni-lj.si\/ntf\/news\/pricetek-studijskega-leta-2024-2025\/\" \/>\n<meta property=\"og:site_name\" content=\"NTF\" \/>\n<meta property=\"article:modified_time\" content=\"2024-09-27T06:14:57+00:00\" \/>\n<meta name=\"twitter:label1\" content=\"Est. reading time\" \/>\n\t<meta name=\"twitter:data1\" content=\"1 minute\" \/>\n<script type=\"application\/ld+json\" class=\"yoast-schema-graph\">{\"@context\":\"https:\/\/schema.org\",\"@graph\":[{\"@type\":\"WebSite\",\"@id\":\"https:\/\/www.ntf.uni-lj.si\/ntf\/#website\",\"url\":\"https:\/\/www.ntf.uni-lj.si\/ntf\/\",\"name\":\"NTF\",\"description\":\"Naravoslovnotehni\\u0161ka fakulteta\",\"potentialAction\":[{\"@type\":\"SearchAction\",\"target\":{\"@type\":\"EntryPoint\",\"urlTemplate\":\"https:\/\/www.ntf.uni-lj.si\/ntf\/?s={search_term_string}\"},\"query-input\":\"required name=search_term_string\"}],\"inLanguage\":\"en-US\"},{\"@type\":\"WebPage\",\"@id\":\"https:\/\/www.ntf.uni-lj.si\/ntf\/news\/pricetek-studijskega-leta-2024-2025\/#webpage\",\"url\":\"https:\/\/www.ntf.uni-lj.si\/ntf\/news\/pricetek-studijskega-leta-2024-2025\/\",\"name\":\"Pri\\u010detek \\u0161tudijskega leta 2024\/2025 - NTF\",\"isPartOf\":{\"@id\":\"https:\/\/www.ntf.uni-lj.si\/ntf\/#website\"},\"datePublished\":\"2024-09-27T06:14:26+00:00\",\"dateModified\":\"2024-09-27T06:14:57+00:00\",\"breadcrumb\":{\"@id\":\"https:\/\/www.ntf.uni-lj.si\/ntf\/news\/pricetek-studijskega-leta-2024-2025\/#breadcrumb\"},\"inLanguage\":\"en-US\",\"potentialAction\":[{\"@type\":\"ReadAction\",\"target\":[\"https:\/\/www.ntf.uni-lj.si\/ntf\/news\/pricetek-studijskega-leta-2024-2025\/\"]}]},{\"@type\":\"BreadcrumbList\",\"@id\":\"https:\/\/www.ntf.uni-lj.si\/ntf\/news\/pricetek-studijskega-leta-2024-2025\/#breadcrumb\",\"itemListElement\":[{\"@type\":\"ListItem\",\"position\":1,\"name\":\"Domov\",\"item\":\"https:\/\/www.ntf.uni-lj.si\/ntf\/\"},{\"@type\":\"ListItem\",\"position\":2,\"name\":\"Novice\",\"item\":\"https:\/\/www.ntf.uni-lj.si\/ntf\/news\/\"},{\"@type\":\"ListItem\",\"position\":3,\"name\":\"Pri\\u010detek \\u0161tudijskega leta 2024\/2025\"}]}]}<\/script>\n<!-- \/ Yoast SEO plugin. -->","yoast_head_json":{"robots":{"index":"index","follow":"follow","max-snippet":"max-snippet:-1","max-image-preview":"max-image-preview:large","max-video-preview":"max-video-preview:-1"},"canonical":"https:\/\/www.ntf.uni-lj.si\/ntf\/news\/pricetek-studijskega-leta-2024-2025\/","og_locale":"en_US","og_type":"article","og_title":"Pri\u010detek \u0161tudijskega leta 2024\/2025 - NTF","og_description":"Dragi \u0161tudenti, drage \u0161tudentke, \u0161tudijsko leto se za vse \u0161tudente pri\u010dne v torek, 1. oktobra 2024. Izredni \u0161tudij programa Grafi\u010dne in medijske tehnike (GMT-I) se za\u010dne nekoliko kasneje, 19. oktobra 2024, pri \u010demer boste pred za\u010detkom prejeli dodatno obvestilo. Urniki, ki so v prvih dneh \u0161e podvr\u017eeni spremembam, so objavljeni na spletnem naslovu:https:\/\/www.ntf.uni-lj.si\/ntf\/studij\/urniki\/. Prosimo vas, ... Read more","og_url":"https:\/\/www.ntf.uni-lj.si\/ntf\/news\/pricetek-studijskega-leta-2024-2025\/","og_site_name":"NTF","article_modified_time":"2024-09-27T06:14:57+00:00","twitter_misc":{"Est. reading time":"1 minute"},"schema":{"@context":"https:\/\/schema.org","@graph":[{"@type":"WebSite","@id":"https:\/\/www.ntf.uni-lj.si\/ntf\/#website","url":"https:\/\/www.ntf.uni-lj.si\/ntf\/","name":"NTF","description":"Naravoslovnotehni\u0161ka fakulteta","potentialAction":[{"@type":"SearchAction","target":{"@type":"EntryPoint","urlTemplate":"https:\/\/www.ntf.uni-lj.si\/ntf\/?s={search_term_string}"},"query-input":"required name=search_term_string"}],"inLanguage":"en-US"},{"@type":"WebPage","@id":"https:\/\/www.ntf.uni-lj.si\/ntf\/news\/pricetek-studijskega-leta-2024-2025\/#webpage","url":"https:\/\/www.ntf.uni-lj.si\/ntf\/news\/pricetek-studijskega-leta-2024-2025\/","name":"Pri\u010detek \u0161tudijskega leta 2024\/2025 - NTF","isPartOf":{"@id":"https:\/\/www.ntf.uni-lj.si\/ntf\/#website"},"datePublished":"2024-09-27T06:14:26+00:00","dateModified":"2024-09-27T06:14:57+00:00","breadcrumb":{"@id":"https:\/\/www.ntf.uni-lj.si\/ntf\/news\/pricetek-studijskega-leta-2024-2025\/#breadcrumb"},"inLanguage":"en-US","potentialAction":[{"@type":"ReadAction","target":["https:\/\/www.ntf.uni-lj.si\/ntf\/news\/pricetek-studijskega-leta-2024-2025\/"]}]},{"@type":"BreadcrumbList","@id":"https:\/\/www.ntf.uni-lj.si\/ntf\/news\/pricetek-studijskega-leta-2024-2025\/#breadcrumb","itemListElement":[{"@type":"ListItem","position":1,"name":"Domov","item":"https:\/\/www.ntf.uni-lj.si\/ntf\/"},{"@type":"ListItem","position":2,"name":"Novice","item":"https:\/\/www.ntf.uni-lj.si\/ntf\/news\/"},{"@type":"ListItem","position":3,"name":"Pri\u010detek \u0161tudijskega leta 2024\/2025"}]}]}},"_links":{"self":[{"href":"https:\/\/www.ntf.uni-lj.si\/ntf\/wp-json\/wp\/v2\/news\/28130"}],"collection":[{"href":"https:\/\/www.ntf.uni-lj.si\/ntf\/wp-json\/wp\/v2\/news"}],"about":[{"href":"https:\/\/www.ntf.uni-lj.si\/ntf\/wp-json\/wp\/v2\/types\/news"}],"author":[{"embeddable":true,"href":"https:\/\/www.ntf.uni-lj.si\/ntf\/wp-json\/wp\/v2\/users\/171"}],"version-history":[{"count":1,"href":"https:\/\/www.ntf.uni-lj.si\/ntf\/wp-json\/wp\/v2\/news\/28130\/revisions"}],"predecessor-version":[{"id":28131,"href":"https:\/\/www.ntf.uni-lj.si\/ntf\/wp-json\/wp\/v2\/news\/28130\/revisions\/28131"}],"wp:attachment":[{"href":"https:\/\/www.ntf.uni-lj.si\/ntf\/wp-json\/wp\/v2\/media?parent=28130"}],"wp:term":[{"taxonomy":"category","embeddable":true,"href":"https:\/\/www.ntf.uni-lj.si\/ntf\/wp-json\/wp\/v2\/categories?post=28130"}],"curies":[{"name":"wp","href":"https:\/\/api.w.org\/{rel}","templated":true}]}}