{"id":28938,"date":"2024-12-02T10:52:22","date_gmt":"2024-12-02T09:52:22","guid":{"rendered":"https:\/\/www.ntf.uni-lj.si\/ntf\/?post_type=news&#038;p=28938"},"modified":"2024-12-02T14:58:53","modified_gmt":"2024-12-02T13:58:53","slug":"razpis-za-odhod-na-erasmus-studijsko-izmenjavo-2025-2026-eu-in-izven-eu","status":"publish","type":"news","link":"https:\/\/www.ntf.uni-lj.si\/ntf\/news\/razpis-za-odhod-na-erasmus-studijsko-izmenjavo-2025-2026-eu-in-izven-eu\/","title":{"rendered":"Razpis za odhod na Erasmus+ \u0161tudijsko izmenjavo 2025\/2026 (EU in izven EU)"},"content":{"rendered":"<p>Spo\u0161tovani \u0161tudentje in \u0161tudentke,<\/p>\n<p>obve\u0161\u010damo vas, da je bil objavljen razpis<strong> za odhod na Erasmus+ \u0161tudijsko izmenjavo v \u0161tudijskem letu 2025\/2026.<\/strong><\/p>\n<p><strong>Prijave na razpis bodo odprte do 17.1.2025!<\/strong><\/p>\n<p><strong>Vse informacije v zvezi z prijavo na razpis najdete\u00a0<a href=\"https:\/\/www.ntf.uni-lj.si\/ntf\/studij\/mednarodna-izmenjava\/erasmus\/studijska-izmenjava\/\">tukaj!<\/a><\/strong><\/p>\n<p><strong>V \u010detrtek, 12.12.24, ob 11:00 uri, na A\u0161ker\u010devi 12, v predavalnici P5, bo potekala<\/strong>\u00a0<strong>pre<\/strong><strong>dstavitev Erasmus+ \u0161tudijske izmenjave in aktualnega razpisa za akademsko leto 2025\/26 in pa Ersamus+ prakse.<\/strong><\/p>\n<p>Vsi zainteresirani za \u0161tudijsko izmenjavo v akademskem letu 2025\/26 lepo vabljeni k prijavi!<\/p>\n<p>Vse informacije v zvezi z Erasmus+ \u0161tudijsko izmenjavo dobite na strani\u00a0<a href=\"https:\/\/www.ntf.uni-lj.si\/ntf\/studij\/mednarodna-izmenjava\/erasmus\/studijska-izmenjava\/\">Mednarodni \u0161tudij<\/a><\/p>\n<p>Z morebitnimi vpra\u0161anji glede izmenjave se obrnite na dr. Alenko \u0160alej Lah, tel. 01\/2003289,<\/p>\n<p>mail\u00a0<a href=\"mailto:alenka.salej@ntf.uni-lj.si\">alenka.salej@ntf.uni-lj.si<\/a>.<\/p>\n<p>Razpis:<\/p>\n<p><a href=\"https:\/\/www.ntf.uni-lj.si\/ntf\/wp-content\/uploads\/sites\/2\/2024\/12\/Razpis-SMS_ERASMUS-2025-2026-slo.pdf\">Razpis SMS_ERASMUS+ 2025-2026-slo<\/a><\/p>\n<p><a href=\"https:\/\/www.ntf.uni-lj.si\/ntf\/wp-content\/uploads\/sites\/2\/2024\/12\/Razpis-SMS_ERASMUS-2025-2026-REGIJI-13-14TRETJE-DRZAVE-slo-3.pdf\">Razpis SMS_ERASMUS+ 2025-2026-REGIJI 13 14+TRETJE DR\u017dAVE-slo<\/a><\/p>\n","protected":false},"excerpt":{"rendered":"Spo\u0161tovani \u0161tudentje in \u0161tudentke, obve\u0161\u010damo vas, da je bil objavljen razpis za odhod na Erasmus+ \u0161tudijsko izmenjavo v \u0161tudijskem letu 2025\/2026. Prijave na razpis bodo odprte do 17.1.2025! Vse informacije v zvezi z prijavo na razpis najdete\u00a0tukaj! V \u010detrtek, 12.12.24, ob 11:00 uri, na A\u0161ker\u010devi 12, v predavalnici P5, bo potekala\u00a0predstavitev Erasmus+ \u0161tudijske izmenjave in &#8230; <a class=\"view-article\" href=\"https:\/\/www.ntf.uni-lj.si\/ntf\/news\/razpis-za-odhod-na-erasmus-studijsko-izmenjavo-2025-2026-eu-in-izven-eu\/\">Read more<\/a>","protected":false},"author":374,"featured_media":0,"template":"","categories":[556],"acf":[],"yoast_head":"<!-- This site is optimized with the Yoast SEO plugin v17.0 - https:\/\/yoast.com\/wordpress\/plugins\/seo\/ -->\n<meta name=\"robots\" content=\"index, follow, max-snippet:-1, max-image-preview:large, max-video-preview:-1\" \/>\n<link rel=\"canonical\" href=\"https:\/\/www.ntf.uni-lj.si\/ntf\/news\/razpis-za-odhod-na-erasmus-studijsko-izmenjavo-2025-2026-eu-in-izven-eu\/\" \/>\n<meta property=\"og:locale\" content=\"en_US\" \/>\n<meta property=\"og:type\" content=\"article\" \/>\n<meta property=\"og:title\" content=\"Razpis za odhod na Erasmus+ \u0161tudijsko izmenjavo 2025\/2026 (EU in izven EU) - NTF\" \/>\n<meta property=\"og:description\" content=\"Spo\u0161tovani \u0161tudentje in \u0161tudentke, obve\u0161\u010damo vas, da je bil objavljen razpis za odhod na Erasmus+ \u0161tudijsko izmenjavo v \u0161tudijskem letu 2025\/2026. Prijave na razpis bodo odprte do 17.1.2025! Vse informacije v zvezi z prijavo na razpis najdete\u00a0tukaj! V \u010detrtek, 12.12.24, ob 11:00 uri, na A\u0161ker\u010devi 12, v predavalnici P5, bo potekala\u00a0predstavitev Erasmus+ \u0161tudijske izmenjave in ... Read more\" \/>\n<meta property=\"og:url\" content=\"https:\/\/www.ntf.uni-lj.si\/ntf\/news\/razpis-za-odhod-na-erasmus-studijsko-izmenjavo-2025-2026-eu-in-izven-eu\/\" \/>\n<meta property=\"og:site_name\" content=\"NTF\" \/>\n<meta property=\"article:modified_time\" content=\"2024-12-02T13:58:53+00:00\" \/>\n<meta name=\"twitter:label1\" content=\"Est. reading time\" \/>\n\t<meta name=\"twitter:data1\" content=\"1 minute\" \/>\n<script type=\"application\/ld+json\" class=\"yoast-schema-graph\">{\"@context\":\"https:\/\/schema.org\",\"@graph\":[{\"@type\":\"WebSite\",\"@id\":\"https:\/\/www.ntf.uni-lj.si\/ntf\/#website\",\"url\":\"https:\/\/www.ntf.uni-lj.si\/ntf\/\",\"name\":\"NTF\",\"description\":\"Naravoslovnotehni\\u0161ka fakulteta\",\"potentialAction\":[{\"@type\":\"SearchAction\",\"target\":{\"@type\":\"EntryPoint\",\"urlTemplate\":\"https:\/\/www.ntf.uni-lj.si\/ntf\/?s={search_term_string}\"},\"query-input\":\"required name=search_term_string\"}],\"inLanguage\":\"en-US\"},{\"@type\":\"WebPage\",\"@id\":\"https:\/\/www.ntf.uni-lj.si\/ntf\/news\/razpis-za-odhod-na-erasmus-studijsko-izmenjavo-2025-2026-eu-in-izven-eu\/#webpage\",\"url\":\"https:\/\/www.ntf.uni-lj.si\/ntf\/news\/razpis-za-odhod-na-erasmus-studijsko-izmenjavo-2025-2026-eu-in-izven-eu\/\",\"name\":\"Razpis za odhod na Erasmus+ \\u0161tudijsko izmenjavo 2025\/2026 (EU in izven EU) - NTF\",\"isPartOf\":{\"@id\":\"https:\/\/www.ntf.uni-lj.si\/ntf\/#website\"},\"datePublished\":\"2024-12-02T09:52:22+00:00\",\"dateModified\":\"2024-12-02T13:58:53+00:00\",\"breadcrumb\":{\"@id\":\"https:\/\/www.ntf.uni-lj.si\/ntf\/news\/razpis-za-odhod-na-erasmus-studijsko-izmenjavo-2025-2026-eu-in-izven-eu\/#breadcrumb\"},\"inLanguage\":\"en-US\",\"potentialAction\":[{\"@type\":\"ReadAction\",\"target\":[\"https:\/\/www.ntf.uni-lj.si\/ntf\/news\/razpis-za-odhod-na-erasmus-studijsko-izmenjavo-2025-2026-eu-in-izven-eu\/\"]}]},{\"@type\":\"BreadcrumbList\",\"@id\":\"https:\/\/www.ntf.uni-lj.si\/ntf\/news\/razpis-za-odhod-na-erasmus-studijsko-izmenjavo-2025-2026-eu-in-izven-eu\/#breadcrumb\",\"itemListElement\":[{\"@type\":\"ListItem\",\"position\":1,\"name\":\"Domov\",\"item\":\"https:\/\/www.ntf.uni-lj.si\/ntf\/\"},{\"@type\":\"ListItem\",\"position\":2,\"name\":\"Novice\",\"item\":\"https:\/\/www.ntf.uni-lj.si\/ntf\/news\/\"},{\"@type\":\"ListItem\",\"position\":3,\"name\":\"Razpis za odhod na Erasmus+ \\u0161tudijsko izmenjavo 2025\/2026 (EU in izven EU)\"}]}]}<\/script>\n<!-- \/ Yoast SEO plugin. -->","yoast_head_json":{"robots":{"index":"index","follow":"follow","max-snippet":"max-snippet:-1","max-image-preview":"max-image-preview:large","max-video-preview":"max-video-preview:-1"},"canonical":"https:\/\/www.ntf.uni-lj.si\/ntf\/news\/razpis-za-odhod-na-erasmus-studijsko-izmenjavo-2025-2026-eu-in-izven-eu\/","og_locale":"en_US","og_type":"article","og_title":"Razpis za odhod na Erasmus+ \u0161tudijsko izmenjavo 2025\/2026 (EU in izven EU) - NTF","og_description":"Spo\u0161tovani \u0161tudentje in \u0161tudentke, obve\u0161\u010damo vas, da je bil objavljen razpis za odhod na Erasmus+ \u0161tudijsko izmenjavo v \u0161tudijskem letu 2025\/2026. Prijave na razpis bodo odprte do 17.1.2025! Vse informacije v zvezi z prijavo na razpis najdete\u00a0tukaj! V \u010detrtek, 12.12.24, ob 11:00 uri, na A\u0161ker\u010devi 12, v predavalnici P5, bo potekala\u00a0predstavitev Erasmus+ \u0161tudijske izmenjave in ... Read more","og_url":"https:\/\/www.ntf.uni-lj.si\/ntf\/news\/razpis-za-odhod-na-erasmus-studijsko-izmenjavo-2025-2026-eu-in-izven-eu\/","og_site_name":"NTF","article_modified_time":"2024-12-02T13:58:53+00:00","twitter_misc":{"Est. reading time":"1 minute"},"schema":{"@context":"https:\/\/schema.org","@graph":[{"@type":"WebSite","@id":"https:\/\/www.ntf.uni-lj.si\/ntf\/#website","url":"https:\/\/www.ntf.uni-lj.si\/ntf\/","name":"NTF","description":"Naravoslovnotehni\u0161ka fakulteta","potentialAction":[{"@type":"SearchAction","target":{"@type":"EntryPoint","urlTemplate":"https:\/\/www.ntf.uni-lj.si\/ntf\/?s={search_term_string}"},"query-input":"required name=search_term_string"}],"inLanguage":"en-US"},{"@type":"WebPage","@id":"https:\/\/www.ntf.uni-lj.si\/ntf\/news\/razpis-za-odhod-na-erasmus-studijsko-izmenjavo-2025-2026-eu-in-izven-eu\/#webpage","url":"https:\/\/www.ntf.uni-lj.si\/ntf\/news\/razpis-za-odhod-na-erasmus-studijsko-izmenjavo-2025-2026-eu-in-izven-eu\/","name":"Razpis za odhod na Erasmus+ \u0161tudijsko izmenjavo 2025\/2026 (EU in izven EU) - NTF","isPartOf":{"@id":"https:\/\/www.ntf.uni-lj.si\/ntf\/#website"},"datePublished":"2024-12-02T09:52:22+00:00","dateModified":"2024-12-02T13:58:53+00:00","breadcrumb":{"@id":"https:\/\/www.ntf.uni-lj.si\/ntf\/news\/razpis-za-odhod-na-erasmus-studijsko-izmenjavo-2025-2026-eu-in-izven-eu\/#breadcrumb"},"inLanguage":"en-US","potentialAction":[{"@type":"ReadAction","target":["https:\/\/www.ntf.uni-lj.si\/ntf\/news\/razpis-za-odhod-na-erasmus-studijsko-izmenjavo-2025-2026-eu-in-izven-eu\/"]}]},{"@type":"BreadcrumbList","@id":"https:\/\/www.ntf.uni-lj.si\/ntf\/news\/razpis-za-odhod-na-erasmus-studijsko-izmenjavo-2025-2026-eu-in-izven-eu\/#breadcrumb","itemListElement":[{"@type":"ListItem","position":1,"name":"Domov","item":"https:\/\/www.ntf.uni-lj.si\/ntf\/"},{"@type":"ListItem","position":2,"name":"Novice","item":"https:\/\/www.ntf.uni-lj.si\/ntf\/news\/"},{"@type":"ListItem","position":3,"name":"Razpis za odhod na Erasmus+ \u0161tudijsko izmenjavo 2025\/2026 (EU in izven EU)"}]}]}},"_links":{"self":[{"href":"https:\/\/www.ntf.uni-lj.si\/ntf\/wp-json\/wp\/v2\/news\/28938"}],"collection":[{"href":"https:\/\/www.ntf.uni-lj.si\/ntf\/wp-json\/wp\/v2\/news"}],"about":[{"href":"https:\/\/www.ntf.uni-lj.si\/ntf\/wp-json\/wp\/v2\/types\/news"}],"author":[{"embeddable":true,"href":"https:\/\/www.ntf.uni-lj.si\/ntf\/wp-json\/wp\/v2\/users\/374"}],"version-history":[{"count":6,"href":"https:\/\/www.ntf.uni-lj.si\/ntf\/wp-json\/wp\/v2\/news\/28938\/revisions"}],"predecessor-version":[{"id":28951,"href":"https:\/\/www.ntf.uni-lj.si\/ntf\/wp-json\/wp\/v2\/news\/28938\/revisions\/28951"}],"wp:attachment":[{"href":"https:\/\/www.ntf.uni-lj.si\/ntf\/wp-json\/wp\/v2\/media?parent=28938"}],"wp:term":[{"taxonomy":"category","embeddable":true,"href":"https:\/\/www.ntf.uni-lj.si\/ntf\/wp-json\/wp\/v2\/categories?post=28938"}],"curies":[{"name":"wp","href":"https:\/\/api.w.org\/{rel}","templated":true}]}}