{"id":29792,"date":"2025-03-10T07:58:50","date_gmt":"2025-03-10T06:58:50","guid":{"rendered":"https:\/\/www.ntf.uni-lj.si\/ntf\/?post_type=news&#038;p=29792"},"modified":"2025-03-14T13:44:21","modified_gmt":"2025-03-14T12:44:21","slug":"rektorske-volitve-2025","status":"publish","type":"news","link":"https:\/\/www.ntf.uni-lj.si\/ntf\/news\/rektorske-volitve-2025\/","title":{"rendered":"Rektorske volitve 2025"},"content":{"rendered":"<div class=\"et_post_meta_wrapper\">\n<p class=\"entry-title\"><span style=\"font-size: 16px\">Aprila bodo na Univerzi v Ljubljani potekale volitve za rektorico ali rektorja za mandatno obdobje 2025-2029. Pedagogi, raziskovalci, strokovni delavci in \u0161tudenti se <\/span><span style=\"font-size: 16px\">bodo odlo\u010dali, kdo bo v naslednjem mandatu vodil najve\u010djo izobra\u017eevalno in raziskovalno visoko\u0161olsko institucijo v Sloveniji.<\/span><\/p>\n<\/div>\n<div class=\"entry-content\">\n<p>Kandidatki in kandidat za rektorja so:<\/p>\n<\/div>\n","protected":false},"excerpt":{"rendered":"Aprila bodo na Univerzi v Ljubljani potekale volitve za rektorico ali rektorja za mandatno obdobje 2025-2029. Pedagogi, raziskovalci, strokovni delavci in \u0161tudenti se bodo odlo\u010dali, kdo bo v naslednjem mandatu vodil najve\u010djo izobra\u017eevalno in raziskovalno visoko\u0161olsko institucijo v Sloveniji. Kandidatki in kandidat za rektorja so:","protected":false},"author":171,"featured_media":0,"template":"","categories":[],"acf":[],"yoast_head":"<!-- This site is optimized with the Yoast SEO plugin v17.0 - https:\/\/yoast.com\/wordpress\/plugins\/seo\/ -->\n<meta name=\"robots\" content=\"index, follow, max-snippet:-1, max-image-preview:large, max-video-preview:-1\" \/>\n<link rel=\"canonical\" href=\"https:\/\/www.ntf.uni-lj.si\/ntf\/news\/rektorske-volitve-2025\/\" \/>\n<meta property=\"og:locale\" content=\"en_US\" \/>\n<meta property=\"og:type\" content=\"article\" \/>\n<meta property=\"og:title\" content=\"Rektorske volitve 2025 - NTF\" \/>\n<meta property=\"og:description\" content=\"Aprila bodo na Univerzi v Ljubljani potekale volitve za rektorico ali rektorja za mandatno obdobje 2025-2029. Pedagogi, raziskovalci, strokovni delavci in \u0161tudenti se bodo odlo\u010dali, kdo bo v naslednjem mandatu vodil najve\u010djo izobra\u017eevalno in raziskovalno visoko\u0161olsko institucijo v Sloveniji. Kandidatki in kandidat za rektorja so:\" \/>\n<meta property=\"og:url\" content=\"https:\/\/www.ntf.uni-lj.si\/ntf\/news\/rektorske-volitve-2025\/\" \/>\n<meta property=\"og:site_name\" content=\"NTF\" \/>\n<meta property=\"article:modified_time\" content=\"2025-03-14T12:44:21+00:00\" \/>\n<meta property=\"og:image\" content=\"https:\/\/www.ntf.uni-lj.si\/ntf\/wp-content\/uploads\/sites\/2\/2025\/03\/Thumbnail-za-IG-FB.jpg\" \/>\n<script type=\"application\/ld+json\" class=\"yoast-schema-graph\">{\"@context\":\"https:\/\/schema.org\",\"@graph\":[{\"@type\":\"WebSite\",\"@id\":\"https:\/\/www.ntf.uni-lj.si\/ntf\/#website\",\"url\":\"https:\/\/www.ntf.uni-lj.si\/ntf\/\",\"name\":\"NTF\",\"description\":\"Naravoslovnotehni\\u0161ka fakulteta\",\"potentialAction\":[{\"@type\":\"SearchAction\",\"target\":{\"@type\":\"EntryPoint\",\"urlTemplate\":\"https:\/\/www.ntf.uni-lj.si\/ntf\/?s={search_term_string}\"},\"query-input\":\"required name=search_term_string\"}],\"inLanguage\":\"en-US\"},{\"@type\":\"WebPage\",\"@id\":\"https:\/\/www.ntf.uni-lj.si\/ntf\/news\/rektorske-volitve-2025\/#webpage\",\"url\":\"https:\/\/www.ntf.uni-lj.si\/ntf\/news\/rektorske-volitve-2025\/\",\"name\":\"Rektorske volitve 2025 - NTF\",\"isPartOf\":{\"@id\":\"https:\/\/www.ntf.uni-lj.si\/ntf\/#website\"},\"datePublished\":\"2025-03-10T06:58:50+00:00\",\"dateModified\":\"2025-03-14T12:44:21+00:00\",\"breadcrumb\":{\"@id\":\"https:\/\/www.ntf.uni-lj.si\/ntf\/news\/rektorske-volitve-2025\/#breadcrumb\"},\"inLanguage\":\"en-US\",\"potentialAction\":[{\"@type\":\"ReadAction\",\"target\":[\"https:\/\/www.ntf.uni-lj.si\/ntf\/news\/rektorske-volitve-2025\/\"]}]},{\"@type\":\"BreadcrumbList\",\"@id\":\"https:\/\/www.ntf.uni-lj.si\/ntf\/news\/rektorske-volitve-2025\/#breadcrumb\",\"itemListElement\":[{\"@type\":\"ListItem\",\"position\":1,\"name\":\"Domov\",\"item\":\"https:\/\/www.ntf.uni-lj.si\/ntf\/\"},{\"@type\":\"ListItem\",\"position\":2,\"name\":\"Novice\",\"item\":\"https:\/\/www.ntf.uni-lj.si\/ntf\/news\/\"},{\"@type\":\"ListItem\",\"position\":3,\"name\":\"Rektorske volitve 2025\"}]}]}<\/script>\n<!-- \/ Yoast SEO plugin. -->","yoast_head_json":{"robots":{"index":"index","follow":"follow","max-snippet":"max-snippet:-1","max-image-preview":"max-image-preview:large","max-video-preview":"max-video-preview:-1"},"canonical":"https:\/\/www.ntf.uni-lj.si\/ntf\/news\/rektorske-volitve-2025\/","og_locale":"en_US","og_type":"article","og_title":"Rektorske volitve 2025 - NTF","og_description":"Aprila bodo na Univerzi v Ljubljani potekale volitve za rektorico ali rektorja za mandatno obdobje 2025-2029. Pedagogi, raziskovalci, strokovni delavci in \u0161tudenti se bodo odlo\u010dali, kdo bo v naslednjem mandatu vodil najve\u010djo izobra\u017eevalno in raziskovalno visoko\u0161olsko institucijo v Sloveniji. Kandidatki in kandidat za rektorja so:","og_url":"https:\/\/www.ntf.uni-lj.si\/ntf\/news\/rektorske-volitve-2025\/","og_site_name":"NTF","article_modified_time":"2025-03-14T12:44:21+00:00","og_image":[{"url":"https:\/\/www.ntf.uni-lj.si\/ntf\/wp-content\/uploads\/sites\/2\/2025\/03\/Thumbnail-za-IG-FB.jpg"}],"schema":{"@context":"https:\/\/schema.org","@graph":[{"@type":"WebSite","@id":"https:\/\/www.ntf.uni-lj.si\/ntf\/#website","url":"https:\/\/www.ntf.uni-lj.si\/ntf\/","name":"NTF","description":"Naravoslovnotehni\u0161ka fakulteta","potentialAction":[{"@type":"SearchAction","target":{"@type":"EntryPoint","urlTemplate":"https:\/\/www.ntf.uni-lj.si\/ntf\/?s={search_term_string}"},"query-input":"required name=search_term_string"}],"inLanguage":"en-US"},{"@type":"WebPage","@id":"https:\/\/www.ntf.uni-lj.si\/ntf\/news\/rektorske-volitve-2025\/#webpage","url":"https:\/\/www.ntf.uni-lj.si\/ntf\/news\/rektorske-volitve-2025\/","name":"Rektorske volitve 2025 - NTF","isPartOf":{"@id":"https:\/\/www.ntf.uni-lj.si\/ntf\/#website"},"datePublished":"2025-03-10T06:58:50+00:00","dateModified":"2025-03-14T12:44:21+00:00","breadcrumb":{"@id":"https:\/\/www.ntf.uni-lj.si\/ntf\/news\/rektorske-volitve-2025\/#breadcrumb"},"inLanguage":"en-US","potentialAction":[{"@type":"ReadAction","target":["https:\/\/www.ntf.uni-lj.si\/ntf\/news\/rektorske-volitve-2025\/"]}]},{"@type":"BreadcrumbList","@id":"https:\/\/www.ntf.uni-lj.si\/ntf\/news\/rektorske-volitve-2025\/#breadcrumb","itemListElement":[{"@type":"ListItem","position":1,"name":"Domov","item":"https:\/\/www.ntf.uni-lj.si\/ntf\/"},{"@type":"ListItem","position":2,"name":"Novice","item":"https:\/\/www.ntf.uni-lj.si\/ntf\/news\/"},{"@type":"ListItem","position":3,"name":"Rektorske volitve 2025"}]}]}},"_links":{"self":[{"href":"https:\/\/www.ntf.uni-lj.si\/ntf\/wp-json\/wp\/v2\/news\/29792"}],"collection":[{"href":"https:\/\/www.ntf.uni-lj.si\/ntf\/wp-json\/wp\/v2\/news"}],"about":[{"href":"https:\/\/www.ntf.uni-lj.si\/ntf\/wp-json\/wp\/v2\/types\/news"}],"author":[{"embeddable":true,"href":"https:\/\/www.ntf.uni-lj.si\/ntf\/wp-json\/wp\/v2\/users\/171"}],"version-history":[{"count":10,"href":"https:\/\/www.ntf.uni-lj.si\/ntf\/wp-json\/wp\/v2\/news\/29792\/revisions"}],"predecessor-version":[{"id":29845,"href":"https:\/\/www.ntf.uni-lj.si\/ntf\/wp-json\/wp\/v2\/news\/29792\/revisions\/29845"}],"wp:attachment":[{"href":"https:\/\/www.ntf.uni-lj.si\/ntf\/wp-json\/wp\/v2\/media?parent=29792"}],"wp:term":[{"taxonomy":"category","embeddable":true,"href":"https:\/\/www.ntf.uni-lj.si\/ntf\/wp-json\/wp\/v2\/categories?post=29792"}],"curies":[{"name":"wp","href":"https:\/\/api.w.org\/{rel}","templated":true}]}}