{"id":31000,"date":"2025-09-15T12:37:29","date_gmt":"2025-09-15T10:37:29","guid":{"rendered":"https:\/\/www.ntf.uni-lj.si\/ntf\/?post_type=news&#038;p=31000"},"modified":"2025-09-15T12:37:29","modified_gmt":"2025-09-15T10:37:29","slug":"praksa-v-svici-za-studente-grafike-international-telecommunication-union-itu","status":"publish","type":"news","link":"https:\/\/www.ntf.uni-lj.si\/ntf\/news\/praksa-v-svici-za-studente-grafike-international-telecommunication-union-itu\/","title":{"rendered":"Praksa v \u0160vici za \u0161tudente grafike- International Telecommunication Union (ITU)"},"content":{"rendered":"<p data-ogsb=\"white\"><span data-olk-copy-source=\"MessageBody\">Posredujemo obvestilo o mo\u017enosti opravljanja nepla\u010dane prakse (mo\u017enost on-line) v \u0160vici za \u0161tudente grafike (Erasmus+ financiranja za prakso v \u0160vici \u017eal ni mogo\u010de prejeti):<\/span><\/p>\n<p data-ogsb=\"white\">Internship Opportunity at ITU \u2013 Join Our Design Team on a Major Web Redesign Project<\/p>\n<p data-ogsb=\"white\"><span data-ogsc=\"black\" data-olk-copy-source=\"MessageBody\">I am writing on behalf of the design team at the\u00a0<b data-ogsc=\"\">International Telecommunication Union (ITU)<\/b>, the United Nations specialized agency for information and communication technologies, headquartered in Geneva, Switzerland.<\/span><\/p>\n<p data-ogsb=\"white\"><span data-ogsc=\"black\">We are currently offering\u00a0<b data-ogsc=\"\">3 to 6 months internships<\/b>\u00a0(either\u00a0<b data-ogsc=\"\">remote or on-site<\/b>) for students or recent graduates with a focus on\u00a0<b data-ogsc=\"\">User Interface Design<\/b>\u00a0and general graphic design. This is a unique opportunity to contribute to the\u00a0<b data-ogsc=\"\">redesign of ITU\u2019s corporate website<\/b>, a high-impact project that touches on global communications and digital development.<\/span><\/p>\n<p data-ogsb=\"white\"><span data-ogsc=\"black\">We are seeking motivated candidates with the following profile:<\/span><\/p>\n<ul type=\"disc\">\n<li data-ogsc=\"black\" data-ogsb=\"white\"><span data-ogsc=\"\">Proficiency in\u00a0<b data-ogsc=\"\">Adobe Creative Suite<\/b>\u00a0and\u00a0<b data-ogsc=\"\">Figma<\/b><\/span><\/li>\n<li data-ogsc=\"black\" data-ogsb=\"white\"><span data-ogsc=\"\">A strong interest in\u00a0<b data-ogsc=\"\">typography, iconography,<\/b>\u00a0and\u00a0<b data-ogsc=\"\">prototyping<\/b><\/span><\/li>\n<li data-ogsc=\"black\" data-ogsb=\"white\"><span data-ogsc=\"\">Solid foundation in\u00a0<b data-ogsc=\"\">UI design principles<\/b>\u00a0and\u00a0<b data-ogsc=\"\">graphic design<\/b><\/span><\/li>\n<li data-ogsc=\"black\" data-ogsb=\"white\"><span data-ogsc=\"\">Ability to collaborate in a multicultural, interdisciplinary team<\/span><\/li>\n<\/ul>\n<p data-ogsb=\"white\"><span data-ogsc=\"black\">Please note that, at this stage,\u00a0<b data-ogsc=\"\">internships are UNPAID<\/b>. However, the experience offers interns the chance to work on a significant international project, gain exposure to the workings of a UN agency, and develop a portfolio of professional-level design work.<\/span><\/p>\n<p data-ogsb=\"white\"><span data-ogsc=\"black\">We would be grateful if you could share this opportunity with eligible students or alumni. Interested candidates may send their\u00a0<b data-ogsc=\"\">CV, portfolio, and a brief motivation letter<\/b>\u00a0to\u00a0<a title=\"mailto:design@itu.int\" href=\"mailto:design@itu.int\" data-linkindex=\"4\" data-ogsc=\"\">design@itu.int<\/a>\u00a0by end of September.<\/span><\/p>\n<p data-ogsb=\"white\"><span data-ogsc=\"black\">Should you need any additional information, please do not hesitate to get in touch.<\/span><\/p>\n<p data-ogsb=\"white\"><span data-ogsc=\"black\">Thank you very much for your time and support.<\/span><\/p>\n<p data-ogsb=\"white\"><span data-ogsc=\"black\"><b data-ogsc=\"\">Jes\u00fas Vicente<\/b><br \/>\nHead, Visual Identity and Graphic Design Unit<br \/>\n<b data-ogsc=\"\">International Telecommunication Union (ITU)<\/b><br \/>\nGeneva, Switzerland<br \/>\n<a title=\"mailto:Jesus.vicente@itu.int\" href=\"mailto:Jesus.vicente@itu.int\" data-linkindex=\"5\" data-ogsc=\"\">Jesus.vicente@itu.int<\/a><br \/>\n<\/span><span data-ogsc=\"rgb(0, 120, 215)\"><a title=\"http:\/\/www.itu.int\" href=\"http:\/\/www.itu.int\/\" target=\"_blank\" rel=\"noopener noreferrer\" data-auth=\"NotApplicable\" data-linkindex=\"6\" data-ogsc=\"\">www.itu.int<\/a><\/span><\/p>\n","protected":false},"excerpt":{"rendered":"Posredujemo obvestilo o mo\u017enosti opravljanja nepla\u010dane prakse (mo\u017enost on-line) v \u0160vici za \u0161tudente grafike (Erasmus+ financiranja za prakso v \u0160vici \u017eal ni mogo\u010de prejeti): Internship Opportunity at ITU \u2013 Join Our Design Team on a Major Web Redesign Project I am writing on behalf of the design team at the\u00a0International Telecommunication Union (ITU), the United &#8230; <a class=\"view-article\" href=\"https:\/\/www.ntf.uni-lj.si\/ntf\/news\/praksa-v-svici-za-studente-grafike-international-telecommunication-union-itu\/\">Read more<\/a>","protected":false},"author":374,"featured_media":0,"template":"","categories":[554],"acf":[],"yoast_head":"<!-- This site is optimized with the Yoast SEO plugin v17.0 - https:\/\/yoast.com\/wordpress\/plugins\/seo\/ -->\n<meta name=\"robots\" content=\"index, follow, max-snippet:-1, max-image-preview:large, max-video-preview:-1\" \/>\n<link rel=\"canonical\" href=\"https:\/\/www.ntf.uni-lj.si\/ntf\/news\/praksa-v-svici-za-studente-grafike-international-telecommunication-union-itu\/\" \/>\n<meta property=\"og:locale\" content=\"en_US\" \/>\n<meta property=\"og:type\" content=\"article\" \/>\n<meta property=\"og:title\" content=\"Praksa v \u0160vici za \u0161tudente grafike- International Telecommunication Union (ITU) - NTF\" \/>\n<meta property=\"og:description\" content=\"Posredujemo obvestilo o mo\u017enosti opravljanja nepla\u010dane prakse (mo\u017enost on-line) v \u0160vici za \u0161tudente grafike (Erasmus+ financiranja za prakso v \u0160vici \u017eal ni mogo\u010de prejeti): Internship Opportunity at ITU \u2013 Join Our Design Team on a Major Web Redesign Project I am writing on behalf of the design team at the\u00a0International Telecommunication Union (ITU), the United ... Read more\" \/>\n<meta property=\"og:url\" content=\"https:\/\/www.ntf.uni-lj.si\/ntf\/news\/praksa-v-svici-za-studente-grafike-international-telecommunication-union-itu\/\" \/>\n<meta property=\"og:site_name\" content=\"NTF\" \/>\n<meta name=\"twitter:label1\" content=\"Est. reading time\" \/>\n\t<meta name=\"twitter:data1\" content=\"1 minute\" \/>\n<script type=\"application\/ld+json\" class=\"yoast-schema-graph\">{\"@context\":\"https:\/\/schema.org\",\"@graph\":[{\"@type\":\"WebSite\",\"@id\":\"https:\/\/www.ntf.uni-lj.si\/ntf\/#website\",\"url\":\"https:\/\/www.ntf.uni-lj.si\/ntf\/\",\"name\":\"NTF\",\"description\":\"Naravoslovnotehni\\u0161ka fakulteta\",\"potentialAction\":[{\"@type\":\"SearchAction\",\"target\":{\"@type\":\"EntryPoint\",\"urlTemplate\":\"https:\/\/www.ntf.uni-lj.si\/ntf\/?s={search_term_string}\"},\"query-input\":\"required name=search_term_string\"}],\"inLanguage\":\"en-US\"},{\"@type\":\"WebPage\",\"@id\":\"https:\/\/www.ntf.uni-lj.si\/ntf\/news\/praksa-v-svici-za-studente-grafike-international-telecommunication-union-itu\/#webpage\",\"url\":\"https:\/\/www.ntf.uni-lj.si\/ntf\/news\/praksa-v-svici-za-studente-grafike-international-telecommunication-union-itu\/\",\"name\":\"Praksa v \\u0160vici za \\u0161tudente grafike- International Telecommunication Union (ITU) - NTF\",\"isPartOf\":{\"@id\":\"https:\/\/www.ntf.uni-lj.si\/ntf\/#website\"},\"datePublished\":\"2025-09-15T10:37:29+00:00\",\"dateModified\":\"2025-09-15T10:37:29+00:00\",\"breadcrumb\":{\"@id\":\"https:\/\/www.ntf.uni-lj.si\/ntf\/news\/praksa-v-svici-za-studente-grafike-international-telecommunication-union-itu\/#breadcrumb\"},\"inLanguage\":\"en-US\",\"potentialAction\":[{\"@type\":\"ReadAction\",\"target\":[\"https:\/\/www.ntf.uni-lj.si\/ntf\/news\/praksa-v-svici-za-studente-grafike-international-telecommunication-union-itu\/\"]}]},{\"@type\":\"BreadcrumbList\",\"@id\":\"https:\/\/www.ntf.uni-lj.si\/ntf\/news\/praksa-v-svici-za-studente-grafike-international-telecommunication-union-itu\/#breadcrumb\",\"itemListElement\":[{\"@type\":\"ListItem\",\"position\":1,\"name\":\"Domov\",\"item\":\"https:\/\/www.ntf.uni-lj.si\/ntf\/\"},{\"@type\":\"ListItem\",\"position\":2,\"name\":\"Novice\",\"item\":\"https:\/\/www.ntf.uni-lj.si\/ntf\/news\/\"},{\"@type\":\"ListItem\",\"position\":3,\"name\":\"Praksa v \\u0160vici za \\u0161tudente grafike- International Telecommunication Union (ITU)\"}]}]}<\/script>\n<!-- \/ Yoast SEO plugin. -->","yoast_head_json":{"robots":{"index":"index","follow":"follow","max-snippet":"max-snippet:-1","max-image-preview":"max-image-preview:large","max-video-preview":"max-video-preview:-1"},"canonical":"https:\/\/www.ntf.uni-lj.si\/ntf\/news\/praksa-v-svici-za-studente-grafike-international-telecommunication-union-itu\/","og_locale":"en_US","og_type":"article","og_title":"Praksa v \u0160vici za \u0161tudente grafike- International Telecommunication Union (ITU) - NTF","og_description":"Posredujemo obvestilo o mo\u017enosti opravljanja nepla\u010dane prakse (mo\u017enost on-line) v \u0160vici za \u0161tudente grafike (Erasmus+ financiranja za prakso v \u0160vici \u017eal ni mogo\u010de prejeti): Internship Opportunity at ITU \u2013 Join Our Design Team on a Major Web Redesign Project I am writing on behalf of the design team at the\u00a0International Telecommunication Union (ITU), the United ... Read more","og_url":"https:\/\/www.ntf.uni-lj.si\/ntf\/news\/praksa-v-svici-za-studente-grafike-international-telecommunication-union-itu\/","og_site_name":"NTF","twitter_misc":{"Est. reading time":"1 minute"},"schema":{"@context":"https:\/\/schema.org","@graph":[{"@type":"WebSite","@id":"https:\/\/www.ntf.uni-lj.si\/ntf\/#website","url":"https:\/\/www.ntf.uni-lj.si\/ntf\/","name":"NTF","description":"Naravoslovnotehni\u0161ka fakulteta","potentialAction":[{"@type":"SearchAction","target":{"@type":"EntryPoint","urlTemplate":"https:\/\/www.ntf.uni-lj.si\/ntf\/?s={search_term_string}"},"query-input":"required name=search_term_string"}],"inLanguage":"en-US"},{"@type":"WebPage","@id":"https:\/\/www.ntf.uni-lj.si\/ntf\/news\/praksa-v-svici-za-studente-grafike-international-telecommunication-union-itu\/#webpage","url":"https:\/\/www.ntf.uni-lj.si\/ntf\/news\/praksa-v-svici-za-studente-grafike-international-telecommunication-union-itu\/","name":"Praksa v \u0160vici za \u0161tudente grafike- International Telecommunication Union (ITU) - NTF","isPartOf":{"@id":"https:\/\/www.ntf.uni-lj.si\/ntf\/#website"},"datePublished":"2025-09-15T10:37:29+00:00","dateModified":"2025-09-15T10:37:29+00:00","breadcrumb":{"@id":"https:\/\/www.ntf.uni-lj.si\/ntf\/news\/praksa-v-svici-za-studente-grafike-international-telecommunication-union-itu\/#breadcrumb"},"inLanguage":"en-US","potentialAction":[{"@type":"ReadAction","target":["https:\/\/www.ntf.uni-lj.si\/ntf\/news\/praksa-v-svici-za-studente-grafike-international-telecommunication-union-itu\/"]}]},{"@type":"BreadcrumbList","@id":"https:\/\/www.ntf.uni-lj.si\/ntf\/news\/praksa-v-svici-za-studente-grafike-international-telecommunication-union-itu\/#breadcrumb","itemListElement":[{"@type":"ListItem","position":1,"name":"Domov","item":"https:\/\/www.ntf.uni-lj.si\/ntf\/"},{"@type":"ListItem","position":2,"name":"Novice","item":"https:\/\/www.ntf.uni-lj.si\/ntf\/news\/"},{"@type":"ListItem","position":3,"name":"Praksa v \u0160vici za \u0161tudente grafike- International Telecommunication Union (ITU)"}]}]}},"_links":{"self":[{"href":"https:\/\/www.ntf.uni-lj.si\/ntf\/wp-json\/wp\/v2\/news\/31000"}],"collection":[{"href":"https:\/\/www.ntf.uni-lj.si\/ntf\/wp-json\/wp\/v2\/news"}],"about":[{"href":"https:\/\/www.ntf.uni-lj.si\/ntf\/wp-json\/wp\/v2\/types\/news"}],"author":[{"embeddable":true,"href":"https:\/\/www.ntf.uni-lj.si\/ntf\/wp-json\/wp\/v2\/users\/374"}],"version-history":[{"count":2,"href":"https:\/\/www.ntf.uni-lj.si\/ntf\/wp-json\/wp\/v2\/news\/31000\/revisions"}],"predecessor-version":[{"id":31002,"href":"https:\/\/www.ntf.uni-lj.si\/ntf\/wp-json\/wp\/v2\/news\/31000\/revisions\/31002"}],"wp:attachment":[{"href":"https:\/\/www.ntf.uni-lj.si\/ntf\/wp-json\/wp\/v2\/media?parent=31000"}],"wp:term":[{"taxonomy":"category","embeddable":true,"href":"https:\/\/www.ntf.uni-lj.si\/ntf\/wp-json\/wp\/v2\/categories?post=31000"}],"curies":[{"name":"wp","href":"https:\/\/api.w.org\/{rel}","templated":true}]}}