{"id":31109,"date":"2025-09-25T19:39:20","date_gmt":"2025-09-25T17:39:20","guid":{"rendered":"https:\/\/www.ntf.uni-lj.si\/ntf\/?post_type=news&#038;p=31109"},"modified":"2025-09-25T19:41:07","modified_gmt":"2025-09-25T17:41:07","slug":"zacetek-novega-studijskega-leta","status":"publish","type":"news","link":"https:\/\/www.ntf.uni-lj.si\/ntf\/news\/zacetek-novega-studijskega-leta\/","title":{"rendered":"Za\u010detek novega \u0161tudijskega leta"},"content":{"rendered":"<p data-start=\"116\" data-end=\"154\"><strong data-start=\"116\" data-end=\"152\">Dragi \u0161tudenti, drage \u0161tudentke,<\/strong><\/p>\n<p data-start=\"156\" data-end=\"371\">\u0161tudijsko leto 2025\/26 za vse \u0161tudente se pri\u010dne v <strong data-start=\"199\" data-end=\"225\">sredo, 1. oktobra 2025<\/strong>.<br data-start=\"226\" data-end=\"229\" \/>Izredni \u0161tudij programa <strong data-start=\"253\" data-end=\"293\">Grafi\u010dne in medijske tehnike (GMT-I)<\/strong> se bo za\u010del nekoliko kasneje. O natan\u010dnem za\u010detku boste obve\u0161\u010deni naknadno.<\/p>\n<p data-start=\"373\" data-end=\"560\">Urniki, ki so v prvih dneh \u0161e lahko podvr\u017eeni spremembam, so objavljeni <a href=\"https:\/\/www.ntf.uni-lj.si\/ntf\/studij\/urniki\/\">na povezavi.<\/a><br data-start=\"518\" data-end=\"521\" \/>Prosimo vas, da jih redno spremljate, na za\u010detku najbolje dnevno.<\/p>\n<p data-start=\"562\" data-end=\"577\"><strong data-start=\"562\" data-end=\"575\">Pomembno:<\/strong><\/p>\n<ul data-start=\"578\" data-end=\"804\">\n<li data-start=\"646\" data-end=\"702\">\n<p data-start=\"648\" data-end=\"702\">vaje, ki so na urniku pred prvimi predavanji, odpadejo,<\/p>\n<\/li>\n<li data-start=\"646\" data-end=\"702\">\n<p data-start=\"648\" data-end=\"702\">vse informacije o vajah (razdelitev v skupine, navodila ipd.) boste prejeli na prvih predavanjih.<\/p>\n<\/li>\n<\/ul>\n<p data-start=\"806\" data-end=\"1017\"><strong data-start=\"806\" data-end=\"864\">Obvestilo za \u0161tudente 2. stopnje z izbirnimi predmeti:<\/strong><br data-start=\"864\" data-end=\"867\" \/>Bodite pozorni na svoj izbor. \u010ce va\u0161ega izbirnega predmeta na urniku ni, se pravo\u010dasno oglasite pri nosilcu predmeta, ki vam bo pojasnil obveznosti.<\/p>\n<p data-start=\"1019\" data-end=\"1099\"><strong data-start=\"1019\" data-end=\"1053\">\u0160e nekaj koristnih informacij najdete <a href=\"https:\/\/www.ntf.uni-lj.si\/ntf\/studij\/osnovne-informacije-za-studente-ul\/\">na povezavi<\/a>.<\/strong><\/p>\n<p data-start=\"1019\" data-end=\"1099\">\u017delimo vam prijeten za\u010detek novega \u0161tudijskega leta.<\/p>\n<p data-start=\"1019\" data-end=\"1099\">p.s.: spremljate nas lahko na fakultetnem <a href=\"https:\/\/www.facebook.com\/ulntf\">FB<\/a> in <a href=\"https:\/\/www.instagram.com\/ul.ntf\/\">IG profilu<\/a> &#8211; nov profil.<\/p>\n","protected":false},"excerpt":{"rendered":"Dragi \u0161tudenti, drage \u0161tudentke, \u0161tudijsko leto 2025\/26 za vse \u0161tudente se pri\u010dne v sredo, 1. oktobra 2025.Izredni \u0161tudij programa Grafi\u010dne in medijske tehnike (GMT-I) se bo za\u010del nekoliko kasneje. O natan\u010dnem za\u010detku boste obve\u0161\u010deni naknadno. Urniki, ki so v prvih dneh \u0161e lahko podvr\u017eeni spremembam, so objavljeni na povezavi.Prosimo vas, da jih redno spremljate, na &#8230; <a class=\"view-article\" href=\"https:\/\/www.ntf.uni-lj.si\/ntf\/news\/zacetek-novega-studijskega-leta\/\">Read more<\/a>","protected":false},"author":171,"featured_media":0,"template":"","categories":[],"acf":[],"yoast_head":"<!-- This site is optimized with the Yoast SEO plugin v17.0 - https:\/\/yoast.com\/wordpress\/plugins\/seo\/ -->\n<meta name=\"robots\" content=\"index, follow, max-snippet:-1, max-image-preview:large, max-video-preview:-1\" \/>\n<link rel=\"canonical\" href=\"https:\/\/www.ntf.uni-lj.si\/ntf\/news\/zacetek-novega-studijskega-leta\/\" \/>\n<meta property=\"og:locale\" content=\"en_US\" \/>\n<meta property=\"og:type\" content=\"article\" \/>\n<meta property=\"og:title\" content=\"Za\u010detek novega \u0161tudijskega leta - NTF\" \/>\n<meta property=\"og:description\" content=\"Dragi \u0161tudenti, drage \u0161tudentke, \u0161tudijsko leto 2025\/26 za vse \u0161tudente se pri\u010dne v sredo, 1. oktobra 2025.Izredni \u0161tudij programa Grafi\u010dne in medijske tehnike (GMT-I) se bo za\u010del nekoliko kasneje. O natan\u010dnem za\u010detku boste obve\u0161\u010deni naknadno. Urniki, ki so v prvih dneh \u0161e lahko podvr\u017eeni spremembam, so objavljeni na povezavi.Prosimo vas, da jih redno spremljate, na ... Read more\" \/>\n<meta property=\"og:url\" content=\"https:\/\/www.ntf.uni-lj.si\/ntf\/news\/zacetek-novega-studijskega-leta\/\" \/>\n<meta property=\"og:site_name\" content=\"NTF\" \/>\n<meta property=\"article:modified_time\" content=\"2025-09-25T17:41:07+00:00\" \/>\n<meta name=\"twitter:label1\" content=\"Est. reading time\" \/>\n\t<meta name=\"twitter:data1\" content=\"1 minute\" \/>\n<script type=\"application\/ld+json\" class=\"yoast-schema-graph\">{\"@context\":\"https:\/\/schema.org\",\"@graph\":[{\"@type\":\"WebSite\",\"@id\":\"https:\/\/www.ntf.uni-lj.si\/ntf\/#website\",\"url\":\"https:\/\/www.ntf.uni-lj.si\/ntf\/\",\"name\":\"NTF\",\"description\":\"Naravoslovnotehni\\u0161ka fakulteta\",\"potentialAction\":[{\"@type\":\"SearchAction\",\"target\":{\"@type\":\"EntryPoint\",\"urlTemplate\":\"https:\/\/www.ntf.uni-lj.si\/ntf\/?s={search_term_string}\"},\"query-input\":\"required name=search_term_string\"}],\"inLanguage\":\"en-US\"},{\"@type\":\"WebPage\",\"@id\":\"https:\/\/www.ntf.uni-lj.si\/ntf\/news\/zacetek-novega-studijskega-leta\/#webpage\",\"url\":\"https:\/\/www.ntf.uni-lj.si\/ntf\/news\/zacetek-novega-studijskega-leta\/\",\"name\":\"Za\\u010detek novega \\u0161tudijskega leta - NTF\",\"isPartOf\":{\"@id\":\"https:\/\/www.ntf.uni-lj.si\/ntf\/#website\"},\"datePublished\":\"2025-09-25T17:39:20+00:00\",\"dateModified\":\"2025-09-25T17:41:07+00:00\",\"breadcrumb\":{\"@id\":\"https:\/\/www.ntf.uni-lj.si\/ntf\/news\/zacetek-novega-studijskega-leta\/#breadcrumb\"},\"inLanguage\":\"en-US\",\"potentialAction\":[{\"@type\":\"ReadAction\",\"target\":[\"https:\/\/www.ntf.uni-lj.si\/ntf\/news\/zacetek-novega-studijskega-leta\/\"]}]},{\"@type\":\"BreadcrumbList\",\"@id\":\"https:\/\/www.ntf.uni-lj.si\/ntf\/news\/zacetek-novega-studijskega-leta\/#breadcrumb\",\"itemListElement\":[{\"@type\":\"ListItem\",\"position\":1,\"name\":\"Domov\",\"item\":\"https:\/\/www.ntf.uni-lj.si\/ntf\/\"},{\"@type\":\"ListItem\",\"position\":2,\"name\":\"Novice\",\"item\":\"https:\/\/www.ntf.uni-lj.si\/ntf\/news\/\"},{\"@type\":\"ListItem\",\"position\":3,\"name\":\"Za\\u010detek novega \\u0161tudijskega leta\"}]}]}<\/script>\n<!-- \/ Yoast SEO plugin. -->","yoast_head_json":{"robots":{"index":"index","follow":"follow","max-snippet":"max-snippet:-1","max-image-preview":"max-image-preview:large","max-video-preview":"max-video-preview:-1"},"canonical":"https:\/\/www.ntf.uni-lj.si\/ntf\/news\/zacetek-novega-studijskega-leta\/","og_locale":"en_US","og_type":"article","og_title":"Za\u010detek novega \u0161tudijskega leta - NTF","og_description":"Dragi \u0161tudenti, drage \u0161tudentke, \u0161tudijsko leto 2025\/26 za vse \u0161tudente se pri\u010dne v sredo, 1. oktobra 2025.Izredni \u0161tudij programa Grafi\u010dne in medijske tehnike (GMT-I) se bo za\u010del nekoliko kasneje. O natan\u010dnem za\u010detku boste obve\u0161\u010deni naknadno. Urniki, ki so v prvih dneh \u0161e lahko podvr\u017eeni spremembam, so objavljeni na povezavi.Prosimo vas, da jih redno spremljate, na ... Read more","og_url":"https:\/\/www.ntf.uni-lj.si\/ntf\/news\/zacetek-novega-studijskega-leta\/","og_site_name":"NTF","article_modified_time":"2025-09-25T17:41:07+00:00","twitter_misc":{"Est. reading time":"1 minute"},"schema":{"@context":"https:\/\/schema.org","@graph":[{"@type":"WebSite","@id":"https:\/\/www.ntf.uni-lj.si\/ntf\/#website","url":"https:\/\/www.ntf.uni-lj.si\/ntf\/","name":"NTF","description":"Naravoslovnotehni\u0161ka fakulteta","potentialAction":[{"@type":"SearchAction","target":{"@type":"EntryPoint","urlTemplate":"https:\/\/www.ntf.uni-lj.si\/ntf\/?s={search_term_string}"},"query-input":"required name=search_term_string"}],"inLanguage":"en-US"},{"@type":"WebPage","@id":"https:\/\/www.ntf.uni-lj.si\/ntf\/news\/zacetek-novega-studijskega-leta\/#webpage","url":"https:\/\/www.ntf.uni-lj.si\/ntf\/news\/zacetek-novega-studijskega-leta\/","name":"Za\u010detek novega \u0161tudijskega leta - NTF","isPartOf":{"@id":"https:\/\/www.ntf.uni-lj.si\/ntf\/#website"},"datePublished":"2025-09-25T17:39:20+00:00","dateModified":"2025-09-25T17:41:07+00:00","breadcrumb":{"@id":"https:\/\/www.ntf.uni-lj.si\/ntf\/news\/zacetek-novega-studijskega-leta\/#breadcrumb"},"inLanguage":"en-US","potentialAction":[{"@type":"ReadAction","target":["https:\/\/www.ntf.uni-lj.si\/ntf\/news\/zacetek-novega-studijskega-leta\/"]}]},{"@type":"BreadcrumbList","@id":"https:\/\/www.ntf.uni-lj.si\/ntf\/news\/zacetek-novega-studijskega-leta\/#breadcrumb","itemListElement":[{"@type":"ListItem","position":1,"name":"Domov","item":"https:\/\/www.ntf.uni-lj.si\/ntf\/"},{"@type":"ListItem","position":2,"name":"Novice","item":"https:\/\/www.ntf.uni-lj.si\/ntf\/news\/"},{"@type":"ListItem","position":3,"name":"Za\u010detek novega \u0161tudijskega leta"}]}]}},"_links":{"self":[{"href":"https:\/\/www.ntf.uni-lj.si\/ntf\/wp-json\/wp\/v2\/news\/31109"}],"collection":[{"href":"https:\/\/www.ntf.uni-lj.si\/ntf\/wp-json\/wp\/v2\/news"}],"about":[{"href":"https:\/\/www.ntf.uni-lj.si\/ntf\/wp-json\/wp\/v2\/types\/news"}],"author":[{"embeddable":true,"href":"https:\/\/www.ntf.uni-lj.si\/ntf\/wp-json\/wp\/v2\/users\/171"}],"version-history":[{"count":3,"href":"https:\/\/www.ntf.uni-lj.si\/ntf\/wp-json\/wp\/v2\/news\/31109\/revisions"}],"predecessor-version":[{"id":31112,"href":"https:\/\/www.ntf.uni-lj.si\/ntf\/wp-json\/wp\/v2\/news\/31109\/revisions\/31112"}],"wp:attachment":[{"href":"https:\/\/www.ntf.uni-lj.si\/ntf\/wp-json\/wp\/v2\/media?parent=31109"}],"wp:term":[{"taxonomy":"category","embeddable":true,"href":"https:\/\/www.ntf.uni-lj.si\/ntf\/wp-json\/wp\/v2\/categories?post=31109"}],"curies":[{"name":"wp","href":"https:\/\/api.w.org\/{rel}","templated":true}]}}