{"id":32582,"date":"2026-02-27T15:06:17","date_gmt":"2026-02-27T14:06:17","guid":{"rendered":"https:\/\/www.ntf.uni-lj.si\/ntf\/?post_type=news&#038;p=32582"},"modified":"2026-02-27T15:06:17","modified_gmt":"2026-02-27T14:06:17","slug":"slovenski-vesoljski-dnevi-vabilo-in-program","status":"publish","type":"news","link":"https:\/\/www.ntf.uni-lj.si\/ntf\/news\/slovenski-vesoljski-dnevi-vabilo-in-program\/","title":{"rendered":"Slovenski vesoljski dnevi &#8211; vabilo in program"},"content":{"rendered":"<p data-start=\"0\" data-end=\"184\">Vse, ki jih zanimajo vesolje, napredne tehnologije in karierne prilo\u017enosti v hitro rasto\u010dem vesoljskem sektorju, vabimo na dogodke v okviru <strong data-start=\"140\" data-end=\"181\"><span class=\"hover:entity-accent entity-underline inline cursor-pointer align-baseline\"><span class=\"whitespace-normal\">Slovenski vesoljski dnevi<\/span><\/span><\/strong>. Predstavitve programa <strong data-start=\"208\" data-end=\"249\"><span class=\"hover:entity-accent entity-underline inline cursor-pointer align-baseline\"><span class=\"whitespace-normal\">ESA Academy<\/span><\/span><\/strong> ter mo\u017enosti za razvoj kariere v slovenskem vesoljskem okolju bodo potekale na treh \u010dlanicah <strong data-start=\"343\" data-end=\"384\"><span class=\"hover:entity-accent entity-underline inline cursor-pointer align-baseline\"><span class=\"whitespace-normal\">Univerza v Ljubljani<\/span><\/span><\/strong>:<\/p>\n<ul data-start=\"387\" data-end=\"638\">\n<li data-start=\"387\" data-end=\"503\">\n<p data-start=\"389\" data-end=\"503\"><strong data-start=\"389\" data-end=\"430\"><span class=\"hover:entity-accent entity-underline inline cursor-pointer align-baseline\"><span class=\"whitespace-normal\">Fakulteta za strojni\u0161tvo<\/span><\/span><\/strong> \u2013 3. 3. 2026 ob 8.30<br data-start=\"451\" data-end=\"454\" \/><em data-start=\"456\" data-end=\"501\">(<a href=\"https:\/\/1ka.arnes.si\/a\/b0722546\">za udele\u017ebo je potrebna predhodna prijava<\/a>)<\/em><\/p>\n<\/li>\n<li data-start=\"504\" data-end=\"571\">\n<p data-start=\"506\" data-end=\"571\"><strong data-start=\"506\" data-end=\"547\"><span class=\"hover:entity-accent entity-underline inline cursor-pointer align-baseline\"><span class=\"whitespace-normal\">Fakulteta za gradbeni\u0161tvo in geodezijo<\/span><\/span><\/strong> \u2013 3. 3. 2026 ob 14.00<\/p>\n<\/li>\n<li data-start=\"572\" data-end=\"638\">\n<p data-start=\"574\" data-end=\"638\"><strong data-start=\"574\" data-end=\"615\"><span class=\"hover:entity-accent entity-underline inline cursor-pointer align-baseline\"><span class=\"whitespace-normal\">Fakulteta za ra\u010dunalni\u0161tvo in informatiko<\/span><\/span><\/strong> \u2013 4. 3. 2026 ob 9.00<\/p>\n<\/li>\n<\/ul>\n<p data-start=\"640\" data-end=\"805\" data-is-last-node=\"\" data-is-only-node=\"\">Dogodki so odli\u010dna prilo\u017enost za vpogled v programe Evropske vesoljske agencije ter za povezovanje z dele\u017eniki slovenskega vesoljskega sektorja. Vljudno vabljeni!<\/p>\n","protected":false},"excerpt":{"rendered":"Vse, ki jih zanimajo vesolje, napredne tehnologije in karierne prilo\u017enosti v hitro rasto\u010dem vesoljskem sektorju, vabimo na dogodke v okviru Slovenski vesoljski dnevi. Predstavitve programa ESA Academy ter mo\u017enosti za razvoj kariere v slovenskem vesoljskem okolju bodo potekale na treh \u010dlanicah Univerza v Ljubljani: Fakulteta za strojni\u0161tvo \u2013 3. 3. 2026 ob 8.30(za udele\u017ebo je &#8230; <a class=\"view-article\" href=\"https:\/\/www.ntf.uni-lj.si\/ntf\/news\/slovenski-vesoljski-dnevi-vabilo-in-program\/\">Read more<\/a>","protected":false},"author":171,"featured_media":0,"template":"","categories":[],"class_list":["post-32582","news","type-news","status-publish","hentry"],"acf":[],"_links":{"self":[{"href":"https:\/\/www.ntf.uni-lj.si\/ntf\/wp-json\/wp\/v2\/news\/32582","targetHints":{"allow":["GET"]}}],"collection":[{"href":"https:\/\/www.ntf.uni-lj.si\/ntf\/wp-json\/wp\/v2\/news"}],"about":[{"href":"https:\/\/www.ntf.uni-lj.si\/ntf\/wp-json\/wp\/v2\/types\/news"}],"author":[{"embeddable":true,"href":"https:\/\/www.ntf.uni-lj.si\/ntf\/wp-json\/wp\/v2\/users\/171"}],"version-history":[{"count":1,"href":"https:\/\/www.ntf.uni-lj.si\/ntf\/wp-json\/wp\/v2\/news\/32582\/revisions"}],"predecessor-version":[{"id":32585,"href":"https:\/\/www.ntf.uni-lj.si\/ntf\/wp-json\/wp\/v2\/news\/32582\/revisions\/32585"}],"wp:attachment":[{"href":"https:\/\/www.ntf.uni-lj.si\/ntf\/wp-json\/wp\/v2\/media?parent=32582"}],"wp:term":[{"taxonomy":"category","embeddable":true,"href":"https:\/\/www.ntf.uni-lj.si\/ntf\/wp-json\/wp\/v2\/categories?post=32582"}],"curies":[{"name":"wp","href":"https:\/\/api.w.org\/{rel}","templated":true}]}}