{"id":32642,"date":"2026-03-05T14:17:23","date_gmt":"2026-03-05T13:17:23","guid":{"rendered":"https:\/\/www.ntf.uni-lj.si\/ntf\/?post_type=news&#038;p=32642"},"modified":"2026-03-05T14:17:23","modified_gmt":"2026-03-05T13:17:23","slug":"nacionalni-program-branja-na-otgo","status":"publish","type":"news","link":"https:\/\/www.ntf.uni-lj.si\/ntf\/news\/nacionalni-program-branja-na-otgo\/","title":{"rendered":"Nacionalni program branja na OTGO"},"content":{"rendered":"<p data-start=\"124\" data-end=\"285\">Branje je pomembno za kognitivni, \u010dustveni in jezikovni razvoj, spodbuja domi\u0161ljijo, spro\u0161\u010da in zmanj\u0161uje stres. Ob tem je tudi temelj vse\u017eivljenjskega u\u010denja.<\/p>\n<p data-start=\"287\" data-end=\"467\">V sklopu\u00a0<strong data-start=\"296\" data-end=\"344\">prvega praznovanja Nacionalnega dneva branja<\/strong>\u00a0(5. marca 2026), ki sovpada z rojstnim dnevom prof. dr. Mance Ko\u0161ir, smo na OTGO pripravili\u00a0<strong data-start=\"437\" data-end=\"464\">dva projekta<\/strong>:<\/p>\n<ul data-start=\"469\" data-end=\"834\">\n<li data-start=\"469\" data-end=\"632\">\n<p data-start=\"471\" data-end=\"632\"><strong data-start=\"471\" data-end=\"495\">Izmenjevalnica knjig<\/strong>\u00a0\u2013 v omarici v 3. nadstropju lahko prinesete svoje \u017ee prebrane knjige in jih zamenjate za nove. Tako branje pove\u017eemo tudi s trajnostjo.<\/p>\n<\/li>\n<li data-start=\"633\" data-end=\"834\">\n<p data-start=\"635\" data-end=\"834\"><strong data-start=\"635\" data-end=\"652\">Bralni kro\u017eek<\/strong>\u00a0\u2013 prvi sestanek bo 5. marca, ko bomo skupaj izbrali prvo knjigo za skupno branje. Interes za sodelovanje zbira\u00a0<strong data-start=\"764\" data-end=\"778\">Jure Ahtik<\/strong>\u00a0\u2013 prosimo, da mu sporo\u010dite, \u010de bi se radi pridru\u017eili.<\/p>\n<\/li>\n<\/ul>\n<p>Vabljeni k branju, izmenjevanju knjig in bralnemu kro\u017eku.<\/p>\n","protected":false},"excerpt":{"rendered":"Branje je pomembno za kognitivni, \u010dustveni in jezikovni razvoj, spodbuja domi\u0161ljijo, spro\u0161\u010da in zmanj\u0161uje stres. Ob tem je tudi temelj vse\u017eivljenjskega u\u010denja. V sklopu\u00a0prvega praznovanja Nacionalnega dneva branja\u00a0(5. marca 2026), ki sovpada z rojstnim dnevom prof. dr. Mance Ko\u0161ir, smo na OTGO pripravili\u00a0dva projekta: Izmenjevalnica knjig\u00a0\u2013 v omarici v 3. nadstropju lahko prinesete svoje \u017ee &#8230; <a class=\"view-article\" href=\"https:\/\/www.ntf.uni-lj.si\/ntf\/news\/nacionalni-program-branja-na-otgo\/\">Read more<\/a>","protected":false},"author":171,"featured_media":0,"template":"","categories":[],"class_list":["post-32642","news","type-news","status-publish","hentry"],"acf":[],"_links":{"self":[{"href":"https:\/\/www.ntf.uni-lj.si\/ntf\/wp-json\/wp\/v2\/news\/32642","targetHints":{"allow":["GET"]}}],"collection":[{"href":"https:\/\/www.ntf.uni-lj.si\/ntf\/wp-json\/wp\/v2\/news"}],"about":[{"href":"https:\/\/www.ntf.uni-lj.si\/ntf\/wp-json\/wp\/v2\/types\/news"}],"author":[{"embeddable":true,"href":"https:\/\/www.ntf.uni-lj.si\/ntf\/wp-json\/wp\/v2\/users\/171"}],"version-history":[{"count":1,"href":"https:\/\/www.ntf.uni-lj.si\/ntf\/wp-json\/wp\/v2\/news\/32642\/revisions"}],"predecessor-version":[{"id":32643,"href":"https:\/\/www.ntf.uni-lj.si\/ntf\/wp-json\/wp\/v2\/news\/32642\/revisions\/32643"}],"wp:attachment":[{"href":"https:\/\/www.ntf.uni-lj.si\/ntf\/wp-json\/wp\/v2\/media?parent=32642"}],"wp:term":[{"taxonomy":"category","embeddable":true,"href":"https:\/\/www.ntf.uni-lj.si\/ntf\/wp-json\/wp\/v2\/categories?post=32642"}],"curies":[{"name":"wp","href":"https:\/\/api.w.org\/{rel}","templated":true}]}}