{"id":32994,"date":"2026-04-08T09:37:32","date_gmt":"2026-04-08T07:37:32","guid":{"rendered":"https:\/\/www.ntf.uni-lj.si\/ntf\/?post_type=news&#038;p=32994"},"modified":"2026-04-08T09:37:32","modified_gmt":"2026-04-08T07:37:32","slug":"zalna-seja-ob-smrti-prof-dr-mihaela-brencica","status":"publish","type":"news","link":"https:\/\/www.ntf.uni-lj.si\/ntf\/news\/zalna-seja-ob-smrti-prof-dr-mihaela-brencica\/","title":{"rendered":"\u017dalna seja ob smrti prof. dr. Mihaela Bren\u010di\u010da"},"content":{"rendered":"<p>Vljudno vabljeni na <strong>\u017ealno sejo ob smrti prof. dr. Mihaela Bren\u010di\u010da<\/strong>, ki bo potekala <strong>v ponedeljek, 13. aprila 2026, ob 11.00<\/strong>, v <strong>veliki dvorani SAZU<\/strong>, na <strong>Novem trgu 3\/1 v Ljubljani<\/strong>.<\/p>\n","protected":false},"excerpt":{"rendered":"Vljudno vabljeni na \u017ealno sejo ob smrti prof. dr. Mihaela Bren\u010di\u010da, ki bo potekala v ponedeljek, 13. aprila 2026, ob 11.00, v veliki dvorani SAZU, na Novem trgu 3\/1 v Ljubljani.","protected":false},"author":171,"featured_media":0,"template":"","categories":[],"acf":[],"yoast_head":"<!-- This site is optimized with the Yoast SEO plugin v17.0 - https:\/\/yoast.com\/wordpress\/plugins\/seo\/ -->\n<meta name=\"robots\" content=\"index, follow, max-snippet:-1, max-image-preview:large, max-video-preview:-1\" \/>\n<link rel=\"canonical\" href=\"https:\/\/www.ntf.uni-lj.si\/ntf\/news\/zalna-seja-ob-smrti-prof-dr-mihaela-brencica\/\" \/>\n<meta property=\"og:locale\" content=\"en_US\" \/>\n<meta property=\"og:type\" content=\"article\" \/>\n<meta property=\"og:title\" content=\"\u017dalna seja ob smrti prof. dr. Mihaela Bren\u010di\u010da - NTF\" \/>\n<meta property=\"og:description\" content=\"Vljudno vabljeni na \u017ealno sejo ob smrti prof. dr. Mihaela Bren\u010di\u010da, ki bo potekala v ponedeljek, 13. aprila 2026, ob 11.00, v veliki dvorani SAZU, na Novem trgu 3\/1 v Ljubljani.\" \/>\n<meta property=\"og:url\" content=\"https:\/\/www.ntf.uni-lj.si\/ntf\/news\/zalna-seja-ob-smrti-prof-dr-mihaela-brencica\/\" \/>\n<meta property=\"og:site_name\" content=\"NTF\" \/>\n<script type=\"application\/ld+json\" class=\"yoast-schema-graph\">{\"@context\":\"https:\/\/schema.org\",\"@graph\":[{\"@type\":\"WebSite\",\"@id\":\"https:\/\/www.ntf.uni-lj.si\/ntf\/#website\",\"url\":\"https:\/\/www.ntf.uni-lj.si\/ntf\/\",\"name\":\"NTF\",\"description\":\"Naravoslovnotehni\\u0161ka fakulteta\",\"potentialAction\":[{\"@type\":\"SearchAction\",\"target\":{\"@type\":\"EntryPoint\",\"urlTemplate\":\"https:\/\/www.ntf.uni-lj.si\/ntf\/?s={search_term_string}\"},\"query-input\":\"required name=search_term_string\"}],\"inLanguage\":\"en-US\"},{\"@type\":\"WebPage\",\"@id\":\"https:\/\/www.ntf.uni-lj.si\/ntf\/news\/zalna-seja-ob-smrti-prof-dr-mihaela-brencica\/#webpage\",\"url\":\"https:\/\/www.ntf.uni-lj.si\/ntf\/news\/zalna-seja-ob-smrti-prof-dr-mihaela-brencica\/\",\"name\":\"\\u017dalna seja ob smrti prof. dr. Mihaela Bren\\u010di\\u010da - NTF\",\"isPartOf\":{\"@id\":\"https:\/\/www.ntf.uni-lj.si\/ntf\/#website\"},\"datePublished\":\"2026-04-08T07:37:32+00:00\",\"dateModified\":\"2026-04-08T07:37:32+00:00\",\"breadcrumb\":{\"@id\":\"https:\/\/www.ntf.uni-lj.si\/ntf\/news\/zalna-seja-ob-smrti-prof-dr-mihaela-brencica\/#breadcrumb\"},\"inLanguage\":\"en-US\",\"potentialAction\":[{\"@type\":\"ReadAction\",\"target\":[\"https:\/\/www.ntf.uni-lj.si\/ntf\/news\/zalna-seja-ob-smrti-prof-dr-mihaela-brencica\/\"]}]},{\"@type\":\"BreadcrumbList\",\"@id\":\"https:\/\/www.ntf.uni-lj.si\/ntf\/news\/zalna-seja-ob-smrti-prof-dr-mihaela-brencica\/#breadcrumb\",\"itemListElement\":[{\"@type\":\"ListItem\",\"position\":1,\"name\":\"Domov\",\"item\":\"https:\/\/www.ntf.uni-lj.si\/ntf\/\"},{\"@type\":\"ListItem\",\"position\":2,\"name\":\"Novice\",\"item\":\"https:\/\/www.ntf.uni-lj.si\/ntf\/news\/\"},{\"@type\":\"ListItem\",\"position\":3,\"name\":\"\\u017dalna seja ob smrti prof. dr. Mihaela Bren\\u010di\\u010da\"}]}]}<\/script>\n<!-- \/ Yoast SEO plugin. -->","yoast_head_json":{"robots":{"index":"index","follow":"follow","max-snippet":"max-snippet:-1","max-image-preview":"max-image-preview:large","max-video-preview":"max-video-preview:-1"},"canonical":"https:\/\/www.ntf.uni-lj.si\/ntf\/news\/zalna-seja-ob-smrti-prof-dr-mihaela-brencica\/","og_locale":"en_US","og_type":"article","og_title":"\u017dalna seja ob smrti prof. dr. Mihaela Bren\u010di\u010da - NTF","og_description":"Vljudno vabljeni na \u017ealno sejo ob smrti prof. dr. Mihaela Bren\u010di\u010da, ki bo potekala v ponedeljek, 13. aprila 2026, ob 11.00, v veliki dvorani SAZU, na Novem trgu 3\/1 v Ljubljani.","og_url":"https:\/\/www.ntf.uni-lj.si\/ntf\/news\/zalna-seja-ob-smrti-prof-dr-mihaela-brencica\/","og_site_name":"NTF","schema":{"@context":"https:\/\/schema.org","@graph":[{"@type":"WebSite","@id":"https:\/\/www.ntf.uni-lj.si\/ntf\/#website","url":"https:\/\/www.ntf.uni-lj.si\/ntf\/","name":"NTF","description":"Naravoslovnotehni\u0161ka fakulteta","potentialAction":[{"@type":"SearchAction","target":{"@type":"EntryPoint","urlTemplate":"https:\/\/www.ntf.uni-lj.si\/ntf\/?s={search_term_string}"},"query-input":"required name=search_term_string"}],"inLanguage":"en-US"},{"@type":"WebPage","@id":"https:\/\/www.ntf.uni-lj.si\/ntf\/news\/zalna-seja-ob-smrti-prof-dr-mihaela-brencica\/#webpage","url":"https:\/\/www.ntf.uni-lj.si\/ntf\/news\/zalna-seja-ob-smrti-prof-dr-mihaela-brencica\/","name":"\u017dalna seja ob smrti prof. dr. Mihaela Bren\u010di\u010da - NTF","isPartOf":{"@id":"https:\/\/www.ntf.uni-lj.si\/ntf\/#website"},"datePublished":"2026-04-08T07:37:32+00:00","dateModified":"2026-04-08T07:37:32+00:00","breadcrumb":{"@id":"https:\/\/www.ntf.uni-lj.si\/ntf\/news\/zalna-seja-ob-smrti-prof-dr-mihaela-brencica\/#breadcrumb"},"inLanguage":"en-US","potentialAction":[{"@type":"ReadAction","target":["https:\/\/www.ntf.uni-lj.si\/ntf\/news\/zalna-seja-ob-smrti-prof-dr-mihaela-brencica\/"]}]},{"@type":"BreadcrumbList","@id":"https:\/\/www.ntf.uni-lj.si\/ntf\/news\/zalna-seja-ob-smrti-prof-dr-mihaela-brencica\/#breadcrumb","itemListElement":[{"@type":"ListItem","position":1,"name":"Domov","item":"https:\/\/www.ntf.uni-lj.si\/ntf\/"},{"@type":"ListItem","position":2,"name":"Novice","item":"https:\/\/www.ntf.uni-lj.si\/ntf\/news\/"},{"@type":"ListItem","position":3,"name":"\u017dalna seja ob smrti prof. dr. Mihaela Bren\u010di\u010da"}]}]}},"_links":{"self":[{"href":"https:\/\/www.ntf.uni-lj.si\/ntf\/wp-json\/wp\/v2\/news\/32994"}],"collection":[{"href":"https:\/\/www.ntf.uni-lj.si\/ntf\/wp-json\/wp\/v2\/news"}],"about":[{"href":"https:\/\/www.ntf.uni-lj.si\/ntf\/wp-json\/wp\/v2\/types\/news"}],"author":[{"embeddable":true,"href":"https:\/\/www.ntf.uni-lj.si\/ntf\/wp-json\/wp\/v2\/users\/171"}],"version-history":[{"count":1,"href":"https:\/\/www.ntf.uni-lj.si\/ntf\/wp-json\/wp\/v2\/news\/32994\/revisions"}],"predecessor-version":[{"id":32995,"href":"https:\/\/www.ntf.uni-lj.si\/ntf\/wp-json\/wp\/v2\/news\/32994\/revisions\/32995"}],"wp:attachment":[{"href":"https:\/\/www.ntf.uni-lj.si\/ntf\/wp-json\/wp\/v2\/media?parent=32994"}],"wp:term":[{"taxonomy":"category","embeddable":true,"href":"https:\/\/www.ntf.uni-lj.si\/ntf\/wp-json\/wp\/v2\/categories?post=32994"}],"curies":[{"name":"wp","href":"https:\/\/api.w.org\/{rel}","templated":true}]}}