{"id":4338,"date":"2015-08-26T08:18:06","date_gmt":"2015-08-26T06:18:06","guid":{"rendered":"http:\/\/www.ntf.uni-lj.si\/ntf\/?post_type=news&#038;p=4338"},"modified":"2015-08-26T09:48:26","modified_gmt":"2015-08-26T07:48:26","slug":"pozdrav-brucem-2015","status":"publish","type":"news","link":"https:\/\/www.ntf.uni-lj.si\/ntf\/news\/pozdrav-brucem-2015\/","title":{"rendered":"Pozdrav brucem 2015"},"content":{"rendered":"<p>V \u010detrtek, <strong>1. oktobra 2015<\/strong>, bo na <strong>Kongresnem trgu<\/strong> v Ljubljani potekal tradicionalni sprejem brucev Univerze v Ljubljani. Prireditev, ki se bo za\u010dela ob 16. uri, bo postregla z \u017eivahnim programom, kjer ne bo manjkalo glasbe, smeha in \u0161portnih aktivnosti. Dogodek se bo predvidoma zaklju\u010dil ob 20. uri, vseskozi pa bodo novope\u010deni \u0161tudentje lahko informacije o \u0161tudiju in ob\u0161tudijskih dejavnostih pridobivali na stojnicah 23 fakultet in treh akademij.<\/p>\n<p>Uradni del s slavnostnim odprtjem novega \u0161tudijskega leta se bo<strong> za\u010del ob 17. uri.<\/strong> Brucem bodo dobrodo\u0161lico izrekli rektor Univerze v Ljubljani prof. dr. Ivan Svetlik, predsednik \u0160tudentskega sveta Univerze v Ljubljani Miha Rajh in \u017eupan Mestne ob\u010dine Ljubljana Zoran Jankovi\u0107. Prisotno bo tudi vodstvo vseh 23 fakultet in treh akademij.<\/p>\n<p>Kako pestro, zanimivo in \u017eivahno je bilo na lanskoletnem sprejemu brucem, si lahko ogledate\u00a0<a href=\"https:\/\/www.youtube.com\/watch?v=NncRU3-sh_A&#038;feature=youtu.be\" target=\"_blank\">tukaj<\/a>.<\/p>\n<p>Vljudno vabljeni!<\/p>\n","protected":false},"excerpt":{"rendered":"V \u010detrtek, 1. oktobra 2015, bo na Kongresnem trgu v Ljubljani potekal tradicionalni sprejem brucev Univerze v Ljubljani. Prireditev, ki se bo za\u010dela ob 16. uri, bo postregla z \u017eivahnim programom, kjer ne bo manjkalo glasbe, smeha in \u0161portnih aktivnosti. Dogodek se bo predvidoma zaklju\u010dil ob 20. uri, vseskozi pa bodo novope\u010deni \u0161tudentje lahko informacije &#8230; <a class=\"view-article\" href=\"https:\/\/www.ntf.uni-lj.si\/ntf\/news\/pozdrav-brucem-2015\/\">Read more<\/a>","protected":false},"author":15,"featured_media":4350,"template":"","categories":[246,146,275,269],"class_list":["post-4338","news","type-news","status-publish","has-post-thumbnail","hentry","category-novice","category-office","category-office-mont","category-office-otgo"],"acf":[],"_links":{"self":[{"href":"https:\/\/www.ntf.uni-lj.si\/ntf\/wp-json\/wp\/v2\/news\/4338","targetHints":{"allow":["GET"]}}],"collection":[{"href":"https:\/\/www.ntf.uni-lj.si\/ntf\/wp-json\/wp\/v2\/news"}],"about":[{"href":"https:\/\/www.ntf.uni-lj.si\/ntf\/wp-json\/wp\/v2\/types\/news"}],"author":[{"embeddable":true,"href":"https:\/\/www.ntf.uni-lj.si\/ntf\/wp-json\/wp\/v2\/users\/15"}],"version-history":[{"count":6,"href":"https:\/\/www.ntf.uni-lj.si\/ntf\/wp-json\/wp\/v2\/news\/4338\/revisions"}],"predecessor-version":[{"id":4348,"href":"https:\/\/www.ntf.uni-lj.si\/ntf\/wp-json\/wp\/v2\/news\/4338\/revisions\/4348"}],"wp:featuredmedia":[{"embeddable":true,"href":"https:\/\/www.ntf.uni-lj.si\/ntf\/wp-json\/wp\/v2\/media\/4350"}],"wp:attachment":[{"href":"https:\/\/www.ntf.uni-lj.si\/ntf\/wp-json\/wp\/v2\/media?parent=4338"}],"wp:term":[{"taxonomy":"category","embeddable":true,"href":"https:\/\/www.ntf.uni-lj.si\/ntf\/wp-json\/wp\/v2\/categories?post=4338"}],"curies":[{"name":"wp","href":"https:\/\/api.w.org\/{rel}","templated":true}]}}