{"id":5187,"date":"2016-01-19T11:41:39","date_gmt":"2016-01-19T10:41:39","guid":{"rendered":"http:\/\/www.ntf.uni-lj.si\/ntf\/?post_type=news&#038;p=5187"},"modified":"2016-01-19T11:41:39","modified_gmt":"2016-01-19T10:41:39","slug":"kolegij-dekanov-ul","status":"publish","type":"news","link":"https:\/\/www.ntf.uni-lj.si\/ntf\/news\/kolegij-dekanov-ul\/","title":{"rendered":"Kolegij dekanov UL"},"content":{"rendered":"<p>14. 1. 2014 je na NTF potekal kolegij dekanov UL, ki se ga je udele\u017eil rektor prof. dr. Ivan Svetlik z najo\u017ejimi sodelavci in dekani 24 \u010dlanic UL.<\/p>\n","protected":false},"excerpt":{"rendered":"14. 1. 2014 je na NTF potekal kolegij dekanov UL, ki se ga je udele\u017eil rektor prof. dr. Ivan Svetlik z najo\u017ejimi sodelavci in dekani 24 \u010dlanic UL.","protected":false},"author":21,"featured_media":0,"template":"","categories":[],"class_list":["post-5187","news","type-news","status-publish","hentry"],"acf":[],"_links":{"self":[{"href":"https:\/\/www.ntf.uni-lj.si\/ntf\/wp-json\/wp\/v2\/news\/5187","targetHints":{"allow":["GET"]}}],"collection":[{"href":"https:\/\/www.ntf.uni-lj.si\/ntf\/wp-json\/wp\/v2\/news"}],"about":[{"href":"https:\/\/www.ntf.uni-lj.si\/ntf\/wp-json\/wp\/v2\/types\/news"}],"author":[{"embeddable":true,"href":"https:\/\/www.ntf.uni-lj.si\/ntf\/wp-json\/wp\/v2\/users\/21"}],"version-history":[{"count":1,"href":"https:\/\/www.ntf.uni-lj.si\/ntf\/wp-json\/wp\/v2\/news\/5187\/revisions"}],"predecessor-version":[{"id":5191,"href":"https:\/\/www.ntf.uni-lj.si\/ntf\/wp-json\/wp\/v2\/news\/5187\/revisions\/5191"}],"wp:attachment":[{"href":"https:\/\/www.ntf.uni-lj.si\/ntf\/wp-json\/wp\/v2\/media?parent=5187"}],"wp:term":[{"taxonomy":"category","embeddable":true,"href":"https:\/\/www.ntf.uni-lj.si\/ntf\/wp-json\/wp\/v2\/categories?post=5187"}],"curies":[{"name":"wp","href":"https:\/\/api.w.org\/{rel}","templated":true}]}}