{"id":6329,"date":"2016-10-04T09:22:07","date_gmt":"2016-10-04T07:22:07","guid":{"rendered":"http:\/\/www.ntf.uni-lj.si\/ntf\/?post_type=news&#038;p=6329"},"modified":"2016-10-04T09:22:07","modified_gmt":"2016-10-04T07:22:07","slug":"sprejem-erasmus-studentov","status":"publish","type":"news","link":"https:\/\/www.ntf.uni-lj.si\/ntf\/news\/sprejem-erasmus-studentov\/","title":{"rendered":"Sprejem Erasmus \u0161tudentov"},"content":{"rendered":"<p>Na Naravoslovnotehni\u0161ki fakulteti smo prvi dan novega \u0161tudijskega leta, 3. 10. 2016, pripravili sprejem za Erasmus \u0161tudente, ki so pri\u0161li na \u0161tudijsko izmenjavo v zimskem semestru \u0161tudijskega leta 2016\/2017. Kratki uvodni predstavitvi gospe Majde \u0160trakl, Erasmus koordinatorice na NTF, je sledila predstavitev Erasmus koordinatorjev po oddelkih in nagovor \u017dige \u0160ramla, namestnika \u0161tudentskega sveta NTF, ter Tja\u0161e Vali\u010d, predsednice \u0161tudentskega sveta NTF. Po predstavitvah smo nadaljevali s pogostitvijo in dru\u017eenjem \u0161tudentov.<\/p>\n","protected":false},"excerpt":{"rendered":"Na Naravoslovnotehni\u0161ki fakulteti smo prvi dan novega \u0161tudijskega leta, 3. 10. 2016, pripravili sprejem za Erasmus \u0161tudente, ki so pri\u0161li na \u0161tudijsko izmenjavo v zimskem semestru \u0161tudijskega leta 2016\/2017. Kratki uvodni predstavitvi gospe Majde \u0160trakl, Erasmus koordinatorice na NTF, je sledila predstavitev Erasmus koordinatorjev po oddelkih in nagovor \u017dige \u0160ramla, namestnika \u0161tudentskega sveta NTF, ter &#8230; <a class=\"view-article\" href=\"https:\/\/www.ntf.uni-lj.si\/ntf\/news\/sprejem-erasmus-studentov\/\">Read more<\/a>","protected":false},"author":21,"featured_media":0,"template":"","categories":[138],"class_list":["post-6329","news","type-news","status-publish","hentry","category-ntf"],"acf":[],"_links":{"self":[{"href":"https:\/\/www.ntf.uni-lj.si\/ntf\/wp-json\/wp\/v2\/news\/6329","targetHints":{"allow":["GET"]}}],"collection":[{"href":"https:\/\/www.ntf.uni-lj.si\/ntf\/wp-json\/wp\/v2\/news"}],"about":[{"href":"https:\/\/www.ntf.uni-lj.si\/ntf\/wp-json\/wp\/v2\/types\/news"}],"author":[{"embeddable":true,"href":"https:\/\/www.ntf.uni-lj.si\/ntf\/wp-json\/wp\/v2\/users\/21"}],"version-history":[{"count":1,"href":"https:\/\/www.ntf.uni-lj.si\/ntf\/wp-json\/wp\/v2\/news\/6329\/revisions"}],"predecessor-version":[{"id":6333,"href":"https:\/\/www.ntf.uni-lj.si\/ntf\/wp-json\/wp\/v2\/news\/6329\/revisions\/6333"}],"wp:attachment":[{"href":"https:\/\/www.ntf.uni-lj.si\/ntf\/wp-json\/wp\/v2\/media?parent=6329"}],"wp:term":[{"taxonomy":"category","embeddable":true,"href":"https:\/\/www.ntf.uni-lj.si\/ntf\/wp-json\/wp\/v2\/categories?post=6329"}],"curies":[{"name":"wp","href":"https:\/\/api.w.org\/{rel}","templated":true}]}}