{"id":7603,"date":"2017-05-22T14:08:54","date_gmt":"2017-05-22T12:08:54","guid":{"rendered":"http:\/\/www.ntf.uni-lj.si\/ntf\/?post_type=news&#038;p=7603"},"modified":"2017-05-23T08:49:19","modified_gmt":"2017-05-23T06:49:19","slug":"delavnica-pripravite-se-na-razgovor-2","status":"publish","type":"news","link":"https:\/\/www.ntf.uni-lj.si\/ntf\/news\/delavnica-pripravite-se-na-razgovor-2\/","title":{"rendered":"Delavnica: Pripravite se na razgovor"},"content":{"rendered":"<p>Ali sem res pripravljen na razgovor? Na kak\u0161na vpra\u0161anja lahko naletim na razgovoru? Kako naj sebe dobro predstavim?<\/p>\n<p>Odgovore na ta in \u0161e mnoga druga vpra\u0161anja boste dobili na delavnici, ki bo potekala v sredo, <strong>24. 5. 2017 med 11. in 13.00 uro<\/strong> na Sne\u017eni\u0161ki 5 v P105 (1. nad.).<\/p>\n<p>Prijave se na delavnico preko: <a href=\"mailto:tina.premelc@ntf.uni-lj.si\">tina.premelc@ntf.uni-lj.si<\/a>.<\/p>\n<p>Ve\u010d v priponki!<\/p>\n<p>&nbsp;<\/p>\n","protected":false},"excerpt":{"rendered":"Ali sem res pripravljen na razgovor? Na kak\u0161na vpra\u0161anja lahko naletim na razgovoru? Kako naj sebe dobro predstavim? Odgovore na ta in \u0161e mnoga druga vpra\u0161anja boste dobili na delavnici, ki bo potekala v sredo, 24. 5. 2017 med 11. in 13.00 uro na Sne\u017eni\u0161ki 5 v P105 (1. nad.). Prijave se na delavnico preko: &#8230; <a class=\"view-article\" href=\"https:\/\/www.ntf.uni-lj.si\/ntf\/news\/delavnica-pripravite-se-na-razgovor-2\/\">Read more<\/a>","protected":false},"author":171,"featured_media":0,"template":"","categories":[],"acf":[],"yoast_head":"<!-- This site is optimized with the Yoast SEO plugin v17.0 - https:\/\/yoast.com\/wordpress\/plugins\/seo\/ -->\n<meta name=\"robots\" content=\"index, follow, max-snippet:-1, max-image-preview:large, max-video-preview:-1\" \/>\n<link rel=\"canonical\" href=\"https:\/\/www.ntf.uni-lj.si\/ntf\/news\/delavnica-pripravite-se-na-razgovor-2\/\" \/>\n<meta property=\"og:locale\" content=\"en_US\" \/>\n<meta property=\"og:type\" content=\"article\" \/>\n<meta property=\"og:title\" content=\"Delavnica: Pripravite se na razgovor - NTF\" \/>\n<meta property=\"og:description\" content=\"Ali sem res pripravljen na razgovor? Na kak\u0161na vpra\u0161anja lahko naletim na razgovoru? Kako naj sebe dobro predstavim? Odgovore na ta in \u0161e mnoga druga vpra\u0161anja boste dobili na delavnici, ki bo potekala v sredo, 24. 5. 2017 med 11. in 13.00 uro na Sne\u017eni\u0161ki 5 v P105 (1. nad.). Prijave se na delavnico preko: ... Read more\" \/>\n<meta property=\"og:url\" content=\"https:\/\/www.ntf.uni-lj.si\/ntf\/news\/delavnica-pripravite-se-na-razgovor-2\/\" \/>\n<meta property=\"og:site_name\" content=\"NTF\" \/>\n<meta property=\"article:modified_time\" content=\"2017-05-23T06:49:19+00:00\" \/>\n<script type=\"application\/ld+json\" class=\"yoast-schema-graph\">{\"@context\":\"https:\/\/schema.org\",\"@graph\":[{\"@type\":\"WebSite\",\"@id\":\"https:\/\/www.ntf.uni-lj.si\/ntf\/#website\",\"url\":\"https:\/\/www.ntf.uni-lj.si\/ntf\/\",\"name\":\"NTF\",\"description\":\"Naravoslovnotehni\\u0161ka fakulteta\",\"potentialAction\":[{\"@type\":\"SearchAction\",\"target\":{\"@type\":\"EntryPoint\",\"urlTemplate\":\"https:\/\/www.ntf.uni-lj.si\/ntf\/?s={search_term_string}\"},\"query-input\":\"required name=search_term_string\"}],\"inLanguage\":\"en-US\"},{\"@type\":\"WebPage\",\"@id\":\"https:\/\/www.ntf.uni-lj.si\/ntf\/news\/delavnica-pripravite-se-na-razgovor-2\/#webpage\",\"url\":\"https:\/\/www.ntf.uni-lj.si\/ntf\/news\/delavnica-pripravite-se-na-razgovor-2\/\",\"name\":\"Delavnica: Pripravite se na razgovor - NTF\",\"isPartOf\":{\"@id\":\"https:\/\/www.ntf.uni-lj.si\/ntf\/#website\"},\"datePublished\":\"2017-05-22T12:08:54+00:00\",\"dateModified\":\"2017-05-23T06:49:19+00:00\",\"breadcrumb\":{\"@id\":\"https:\/\/www.ntf.uni-lj.si\/ntf\/news\/delavnica-pripravite-se-na-razgovor-2\/#breadcrumb\"},\"inLanguage\":\"en-US\",\"potentialAction\":[{\"@type\":\"ReadAction\",\"target\":[\"https:\/\/www.ntf.uni-lj.si\/ntf\/news\/delavnica-pripravite-se-na-razgovor-2\/\"]}]},{\"@type\":\"BreadcrumbList\",\"@id\":\"https:\/\/www.ntf.uni-lj.si\/ntf\/news\/delavnica-pripravite-se-na-razgovor-2\/#breadcrumb\",\"itemListElement\":[{\"@type\":\"ListItem\",\"position\":1,\"name\":\"Domov\",\"item\":\"https:\/\/www.ntf.uni-lj.si\/ntf\/\"},{\"@type\":\"ListItem\",\"position\":2,\"name\":\"Novice\",\"item\":\"https:\/\/www.ntf.uni-lj.si\/ntf\/news\/\"},{\"@type\":\"ListItem\",\"position\":3,\"name\":\"Delavnica: Pripravite se na razgovor\"}]}]}<\/script>\n<!-- \/ Yoast SEO plugin. -->","yoast_head_json":{"robots":{"index":"index","follow":"follow","max-snippet":"max-snippet:-1","max-image-preview":"max-image-preview:large","max-video-preview":"max-video-preview:-1"},"canonical":"https:\/\/www.ntf.uni-lj.si\/ntf\/news\/delavnica-pripravite-se-na-razgovor-2\/","og_locale":"en_US","og_type":"article","og_title":"Delavnica: Pripravite se na razgovor - NTF","og_description":"Ali sem res pripravljen na razgovor? Na kak\u0161na vpra\u0161anja lahko naletim na razgovoru? Kako naj sebe dobro predstavim? Odgovore na ta in \u0161e mnoga druga vpra\u0161anja boste dobili na delavnici, ki bo potekala v sredo, 24. 5. 2017 med 11. in 13.00 uro na Sne\u017eni\u0161ki 5 v P105 (1. nad.). Prijave se na delavnico preko: ... Read more","og_url":"https:\/\/www.ntf.uni-lj.si\/ntf\/news\/delavnica-pripravite-se-na-razgovor-2\/","og_site_name":"NTF","article_modified_time":"2017-05-23T06:49:19+00:00","schema":{"@context":"https:\/\/schema.org","@graph":[{"@type":"WebSite","@id":"https:\/\/www.ntf.uni-lj.si\/ntf\/#website","url":"https:\/\/www.ntf.uni-lj.si\/ntf\/","name":"NTF","description":"Naravoslovnotehni\u0161ka fakulteta","potentialAction":[{"@type":"SearchAction","target":{"@type":"EntryPoint","urlTemplate":"https:\/\/www.ntf.uni-lj.si\/ntf\/?s={search_term_string}"},"query-input":"required name=search_term_string"}],"inLanguage":"en-US"},{"@type":"WebPage","@id":"https:\/\/www.ntf.uni-lj.si\/ntf\/news\/delavnica-pripravite-se-na-razgovor-2\/#webpage","url":"https:\/\/www.ntf.uni-lj.si\/ntf\/news\/delavnica-pripravite-se-na-razgovor-2\/","name":"Delavnica: Pripravite se na razgovor - NTF","isPartOf":{"@id":"https:\/\/www.ntf.uni-lj.si\/ntf\/#website"},"datePublished":"2017-05-22T12:08:54+00:00","dateModified":"2017-05-23T06:49:19+00:00","breadcrumb":{"@id":"https:\/\/www.ntf.uni-lj.si\/ntf\/news\/delavnica-pripravite-se-na-razgovor-2\/#breadcrumb"},"inLanguage":"en-US","potentialAction":[{"@type":"ReadAction","target":["https:\/\/www.ntf.uni-lj.si\/ntf\/news\/delavnica-pripravite-se-na-razgovor-2\/"]}]},{"@type":"BreadcrumbList","@id":"https:\/\/www.ntf.uni-lj.si\/ntf\/news\/delavnica-pripravite-se-na-razgovor-2\/#breadcrumb","itemListElement":[{"@type":"ListItem","position":1,"name":"Domov","item":"https:\/\/www.ntf.uni-lj.si\/ntf\/"},{"@type":"ListItem","position":2,"name":"Novice","item":"https:\/\/www.ntf.uni-lj.si\/ntf\/news\/"},{"@type":"ListItem","position":3,"name":"Delavnica: Pripravite se na razgovor"}]}]}},"_links":{"self":[{"href":"https:\/\/www.ntf.uni-lj.si\/ntf\/wp-json\/wp\/v2\/news\/7603"}],"collection":[{"href":"https:\/\/www.ntf.uni-lj.si\/ntf\/wp-json\/wp\/v2\/news"}],"about":[{"href":"https:\/\/www.ntf.uni-lj.si\/ntf\/wp-json\/wp\/v2\/types\/news"}],"author":[{"embeddable":true,"href":"https:\/\/www.ntf.uni-lj.si\/ntf\/wp-json\/wp\/v2\/users\/171"}],"version-history":[{"count":1,"href":"https:\/\/www.ntf.uni-lj.si\/ntf\/wp-json\/wp\/v2\/news\/7603\/revisions"}],"predecessor-version":[{"id":7605,"href":"https:\/\/www.ntf.uni-lj.si\/ntf\/wp-json\/wp\/v2\/news\/7603\/revisions\/7605"}],"wp:attachment":[{"href":"https:\/\/www.ntf.uni-lj.si\/ntf\/wp-json\/wp\/v2\/media?parent=7603"}],"wp:term":[{"taxonomy":"category","embeddable":true,"href":"https:\/\/www.ntf.uni-lj.si\/ntf\/wp-json\/wp\/v2\/categories?post=7603"}],"curies":[{"name":"wp","href":"https:\/\/api.w.org\/{rel}","templated":true}]}}