{"id":8123,"date":"2017-09-06T10:20:17","date_gmt":"2017-09-06T08:20:17","guid":{"rendered":"http:\/\/www.ntf.uni-lj.si\/ntf\/?post_type=news&#038;p=8123"},"modified":"2017-09-06T10:20:17","modified_gmt":"2017-09-06T08:20:17","slug":"karierni-tabor-delavnice","status":"publish","type":"news","link":"https:\/\/www.ntf.uni-lj.si\/ntf\/news\/karierni-tabor-delavnice\/","title":{"rendered":"Karierni tabor -delavnice"},"content":{"rendered":"<p><strong>Septembrski \u00bbKarierni tabor \u2013 postani \u0161tudent\/ka 007\u00ab \u2013 ponovitev poletne uspe\u0161nice<\/strong><\/p>\n<p><strong>Oboro\u017ei se s kompetencami za 21. stoletje!<a href=\"https:\/\/www.ntf.uni-lj.si\/ntf\/wp-content\/uploads\/sites\/2\/2017\/09\/KARIERNI-TABOR.png\"><img loading=\"lazy\" class=\"wp-image-8124 alignright\" src=\"https:\/\/www.ntf.uni-lj.si\/ntf\/wp-content\/uploads\/sites\/2\/2017\/09\/KARIERNI-TABOR-300x300.png\" alt=\"\" width=\"279\" height=\"279\" srcset=\"https:\/\/www.ntf.uni-lj.si\/ntf\/wp-content\/uploads\/sites\/2\/2017\/09\/KARIERNI-TABOR-300x300.png 300w, https:\/\/www.ntf.uni-lj.si\/ntf\/wp-content\/uploads\/sites\/2\/2017\/09\/KARIERNI-TABOR-150x150.png 150w, https:\/\/www.ntf.uni-lj.si\/ntf\/wp-content\/uploads\/sites\/2\/2017\/09\/KARIERNI-TABOR-768x766.png 768w, https:\/\/www.ntf.uni-lj.si\/ntf\/wp-content\/uploads\/sites\/2\/2017\/09\/KARIERNI-TABOR.png 964w\" sizes=\"(max-width: 279px) 100vw, 279px\" \/><\/a><\/strong><\/p>\n<p>Zaradi res izjemnega odziva na Karierni tabor v juniju in juliju, na katerem je nova znanja pridobilo skoraj 300 udele\u017eencev, smo se Karierni centri Univerze v Ljubljani na podlagi va\u0161ih \u017eelja in interesov odlo\u010dili, da <strong>med 18. in 29. septembrom 2017<\/strong>\u00a0ponovno organiziramo <strong>najbolj popularne delavnice<\/strong>, ki smo jim dodali \u0161e te\u010daj \u0161panskega jezika. Na brezpla\u010dnih izobra\u017eevanjih boste \u0161tudentke in \u0161tudenti Univerze v Ljubljani lahko pridobivali <strong>jezikovne, ra\u010dunalni\u0161ke in komunikacijske kompetence<\/strong>, ki so nepogre\u0161ljive za vse, ki se \u017eelite uspe\u0161no spopasti z izzivi sodobnega trga dela. Izbirate lahko med naslednjimi vsebinami:<\/p>\n<ul>\n<li><strong>Intenzivni 30-urni jezikovni te\u010daji<\/strong>: poslovna konverzacija v angle\u0161kem jeziku ter za\u010detni te\u010daji nem\u0161kega, francoskega, \u0161panskega in ruskega jezika;<\/li>\n<li>te\u010daji<strong> Adobe Photoshop <\/strong>in<strong> Illustrator <\/strong>ter<strong> MS Excel<\/strong>;<\/li>\n<li>kako razvijati komunikacijske kompetence: delavnici <strong><em>Javno nastopanje in retorika: prepri\u010dljiva predstavitev diplomske naloge ali projekta<\/em><\/strong> ter <strong><em>Poslovni bonton &#8211; poka\u017ei se v najbolj\u0161i lu\u010di<\/em><\/strong>.<\/li>\n<li>Ve\u010d informacij in prijave <a href=\"http:\/\/www.kc.uni-lj.si\/dogodki\/karierni-tabor-postani-student-ka-007_1.html\">TUKAJ<\/a>.\n<p>&nbsp;<\/p>\n<p>S prijavo na dogodek dovoljujete fotografiranje ter objave za potrebe promocije storitev Kariernih centrov Univerze v Ljubljani. Pridr\u017eujemo si pravico do manj\u0161ih sprememb v programu.<\/li>\n<\/ul>\n","protected":false},"excerpt":{"rendered":"Septembrski \u00bbKarierni tabor \u2013 postani \u0161tudent\/ka 007\u00ab \u2013 ponovitev poletne uspe\u0161nice Oboro\u017ei se s kompetencami za 21. stoletje! Zaradi res izjemnega odziva na Karierni tabor v juniju in juliju, na katerem je nova znanja pridobilo skoraj 300 udele\u017eencev, smo se Karierni centri Univerze v Ljubljani na podlagi va\u0161ih \u017eelja in interesov odlo\u010dili, da med 18. &#8230; <a class=\"view-article\" href=\"https:\/\/www.ntf.uni-lj.si\/ntf\/news\/karierni-tabor-delavnice\/\">Read more<\/a>","protected":false},"author":171,"featured_media":0,"template":"","categories":[],"acf":[],"yoast_head":"<!-- This site is optimized with the Yoast SEO plugin v17.0 - https:\/\/yoast.com\/wordpress\/plugins\/seo\/ -->\n<meta name=\"robots\" content=\"index, follow, max-snippet:-1, max-image-preview:large, max-video-preview:-1\" \/>\n<link rel=\"canonical\" href=\"https:\/\/www.ntf.uni-lj.si\/ntf\/news\/karierni-tabor-delavnice\/\" \/>\n<meta property=\"og:locale\" content=\"en_US\" \/>\n<meta property=\"og:type\" content=\"article\" \/>\n<meta property=\"og:title\" content=\"Karierni tabor -delavnice - NTF\" \/>\n<meta property=\"og:description\" content=\"Septembrski \u00bbKarierni tabor \u2013 postani \u0161tudent\/ka 007\u00ab \u2013 ponovitev poletne uspe\u0161nice Oboro\u017ei se s kompetencami za 21. stoletje! Zaradi res izjemnega odziva na Karierni tabor v juniju in juliju, na katerem je nova znanja pridobilo skoraj 300 udele\u017eencev, smo se Karierni centri Univerze v Ljubljani na podlagi va\u0161ih \u017eelja in interesov odlo\u010dili, da med 18. ... Read more\" \/>\n<meta property=\"og:url\" content=\"https:\/\/www.ntf.uni-lj.si\/ntf\/news\/karierni-tabor-delavnice\/\" \/>\n<meta property=\"og:site_name\" content=\"NTF\" \/>\n<meta property=\"og:image\" content=\"https:\/\/www.ntf.uni-lj.si\/ntf\/wp-content\/uploads\/sites\/2\/2017\/09\/KARIERNI-TABOR-300x300.png\" \/>\n<meta name=\"twitter:label1\" content=\"Est. reading time\" \/>\n\t<meta name=\"twitter:data1\" content=\"1 minute\" \/>\n<script type=\"application\/ld+json\" class=\"yoast-schema-graph\">{\"@context\":\"https:\/\/schema.org\",\"@graph\":[{\"@type\":\"WebSite\",\"@id\":\"https:\/\/www.ntf.uni-lj.si\/ntf\/#website\",\"url\":\"https:\/\/www.ntf.uni-lj.si\/ntf\/\",\"name\":\"NTF\",\"description\":\"Naravoslovnotehni\\u0161ka fakulteta\",\"potentialAction\":[{\"@type\":\"SearchAction\",\"target\":{\"@type\":\"EntryPoint\",\"urlTemplate\":\"https:\/\/www.ntf.uni-lj.si\/ntf\/?s={search_term_string}\"},\"query-input\":\"required name=search_term_string\"}],\"inLanguage\":\"en-US\"},{\"@type\":\"ImageObject\",\"@id\":\"https:\/\/www.ntf.uni-lj.si\/ntf\/news\/karierni-tabor-delavnice\/#primaryimage\",\"inLanguage\":\"en-US\",\"url\":\"https:\/\/www.ntf.uni-lj.si\/ntf\/wp-content\/uploads\/sites\/2\/2017\/09\/KARIERNI-TABOR.png\",\"contentUrl\":\"https:\/\/www.ntf.uni-lj.si\/ntf\/wp-content\/uploads\/sites\/2\/2017\/09\/KARIERNI-TABOR.png\",\"width\":964,\"height\":962},{\"@type\":\"WebPage\",\"@id\":\"https:\/\/www.ntf.uni-lj.si\/ntf\/news\/karierni-tabor-delavnice\/#webpage\",\"url\":\"https:\/\/www.ntf.uni-lj.si\/ntf\/news\/karierni-tabor-delavnice\/\",\"name\":\"Karierni tabor -delavnice - NTF\",\"isPartOf\":{\"@id\":\"https:\/\/www.ntf.uni-lj.si\/ntf\/#website\"},\"primaryImageOfPage\":{\"@id\":\"https:\/\/www.ntf.uni-lj.si\/ntf\/news\/karierni-tabor-delavnice\/#primaryimage\"},\"datePublished\":\"2017-09-06T08:20:17+00:00\",\"dateModified\":\"2017-09-06T08:20:17+00:00\",\"breadcrumb\":{\"@id\":\"https:\/\/www.ntf.uni-lj.si\/ntf\/news\/karierni-tabor-delavnice\/#breadcrumb\"},\"inLanguage\":\"en-US\",\"potentialAction\":[{\"@type\":\"ReadAction\",\"target\":[\"https:\/\/www.ntf.uni-lj.si\/ntf\/news\/karierni-tabor-delavnice\/\"]}]},{\"@type\":\"BreadcrumbList\",\"@id\":\"https:\/\/www.ntf.uni-lj.si\/ntf\/news\/karierni-tabor-delavnice\/#breadcrumb\",\"itemListElement\":[{\"@type\":\"ListItem\",\"position\":1,\"name\":\"Domov\",\"item\":\"https:\/\/www.ntf.uni-lj.si\/ntf\/\"},{\"@type\":\"ListItem\",\"position\":2,\"name\":\"Novice\",\"item\":\"https:\/\/www.ntf.uni-lj.si\/ntf\/news\/\"},{\"@type\":\"ListItem\",\"position\":3,\"name\":\"Karierni tabor -delavnice\"}]}]}<\/script>\n<!-- \/ Yoast SEO plugin. -->","yoast_head_json":{"robots":{"index":"index","follow":"follow","max-snippet":"max-snippet:-1","max-image-preview":"max-image-preview:large","max-video-preview":"max-video-preview:-1"},"canonical":"https:\/\/www.ntf.uni-lj.si\/ntf\/news\/karierni-tabor-delavnice\/","og_locale":"en_US","og_type":"article","og_title":"Karierni tabor -delavnice - NTF","og_description":"Septembrski \u00bbKarierni tabor \u2013 postani \u0161tudent\/ka 007\u00ab \u2013 ponovitev poletne uspe\u0161nice Oboro\u017ei se s kompetencami za 21. stoletje! Zaradi res izjemnega odziva na Karierni tabor v juniju in juliju, na katerem je nova znanja pridobilo skoraj 300 udele\u017eencev, smo se Karierni centri Univerze v Ljubljani na podlagi va\u0161ih \u017eelja in interesov odlo\u010dili, da med 18. ... Read more","og_url":"https:\/\/www.ntf.uni-lj.si\/ntf\/news\/karierni-tabor-delavnice\/","og_site_name":"NTF","og_image":[{"url":"https:\/\/www.ntf.uni-lj.si\/ntf\/wp-content\/uploads\/sites\/2\/2017\/09\/KARIERNI-TABOR-300x300.png"}],"twitter_misc":{"Est. reading time":"1 minute"},"schema":{"@context":"https:\/\/schema.org","@graph":[{"@type":"WebSite","@id":"https:\/\/www.ntf.uni-lj.si\/ntf\/#website","url":"https:\/\/www.ntf.uni-lj.si\/ntf\/","name":"NTF","description":"Naravoslovnotehni\u0161ka fakulteta","potentialAction":[{"@type":"SearchAction","target":{"@type":"EntryPoint","urlTemplate":"https:\/\/www.ntf.uni-lj.si\/ntf\/?s={search_term_string}"},"query-input":"required name=search_term_string"}],"inLanguage":"en-US"},{"@type":"ImageObject","@id":"https:\/\/www.ntf.uni-lj.si\/ntf\/news\/karierni-tabor-delavnice\/#primaryimage","inLanguage":"en-US","url":"https:\/\/www.ntf.uni-lj.si\/ntf\/wp-content\/uploads\/sites\/2\/2017\/09\/KARIERNI-TABOR.png","contentUrl":"https:\/\/www.ntf.uni-lj.si\/ntf\/wp-content\/uploads\/sites\/2\/2017\/09\/KARIERNI-TABOR.png","width":964,"height":962},{"@type":"WebPage","@id":"https:\/\/www.ntf.uni-lj.si\/ntf\/news\/karierni-tabor-delavnice\/#webpage","url":"https:\/\/www.ntf.uni-lj.si\/ntf\/news\/karierni-tabor-delavnice\/","name":"Karierni tabor -delavnice - NTF","isPartOf":{"@id":"https:\/\/www.ntf.uni-lj.si\/ntf\/#website"},"primaryImageOfPage":{"@id":"https:\/\/www.ntf.uni-lj.si\/ntf\/news\/karierni-tabor-delavnice\/#primaryimage"},"datePublished":"2017-09-06T08:20:17+00:00","dateModified":"2017-09-06T08:20:17+00:00","breadcrumb":{"@id":"https:\/\/www.ntf.uni-lj.si\/ntf\/news\/karierni-tabor-delavnice\/#breadcrumb"},"inLanguage":"en-US","potentialAction":[{"@type":"ReadAction","target":["https:\/\/www.ntf.uni-lj.si\/ntf\/news\/karierni-tabor-delavnice\/"]}]},{"@type":"BreadcrumbList","@id":"https:\/\/www.ntf.uni-lj.si\/ntf\/news\/karierni-tabor-delavnice\/#breadcrumb","itemListElement":[{"@type":"ListItem","position":1,"name":"Domov","item":"https:\/\/www.ntf.uni-lj.si\/ntf\/"},{"@type":"ListItem","position":2,"name":"Novice","item":"https:\/\/www.ntf.uni-lj.si\/ntf\/news\/"},{"@type":"ListItem","position":3,"name":"Karierni tabor -delavnice"}]}]}},"_links":{"self":[{"href":"https:\/\/www.ntf.uni-lj.si\/ntf\/wp-json\/wp\/v2\/news\/8123"}],"collection":[{"href":"https:\/\/www.ntf.uni-lj.si\/ntf\/wp-json\/wp\/v2\/news"}],"about":[{"href":"https:\/\/www.ntf.uni-lj.si\/ntf\/wp-json\/wp\/v2\/types\/news"}],"author":[{"embeddable":true,"href":"https:\/\/www.ntf.uni-lj.si\/ntf\/wp-json\/wp\/v2\/users\/171"}],"version-history":[{"count":1,"href":"https:\/\/www.ntf.uni-lj.si\/ntf\/wp-json\/wp\/v2\/news\/8123\/revisions"}],"predecessor-version":[{"id":8125,"href":"https:\/\/www.ntf.uni-lj.si\/ntf\/wp-json\/wp\/v2\/news\/8123\/revisions\/8125"}],"wp:attachment":[{"href":"https:\/\/www.ntf.uni-lj.si\/ntf\/wp-json\/wp\/v2\/media?parent=8123"}],"wp:term":[{"taxonomy":"category","embeddable":true,"href":"https:\/\/www.ntf.uni-lj.si\/ntf\/wp-json\/wp\/v2\/categories?post=8123"}],"curies":[{"name":"wp","href":"https:\/\/api.w.org\/{rel}","templated":true}]}}