{"id":8515,"date":"2017-11-17T09:09:18","date_gmt":"2017-11-17T08:09:18","guid":{"rendered":"http:\/\/www.ntf.uni-lj.si\/ntf\/?post_type=news&#038;p=8515"},"modified":"2017-11-17T09:09:18","modified_gmt":"2017-11-17T08:09:18","slug":"vabljeni-na-dogodek-erasmus-networking-night-sharing-is-caring","status":"publish","type":"news","link":"https:\/\/www.ntf.uni-lj.si\/ntf\/news\/vabljeni-na-dogodek-erasmus-networking-night-sharing-is-caring\/","title":{"rendered":"Vabljeni na dogodek Erasmus networking night: Sharing is caring"},"content":{"rendered":"<p>Mednarodni odbor Zveze \u0160KIS pripravlja dogodek <strong>Erasmus networking night: Sharing is caring<\/strong>, ki se bo odvil v <strong>torek, 21.11.2017, v Centralni Postaji v Ljubljani<\/strong>.\u00a0Glavni namen dogodka je mre\u017eenje med slovenskimi in tujimi \u0161tudenti ter izmenjava nasvetov o \u0161tudentskem \u017eivljenju &#8220;iz prve roke&#8221;. Slovenskim \u0161tudentom, ki se odpravljajo ali pa le razmi\u0161ljajo o izmenjavi,\u00a0 bo ponujena mo\u017enost pridobiti informacije o \u0161tudentskih zadevah (prehrana, transport, socialno \u017eivljenje..itd) v gostujo\u010di dr\u017eavi.<\/p>\n<p>Povezava do dogodka je na strani<\/p>\n<p><a href=\"https:\/\/www.facebook.com\/events\/1545858332146824\/\">https:\/\/www.facebook.com\/events\/1545858332146824\/<\/a><\/p>\n<p><strong>Rok za prijavo je 18.11.2017<\/strong>. Prijavite se na povezavi:<\/p>\n<p><a href=\"https:\/\/docs.google.com\/forms\/d\/e\/1FAIpQLSdWrTQCi9nxK0n3nwtUAcdP50cC72XNPLXjtundGEFEqnv-MQ\/viewform\">https:\/\/docs.google.com\/forms\/d\/e\/1FAIpQLSdWrTQCi9nxK0n3nwtUAcdP50cC72XNPLXjtundGEFEqnv-MQ\/viewform<\/a>..<\/p>\n","protected":false},"excerpt":{"rendered":"Mednarodni odbor Zveze \u0160KIS pripravlja dogodek Erasmus networking night: Sharing is caring, ki se bo odvil v torek, 21.11.2017, v Centralni Postaji v Ljubljani.\u00a0Glavni namen dogodka je mre\u017eenje med slovenskimi in tujimi \u0161tudenti ter izmenjava nasvetov o \u0161tudentskem \u017eivljenju &#8220;iz prve roke&#8221;. Slovenskim \u0161tudentom, ki se odpravljajo ali pa le razmi\u0161ljajo o izmenjavi,\u00a0 bo ponujena &#8230; <a class=\"view-article\" href=\"https:\/\/www.ntf.uni-lj.si\/ntf\/news\/vabljeni-na-dogodek-erasmus-networking-night-sharing-is-caring\/\">Read more<\/a>","protected":false},"author":33,"featured_media":0,"template":"","categories":[],"acf":[],"yoast_head":"<!-- This site is optimized with the Yoast SEO plugin v17.0 - https:\/\/yoast.com\/wordpress\/plugins\/seo\/ -->\n<meta name=\"robots\" content=\"index, follow, max-snippet:-1, max-image-preview:large, max-video-preview:-1\" \/>\n<link rel=\"canonical\" href=\"https:\/\/www.ntf.uni-lj.si\/ntf\/news\/vabljeni-na-dogodek-erasmus-networking-night-sharing-is-caring\/\" \/>\n<meta property=\"og:locale\" content=\"en_US\" \/>\n<meta property=\"og:type\" content=\"article\" \/>\n<meta property=\"og:title\" content=\"Vabljeni na dogodek Erasmus networking night: Sharing is caring - NTF\" \/>\n<meta property=\"og:description\" content=\"Mednarodni odbor Zveze \u0160KIS pripravlja dogodek Erasmus networking night: Sharing is caring, ki se bo odvil v torek, 21.11.2017, v Centralni Postaji v Ljubljani.\u00a0Glavni namen dogodka je mre\u017eenje med slovenskimi in tujimi \u0161tudenti ter izmenjava nasvetov o \u0161tudentskem \u017eivljenju &#8220;iz prve roke&#8221;. Slovenskim \u0161tudentom, ki se odpravljajo ali pa le razmi\u0161ljajo o izmenjavi,\u00a0 bo ponujena ... Read more\" \/>\n<meta property=\"og:url\" content=\"https:\/\/www.ntf.uni-lj.si\/ntf\/news\/vabljeni-na-dogodek-erasmus-networking-night-sharing-is-caring\/\" \/>\n<meta property=\"og:site_name\" content=\"NTF\" \/>\n<meta name=\"twitter:label1\" content=\"Est. reading time\" \/>\n\t<meta name=\"twitter:data1\" content=\"1 minute\" \/>\n<script type=\"application\/ld+json\" class=\"yoast-schema-graph\">{\"@context\":\"https:\/\/schema.org\",\"@graph\":[{\"@type\":\"WebSite\",\"@id\":\"https:\/\/www.ntf.uni-lj.si\/ntf\/#website\",\"url\":\"https:\/\/www.ntf.uni-lj.si\/ntf\/\",\"name\":\"NTF\",\"description\":\"Naravoslovnotehni\\u0161ka fakulteta\",\"potentialAction\":[{\"@type\":\"SearchAction\",\"target\":{\"@type\":\"EntryPoint\",\"urlTemplate\":\"https:\/\/www.ntf.uni-lj.si\/ntf\/?s={search_term_string}\"},\"query-input\":\"required name=search_term_string\"}],\"inLanguage\":\"en-US\"},{\"@type\":\"WebPage\",\"@id\":\"https:\/\/www.ntf.uni-lj.si\/ntf\/news\/vabljeni-na-dogodek-erasmus-networking-night-sharing-is-caring\/#webpage\",\"url\":\"https:\/\/www.ntf.uni-lj.si\/ntf\/news\/vabljeni-na-dogodek-erasmus-networking-night-sharing-is-caring\/\",\"name\":\"Vabljeni na dogodek Erasmus networking night: Sharing is caring - NTF\",\"isPartOf\":{\"@id\":\"https:\/\/www.ntf.uni-lj.si\/ntf\/#website\"},\"datePublished\":\"2017-11-17T08:09:18+00:00\",\"dateModified\":\"2017-11-17T08:09:18+00:00\",\"breadcrumb\":{\"@id\":\"https:\/\/www.ntf.uni-lj.si\/ntf\/news\/vabljeni-na-dogodek-erasmus-networking-night-sharing-is-caring\/#breadcrumb\"},\"inLanguage\":\"en-US\",\"potentialAction\":[{\"@type\":\"ReadAction\",\"target\":[\"https:\/\/www.ntf.uni-lj.si\/ntf\/news\/vabljeni-na-dogodek-erasmus-networking-night-sharing-is-caring\/\"]}]},{\"@type\":\"BreadcrumbList\",\"@id\":\"https:\/\/www.ntf.uni-lj.si\/ntf\/news\/vabljeni-na-dogodek-erasmus-networking-night-sharing-is-caring\/#breadcrumb\",\"itemListElement\":[{\"@type\":\"ListItem\",\"position\":1,\"name\":\"Domov\",\"item\":\"https:\/\/www.ntf.uni-lj.si\/ntf\/\"},{\"@type\":\"ListItem\",\"position\":2,\"name\":\"Novice\",\"item\":\"https:\/\/www.ntf.uni-lj.si\/ntf\/news\/\"},{\"@type\":\"ListItem\",\"position\":3,\"name\":\"Vabljeni na dogodek Erasmus networking night: Sharing is caring\"}]}]}<\/script>\n<!-- \/ Yoast SEO plugin. -->","yoast_head_json":{"robots":{"index":"index","follow":"follow","max-snippet":"max-snippet:-1","max-image-preview":"max-image-preview:large","max-video-preview":"max-video-preview:-1"},"canonical":"https:\/\/www.ntf.uni-lj.si\/ntf\/news\/vabljeni-na-dogodek-erasmus-networking-night-sharing-is-caring\/","og_locale":"en_US","og_type":"article","og_title":"Vabljeni na dogodek Erasmus networking night: Sharing is caring - NTF","og_description":"Mednarodni odbor Zveze \u0160KIS pripravlja dogodek Erasmus networking night: Sharing is caring, ki se bo odvil v torek, 21.11.2017, v Centralni Postaji v Ljubljani.\u00a0Glavni namen dogodka je mre\u017eenje med slovenskimi in tujimi \u0161tudenti ter izmenjava nasvetov o \u0161tudentskem \u017eivljenju &#8220;iz prve roke&#8221;. Slovenskim \u0161tudentom, ki se odpravljajo ali pa le razmi\u0161ljajo o izmenjavi,\u00a0 bo ponujena ... Read more","og_url":"https:\/\/www.ntf.uni-lj.si\/ntf\/news\/vabljeni-na-dogodek-erasmus-networking-night-sharing-is-caring\/","og_site_name":"NTF","twitter_misc":{"Est. reading time":"1 minute"},"schema":{"@context":"https:\/\/schema.org","@graph":[{"@type":"WebSite","@id":"https:\/\/www.ntf.uni-lj.si\/ntf\/#website","url":"https:\/\/www.ntf.uni-lj.si\/ntf\/","name":"NTF","description":"Naravoslovnotehni\u0161ka fakulteta","potentialAction":[{"@type":"SearchAction","target":{"@type":"EntryPoint","urlTemplate":"https:\/\/www.ntf.uni-lj.si\/ntf\/?s={search_term_string}"},"query-input":"required name=search_term_string"}],"inLanguage":"en-US"},{"@type":"WebPage","@id":"https:\/\/www.ntf.uni-lj.si\/ntf\/news\/vabljeni-na-dogodek-erasmus-networking-night-sharing-is-caring\/#webpage","url":"https:\/\/www.ntf.uni-lj.si\/ntf\/news\/vabljeni-na-dogodek-erasmus-networking-night-sharing-is-caring\/","name":"Vabljeni na dogodek Erasmus networking night: Sharing is caring - NTF","isPartOf":{"@id":"https:\/\/www.ntf.uni-lj.si\/ntf\/#website"},"datePublished":"2017-11-17T08:09:18+00:00","dateModified":"2017-11-17T08:09:18+00:00","breadcrumb":{"@id":"https:\/\/www.ntf.uni-lj.si\/ntf\/news\/vabljeni-na-dogodek-erasmus-networking-night-sharing-is-caring\/#breadcrumb"},"inLanguage":"en-US","potentialAction":[{"@type":"ReadAction","target":["https:\/\/www.ntf.uni-lj.si\/ntf\/news\/vabljeni-na-dogodek-erasmus-networking-night-sharing-is-caring\/"]}]},{"@type":"BreadcrumbList","@id":"https:\/\/www.ntf.uni-lj.si\/ntf\/news\/vabljeni-na-dogodek-erasmus-networking-night-sharing-is-caring\/#breadcrumb","itemListElement":[{"@type":"ListItem","position":1,"name":"Domov","item":"https:\/\/www.ntf.uni-lj.si\/ntf\/"},{"@type":"ListItem","position":2,"name":"Novice","item":"https:\/\/www.ntf.uni-lj.si\/ntf\/news\/"},{"@type":"ListItem","position":3,"name":"Vabljeni na dogodek Erasmus networking night: Sharing is caring"}]}]}},"_links":{"self":[{"href":"https:\/\/www.ntf.uni-lj.si\/ntf\/wp-json\/wp\/v2\/news\/8515"}],"collection":[{"href":"https:\/\/www.ntf.uni-lj.si\/ntf\/wp-json\/wp\/v2\/news"}],"about":[{"href":"https:\/\/www.ntf.uni-lj.si\/ntf\/wp-json\/wp\/v2\/types\/news"}],"author":[{"embeddable":true,"href":"https:\/\/www.ntf.uni-lj.si\/ntf\/wp-json\/wp\/v2\/users\/33"}],"version-history":[{"count":2,"href":"https:\/\/www.ntf.uni-lj.si\/ntf\/wp-json\/wp\/v2\/news\/8515\/revisions"}],"predecessor-version":[{"id":8517,"href":"https:\/\/www.ntf.uni-lj.si\/ntf\/wp-json\/wp\/v2\/news\/8515\/revisions\/8517"}],"wp:attachment":[{"href":"https:\/\/www.ntf.uni-lj.si\/ntf\/wp-json\/wp\/v2\/media?parent=8515"}],"wp:term":[{"taxonomy":"category","embeddable":true,"href":"https:\/\/www.ntf.uni-lj.si\/ntf\/wp-json\/wp\/v2\/categories?post=8515"}],"curies":[{"name":"wp","href":"https:\/\/api.w.org\/{rel}","templated":true}]}}