{"id":11326,"date":"2025-09-23T18:18:52","date_gmt":"2025-09-23T16:18:52","guid":{"rendered":"https:\/\/www.ntf.uni-lj.si\/omm\/?post_type=news&#038;p=11326"},"modified":"2025-10-27T18:20:54","modified_gmt":"2025-10-27T17:20:54","slug":"konferenca-ifc-2025-portoroz-slovenija","status":"publish","type":"news","link":"https:\/\/www.ntf.uni-lj.si\/omm\/news\/konferenca-ifc-2025-portoroz-slovenija\/","title":{"rendered":"Konferenca IFC 2025 (Portoro\u017e, Slovenija)"},"content":{"rendered":"<p>\u0160tudentje Oddelka za materiale in metalurgijo (Tim Dreven\u0161ek, Ne\u017eka Valen\u010di\u010d, Matija Makarovi\u010d in Nejc Balanti\u010d) so se udele\u017eili IFC 2025 v Portoro\u017eu, kjer so v sklopu projekta &#8220;Problemsko usmerjeno u\u010denje \u0161tudentov v delovnem okolju: gospodarstvo, negospodarstvo in nepridobitni sektor v lokalnem\/regionalnem okolju (PU\u0160 v delovnem okolju 2024-2027)&#8221; v sodelovanju s podjetjem TALUM imeli poster predstavitev projekta z naslovom <b>OPTIMIZACIJA TOPLOTNE OBDELAVE ZA DOSEGO VISOKIH MEHANSKIH LASTNOSTI IZDELKA IZ ZLITINE AlSi10MgMn ZA E-MOBILNOST.<\/b><\/p>\n<p>&nbsp;<\/p>\n<p><a href=\"https:\/\/www.ntf.uni-lj.si\/omm\/wp-content\/uploads\/sites\/5\/2025\/10\/20250923_075415.jpg\"><img loading=\"lazy\" class=\"alignnone wp-image-11327\" src=\"https:\/\/www.ntf.uni-lj.si\/omm\/wp-content\/uploads\/sites\/5\/2025\/10\/20250923_075415-300x225.jpg\" alt=\"\" width=\"753\" height=\"565\" srcset=\"https:\/\/www.ntf.uni-lj.si\/omm\/wp-content\/uploads\/sites\/5\/2025\/10\/20250923_075415-300x225.jpg 300w, https:\/\/www.ntf.uni-lj.si\/omm\/wp-content\/uploads\/sites\/5\/2025\/10\/20250923_075415-1024x768.jpg 1024w, https:\/\/www.ntf.uni-lj.si\/omm\/wp-content\/uploads\/sites\/5\/2025\/10\/20250923_075415-768x576.jpg 768w, https:\/\/www.ntf.uni-lj.si\/omm\/wp-content\/uploads\/sites\/5\/2025\/10\/20250923_075415-1536x1152.jpg 1536w, https:\/\/www.ntf.uni-lj.si\/omm\/wp-content\/uploads\/sites\/5\/2025\/10\/20250923_075415.jpg 1600w\" sizes=\"(max-width: 753px) 100vw, 753px\" \/><\/a><\/p>\n","protected":false},"excerpt":{"rendered":"\u0160tudentje Oddelka za materiale in metalurgijo (Tim Dreven\u0161ek, Ne\u017eka Valen\u010di\u010d, Matija Makarovi\u010d in Nejc Balanti\u010d) so se udele\u017eili IFC 2025 v Portoro\u017eu, kjer so v sklopu projekta &#8220;Problemsko usmerjeno u\u010denje \u0161tudentov v delovnem okolju: gospodarstvo, negospodarstvo in nepridobitni sektor v lokalnem\/regionalnem okolju (PU\u0160 v delovnem okolju 2024-2027)&#8221; v sodelovanju s podjetjem TALUM imeli poster predstavitev &#8230; <a class=\"view-article\" href=\"https:\/\/www.ntf.uni-lj.si\/omm\/news\/konferenca-ifc-2025-portoroz-slovenija\/\">Read more<\/a>","protected":false},"author":332,"featured_media":0,"template":"","categories":[],"acf":[],"yoast_head":"<!-- This site is optimized with the Yoast SEO plugin v17.0 - https:\/\/yoast.com\/wordpress\/plugins\/seo\/ -->\n<meta name=\"robots\" content=\"index, follow, max-snippet:-1, max-image-preview:large, max-video-preview:-1\" \/>\n<link rel=\"canonical\" href=\"https:\/\/www.ntf.uni-lj.si\/omm\/news\/konferenca-ifc-2025-portoroz-slovenija\/\" \/>\n<meta property=\"og:locale\" content=\"en_US\" \/>\n<meta property=\"og:type\" content=\"article\" \/>\n<meta property=\"og:title\" content=\"Konferenca IFC 2025 (Portoro\u017e, Slovenija) - OMM\" \/>\n<meta property=\"og:description\" content=\"\u0160tudentje Oddelka za materiale in metalurgijo (Tim Dreven\u0161ek, Ne\u017eka Valen\u010di\u010d, Matija Makarovi\u010d in Nejc Balanti\u010d) so se udele\u017eili IFC 2025 v Portoro\u017eu, kjer so v sklopu projekta &#8220;Problemsko usmerjeno u\u010denje \u0161tudentov v delovnem okolju: gospodarstvo, negospodarstvo in nepridobitni sektor v lokalnem\/regionalnem okolju (PU\u0160 v delovnem okolju 2024-2027)&#8221; v sodelovanju s podjetjem TALUM imeli poster predstavitev ... Read more\" \/>\n<meta property=\"og:url\" content=\"https:\/\/www.ntf.uni-lj.si\/omm\/news\/konferenca-ifc-2025-portoroz-slovenija\/\" \/>\n<meta property=\"og:site_name\" content=\"OMM\" \/>\n<meta property=\"article:modified_time\" content=\"2025-10-27T17:20:54+00:00\" \/>\n<meta property=\"og:image\" content=\"https:\/\/www.ntf.uni-lj.si\/omm\/wp-content\/uploads\/sites\/5\/2025\/10\/20250923_075415-300x225.jpg\" \/>\n<script type=\"application\/ld+json\" class=\"yoast-schema-graph\">{\"@context\":\"https:\/\/schema.org\",\"@graph\":[{\"@type\":\"WebSite\",\"@id\":\"https:\/\/www.ntf.uni-lj.si\/omm\/#website\",\"url\":\"https:\/\/www.ntf.uni-lj.si\/omm\/\",\"name\":\"OMM\",\"description\":\"Oddelek za materiale in metalurgijo\",\"potentialAction\":[{\"@type\":\"SearchAction\",\"target\":{\"@type\":\"EntryPoint\",\"urlTemplate\":\"https:\/\/www.ntf.uni-lj.si\/omm\/?s={search_term_string}\"},\"query-input\":\"required name=search_term_string\"}],\"inLanguage\":\"en-US\"},{\"@type\":\"ImageObject\",\"@id\":\"https:\/\/www.ntf.uni-lj.si\/omm\/news\/konferenca-ifc-2025-portoroz-slovenija\/#primaryimage\",\"inLanguage\":\"en-US\",\"url\":\"https:\/\/www.ntf.uni-lj.si\/omm\/wp-content\/uploads\/sites\/5\/2025\/10\/20250923_075415.jpg\",\"contentUrl\":\"https:\/\/www.ntf.uni-lj.si\/omm\/wp-content\/uploads\/sites\/5\/2025\/10\/20250923_075415.jpg\",\"width\":1600,\"height\":1200},{\"@type\":\"WebPage\",\"@id\":\"https:\/\/www.ntf.uni-lj.si\/omm\/news\/konferenca-ifc-2025-portoroz-slovenija\/#webpage\",\"url\":\"https:\/\/www.ntf.uni-lj.si\/omm\/news\/konferenca-ifc-2025-portoroz-slovenija\/\",\"name\":\"Konferenca IFC 2025 (Portoro\\u017e, Slovenija) - OMM\",\"isPartOf\":{\"@id\":\"https:\/\/www.ntf.uni-lj.si\/omm\/#website\"},\"primaryImageOfPage\":{\"@id\":\"https:\/\/www.ntf.uni-lj.si\/omm\/news\/konferenca-ifc-2025-portoroz-slovenija\/#primaryimage\"},\"datePublished\":\"2025-09-23T16:18:52+00:00\",\"dateModified\":\"2025-10-27T17:20:54+00:00\",\"breadcrumb\":{\"@id\":\"https:\/\/www.ntf.uni-lj.si\/omm\/news\/konferenca-ifc-2025-portoroz-slovenija\/#breadcrumb\"},\"inLanguage\":\"en-US\",\"potentialAction\":[{\"@type\":\"ReadAction\",\"target\":[\"https:\/\/www.ntf.uni-lj.si\/omm\/news\/konferenca-ifc-2025-portoroz-slovenija\/\"]}]},{\"@type\":\"BreadcrumbList\",\"@id\":\"https:\/\/www.ntf.uni-lj.si\/omm\/news\/konferenca-ifc-2025-portoroz-slovenija\/#breadcrumb\",\"itemListElement\":[{\"@type\":\"ListItem\",\"position\":1,\"name\":\"Domov\",\"item\":\"https:\/\/www.ntf.uni-lj.si\/omm\/\"},{\"@type\":\"ListItem\",\"position\":2,\"name\":\"Novice\",\"item\":\"https:\/\/www.ntf.uni-lj.si\/omm\/news\/\"},{\"@type\":\"ListItem\",\"position\":3,\"name\":\"Konferenca IFC 2025 (Portoro\\u017e, Slovenija)\"}]}]}<\/script>\n<!-- \/ Yoast SEO plugin. -->","yoast_head_json":{"robots":{"index":"index","follow":"follow","max-snippet":"max-snippet:-1","max-image-preview":"max-image-preview:large","max-video-preview":"max-video-preview:-1"},"canonical":"https:\/\/www.ntf.uni-lj.si\/omm\/news\/konferenca-ifc-2025-portoroz-slovenija\/","og_locale":"en_US","og_type":"article","og_title":"Konferenca IFC 2025 (Portoro\u017e, Slovenija) - OMM","og_description":"\u0160tudentje Oddelka za materiale in metalurgijo (Tim Dreven\u0161ek, Ne\u017eka Valen\u010di\u010d, Matija Makarovi\u010d in Nejc Balanti\u010d) so se udele\u017eili IFC 2025 v Portoro\u017eu, kjer so v sklopu projekta &#8220;Problemsko usmerjeno u\u010denje \u0161tudentov v delovnem okolju: gospodarstvo, negospodarstvo in nepridobitni sektor v lokalnem\/regionalnem okolju (PU\u0160 v delovnem okolju 2024-2027)&#8221; v sodelovanju s podjetjem TALUM imeli poster predstavitev ... Read more","og_url":"https:\/\/www.ntf.uni-lj.si\/omm\/news\/konferenca-ifc-2025-portoroz-slovenija\/","og_site_name":"OMM","article_modified_time":"2025-10-27T17:20:54+00:00","og_image":[{"url":"https:\/\/www.ntf.uni-lj.si\/omm\/wp-content\/uploads\/sites\/5\/2025\/10\/20250923_075415-300x225.jpg"}],"schema":{"@context":"https:\/\/schema.org","@graph":[{"@type":"WebSite","@id":"https:\/\/www.ntf.uni-lj.si\/omm\/#website","url":"https:\/\/www.ntf.uni-lj.si\/omm\/","name":"OMM","description":"Oddelek za materiale in metalurgijo","potentialAction":[{"@type":"SearchAction","target":{"@type":"EntryPoint","urlTemplate":"https:\/\/www.ntf.uni-lj.si\/omm\/?s={search_term_string}"},"query-input":"required name=search_term_string"}],"inLanguage":"en-US"},{"@type":"ImageObject","@id":"https:\/\/www.ntf.uni-lj.si\/omm\/news\/konferenca-ifc-2025-portoroz-slovenija\/#primaryimage","inLanguage":"en-US","url":"https:\/\/www.ntf.uni-lj.si\/omm\/wp-content\/uploads\/sites\/5\/2025\/10\/20250923_075415.jpg","contentUrl":"https:\/\/www.ntf.uni-lj.si\/omm\/wp-content\/uploads\/sites\/5\/2025\/10\/20250923_075415.jpg","width":1600,"height":1200},{"@type":"WebPage","@id":"https:\/\/www.ntf.uni-lj.si\/omm\/news\/konferenca-ifc-2025-portoroz-slovenija\/#webpage","url":"https:\/\/www.ntf.uni-lj.si\/omm\/news\/konferenca-ifc-2025-portoroz-slovenija\/","name":"Konferenca IFC 2025 (Portoro\u017e, Slovenija) - OMM","isPartOf":{"@id":"https:\/\/www.ntf.uni-lj.si\/omm\/#website"},"primaryImageOfPage":{"@id":"https:\/\/www.ntf.uni-lj.si\/omm\/news\/konferenca-ifc-2025-portoroz-slovenija\/#primaryimage"},"datePublished":"2025-09-23T16:18:52+00:00","dateModified":"2025-10-27T17:20:54+00:00","breadcrumb":{"@id":"https:\/\/www.ntf.uni-lj.si\/omm\/news\/konferenca-ifc-2025-portoroz-slovenija\/#breadcrumb"},"inLanguage":"en-US","potentialAction":[{"@type":"ReadAction","target":["https:\/\/www.ntf.uni-lj.si\/omm\/news\/konferenca-ifc-2025-portoroz-slovenija\/"]}]},{"@type":"BreadcrumbList","@id":"https:\/\/www.ntf.uni-lj.si\/omm\/news\/konferenca-ifc-2025-portoroz-slovenija\/#breadcrumb","itemListElement":[{"@type":"ListItem","position":1,"name":"Domov","item":"https:\/\/www.ntf.uni-lj.si\/omm\/"},{"@type":"ListItem","position":2,"name":"Novice","item":"https:\/\/www.ntf.uni-lj.si\/omm\/news\/"},{"@type":"ListItem","position":3,"name":"Konferenca IFC 2025 (Portoro\u017e, Slovenija)"}]}]}},"_links":{"self":[{"href":"https:\/\/www.ntf.uni-lj.si\/omm\/wp-json\/wp\/v2\/news\/11326"}],"collection":[{"href":"https:\/\/www.ntf.uni-lj.si\/omm\/wp-json\/wp\/v2\/news"}],"about":[{"href":"https:\/\/www.ntf.uni-lj.si\/omm\/wp-json\/wp\/v2\/types\/news"}],"author":[{"embeddable":true,"href":"https:\/\/www.ntf.uni-lj.si\/omm\/wp-json\/wp\/v2\/users\/332"}],"version-history":[{"count":4,"href":"https:\/\/www.ntf.uni-lj.si\/omm\/wp-json\/wp\/v2\/news\/11326\/revisions"}],"predecessor-version":[{"id":11332,"href":"https:\/\/www.ntf.uni-lj.si\/omm\/wp-json\/wp\/v2\/news\/11326\/revisions\/11332"}],"wp:attachment":[{"href":"https:\/\/www.ntf.uni-lj.si\/omm\/wp-json\/wp\/v2\/media?parent=11326"}],"wp:term":[{"taxonomy":"category","embeddable":true,"href":"https:\/\/www.ntf.uni-lj.si\/omm\/wp-json\/wp\/v2\/categories?post=11326"}],"curies":[{"name":"wp","href":"https:\/\/api.w.org\/{rel}","templated":true}]}}