{"id":12997,"date":"2018-11-20T09:58:56","date_gmt":"2018-11-20T08:58:56","guid":{"rendered":"http:\/\/www.ntf.uni-lj.si\/oto\/?post_type=news&#038;p=12997"},"modified":"2018-11-20T11:19:07","modified_gmt":"2018-11-20T10:19:07","slug":"fshfrd","status":"publish","type":"news","link":"https:\/\/www.ntf.uni-lj.si\/oto\/news\/fshfrd\/","title":{"rendered":"#FSHFRD"},"content":{"rendered":"<p>S \u0161tudenti magistrskega \u0161tudija OTO pri predmetu Sodobne modne in tekstilne prakse obravnavamo razli\u010dne vidike slovenske modne industrije in modnega ekosistema. Kot ena klju\u010dnih lastnosti se je velikokrat izpostavila slovenska modna zadr\u017eanost in ne pretirano pozitivna afirmacija do mode in modne industrije nasploh, nepoznavanje in nespro\u0161\u010denost v izra\u017eanju skozi izgled, previdnost pri vsem, kar nekoliko izstopa in je druga\u010dno, tudi nizka podpora oblikovalcem in neprepoznavnost avtorjev in manj\u0161ih blagovnih znamk. Projekt je nastaja pod mentorstvom <strong>prof.<\/strong> <strong>Nata\u0161e Per\u0161uh<\/strong>.<\/p>\n<p>&nbsp;<\/p>\n<p>Kot odgovor oziroma prakti\u010dni eksperiment na vpra\u0161anje: <strong><em>&#8220;Kaj nosi\u0161?&#8221;<\/em><\/strong> smo pri predmetu Sodobne modne in tekstilne prakse v \u0161olskem letu 2017\/18 in 2018\/19 zasnovali projekt <strong>#FSHFRD<\/strong>.<\/p>\n<p>&nbsp;<\/p>\n<p><strong>#FSHFRD <\/strong><\/p>\n<p><strong>&#8211; je kratica za &#8220;Fashion Friday&#8221;, kjer po vzoru &#8220;casual Friday&#8221; posameznika nagovarja,<\/strong><strong> da se (vsaj) ob petkih zavestno in premi\u0161ljeno oble\u010de, pri tem pa ga vzpodbuja, da izrazi svojo individualnost <\/strong><\/p>\n<p><strong>&#8211; pomeni tudi &#8220;Fashion Forward&#8221;, kar pomeni \u010dim bolj sodobno, modno, individualno, spro\u0161\u010deno, z lastno identiteto<\/strong><\/p>\n<p><strong>&#8211; je hkrati &#8220;Fashion Free Day&#8221;, kjer nagovarja k izraznosti brez omejitev, k neobremenjenosti s trendi, k modi, ki osvobaja in osre\u010duje<\/strong><\/p>\n<p>&nbsp;<\/p>\n<p>Kje drugje bi lahko na\u0161li bolj modno osve\u0161\u010deno, kreativno, neobremenjeno in modi naklonjeno okolje, kot na in\u0161tituciji, kjer modo pou\u010dujemo? Zakaj mode (\u0161e bolj) ne \u017eivimo?<\/p>\n<p>&nbsp;<\/p>\n<p><strong>#FSHFRD<\/strong> je namenjen osve\u0161\u010denemu obla\u010denju in popularizaciji mode; vzpodbujanju spro\u0161\u010denosti in osebnega izraza v obla\u010dilih in razmisleku o klju\u010dnih vpra\u0161anjih sodobne mode, kot so pretirana potro\u0161nja, izvor obla\u010dil, eti\u010dnost, trajnost&#8230;<\/p>\n<p>&nbsp;<\/p>\n<p>S <strong>#FSHFRD<\/strong> \u017eelimo \u017eiveti modo, popularizirati modo, osve\u0161\u010dati o\u017ejo in \u0161ir\u0161o javnost o prisotnosti mode in predvsem lokalnega, avtorskega modnega oblikovanja.<\/p>\n<p>&nbsp;<\/p>\n<p><strong>#FSHFRD<\/strong> nas vzpoduja, da se ve\u010dkrat spomnimo, pomislimo in razmislimo, kaj nosimo in<\/p>\n<p>vsaj enkrat tedensko temu posvetitmo nekaj \u010dasa, z zavedanjem, da je moda nekaj pozitivnega, da je zabavna in da z malimi lastnimi zgledi delamo postopne spremembe.<\/p>\n<p>&nbsp;<\/p>\n<p>Moda je del vsakdanjika vseh, del vsake sodobne moderne dru\u017ebe, gradnik identitete vsakega posameznika &#8211; vsak dan. Ne zgolj ob posebnih prilo\u017enostih. \u010ce pa \u017ee, naj bo ta posebni dan petek na NTF-ju. &#8220;Fashion Friday&#8221;.<\/p>\n<p>&nbsp;<\/p>\n<p>Projekt smo si zamislili kot kombinacijo dejanskih dogodkov na temo mode in sodobne modne industrije (dru\u017eenja, izmenjevalnice, pogovori z vabljenimi gosti&#8230;) in virtualne prisotnosti skozi profil #FSHFRD. Dolgoro\u010dni namen je \u0161irjenje zavedanja o pomenu kulture zavestnega obla\u010denja in modnega potro\u0161ni\u0161tva skozi #FSHFRD tudi v drugih organizacijah in okoljih.<\/p>\n<p>&nbsp;<\/p>\n<p>Vljudno vas vabimo, da tudi vi pristopite k projektu!<\/p>\n<p>&nbsp;<\/p>\n<p><strong><em>Bodi #FSHFRD, razmisli o tem, kaj nosi\u0161, obleci se fascinantno, po\u010duti se ti, spodbujaj lokalno oblikovanje in upaj si izraziti svojo identiteto. Fotografiraj se, pripi\u0161i kratico #FSHFRD in deli z ostalimi na instagramu. <\/em><\/strong><\/p>\n<p><strong><em>Bodi <a href=\"https:\/\/www.instagram.com\/fshfrd\/\">#FSHFRD<\/a>!<\/em><\/strong><\/p>\n","protected":false},"excerpt":{"rendered":"S \u0161tudenti magistrskega \u0161tudija OTO pri predmetu Sodobne modne in tekstilne prakse obravnavamo razli\u010dne vidike slovenske modne industrije in modnega ekosistema. Kot ena klju\u010dnih lastnosti se je velikokrat izpostavila slovenska modna zadr\u017eanost in ne pretirano pozitivna afirmacija do mode in modne industrije nasploh, nepoznavanje in nespro\u0161\u010denost v izra\u017eanju skozi izgled, previdnost pri vsem, kar nekoliko &#8230; <a class=\"view-article\" href=\"https:\/\/www.ntf.uni-lj.si\/oto\/news\/fshfrd\/\">Read more<\/a>","protected":false},"author":27,"featured_media":12998,"template":"","categories":[],"acf":[],"yoast_head":"<!-- This site is optimized with the Yoast SEO plugin v17.0 - https:\/\/yoast.com\/wordpress\/plugins\/seo\/ -->\n<meta name=\"robots\" content=\"index, follow, max-snippet:-1, max-image-preview:large, max-video-preview:-1\" \/>\n<link rel=\"canonical\" href=\"https:\/\/www.ntf.uni-lj.si\/oto\/news\/fshfrd\/\" \/>\n<meta property=\"og:locale\" content=\"en_US\" \/>\n<meta property=\"og:type\" content=\"article\" \/>\n<meta property=\"og:title\" content=\"#FSHFRD - OTO\" \/>\n<meta property=\"og:description\" content=\"S \u0161tudenti magistrskega \u0161tudija OTO pri predmetu Sodobne modne in tekstilne prakse obravnavamo razli\u010dne vidike slovenske modne industrije in modnega ekosistema. Kot ena klju\u010dnih lastnosti se je velikokrat izpostavila slovenska modna zadr\u017eanost in ne pretirano pozitivna afirmacija do mode in modne industrije nasploh, nepoznavanje in nespro\u0161\u010denost v izra\u017eanju skozi izgled, previdnost pri vsem, kar nekoliko ... Read more\" \/>\n<meta property=\"og:url\" content=\"https:\/\/www.ntf.uni-lj.si\/oto\/news\/fshfrd\/\" \/>\n<meta property=\"og:site_name\" content=\"OTO\" \/>\n<meta property=\"article:modified_time\" content=\"2018-11-20T10:19:07+00:00\" \/>\n<meta property=\"og:image\" content=\"https:\/\/www.ntf.uni-lj.si\/oto\/wp-content\/uploads\/sites\/6\/2018\/11\/fshfrd_.jpg\" \/>\n\t<meta property=\"og:image:width\" content=\"750\" \/>\n\t<meta property=\"og:image:height\" content=\"908\" \/>\n<meta name=\"twitter:label1\" content=\"Est. reading time\" \/>\n\t<meta name=\"twitter:data1\" content=\"2 minutes\" \/>\n<script type=\"application\/ld+json\" class=\"yoast-schema-graph\">{\"@context\":\"https:\/\/schema.org\",\"@graph\":[{\"@type\":\"WebSite\",\"@id\":\"https:\/\/www.ntf.uni-lj.si\/oto\/en\/#website\",\"url\":\"https:\/\/www.ntf.uni-lj.si\/oto\/en\/\",\"name\":\"OTO\",\"description\":\"Katedra za oblikovanje tekstilij in obla\\u010dil\",\"potentialAction\":[{\"@type\":\"SearchAction\",\"target\":{\"@type\":\"EntryPoint\",\"urlTemplate\":\"https:\/\/www.ntf.uni-lj.si\/oto\/en\/?s={search_term_string}\"},\"query-input\":\"required name=search_term_string\"}],\"inLanguage\":\"en-US\"},{\"@type\":\"ImageObject\",\"@id\":\"https:\/\/www.ntf.uni-lj.si\/oto\/news\/fshfrd\/#primaryimage\",\"inLanguage\":\"en-US\",\"url\":\"https:\/\/www.ntf.uni-lj.si\/oto\/wp-content\/uploads\/sites\/6\/2018\/11\/fshfrd_.jpg\",\"contentUrl\":\"https:\/\/www.ntf.uni-lj.si\/oto\/wp-content\/uploads\/sites\/6\/2018\/11\/fshfrd_.jpg\",\"width\":750,\"height\":908},{\"@type\":\"WebPage\",\"@id\":\"https:\/\/www.ntf.uni-lj.si\/oto\/news\/fshfrd\/#webpage\",\"url\":\"https:\/\/www.ntf.uni-lj.si\/oto\/news\/fshfrd\/\",\"name\":\"#FSHFRD - OTO\",\"isPartOf\":{\"@id\":\"https:\/\/www.ntf.uni-lj.si\/oto\/en\/#website\"},\"primaryImageOfPage\":{\"@id\":\"https:\/\/www.ntf.uni-lj.si\/oto\/news\/fshfrd\/#primaryimage\"},\"datePublished\":\"2018-11-20T08:58:56+00:00\",\"dateModified\":\"2018-11-20T10:19:07+00:00\",\"breadcrumb\":{\"@id\":\"https:\/\/www.ntf.uni-lj.si\/oto\/news\/fshfrd\/#breadcrumb\"},\"inLanguage\":\"en-US\",\"potentialAction\":[{\"@type\":\"ReadAction\",\"target\":[\"https:\/\/www.ntf.uni-lj.si\/oto\/news\/fshfrd\/\"]}]},{\"@type\":\"BreadcrumbList\",\"@id\":\"https:\/\/www.ntf.uni-lj.si\/oto\/news\/fshfrd\/#breadcrumb\",\"itemListElement\":[{\"@type\":\"ListItem\",\"position\":1,\"name\":\"Home\",\"item\":\"https:\/\/www.ntf.uni-lj.si\/oto\/en\/\"},{\"@type\":\"ListItem\",\"position\":2,\"name\":\"Novice\",\"item\":\"https:\/\/www.ntf.uni-lj.si\/oto\/news\/\"},{\"@type\":\"ListItem\",\"position\":3,\"name\":\"#FSHFRD\"}]}]}<\/script>\n<!-- \/ Yoast SEO plugin. -->","yoast_head_json":{"robots":{"index":"index","follow":"follow","max-snippet":"max-snippet:-1","max-image-preview":"max-image-preview:large","max-video-preview":"max-video-preview:-1"},"canonical":"https:\/\/www.ntf.uni-lj.si\/oto\/news\/fshfrd\/","og_locale":"en_US","og_type":"article","og_title":"#FSHFRD - OTO","og_description":"S \u0161tudenti magistrskega \u0161tudija OTO pri predmetu Sodobne modne in tekstilne prakse obravnavamo razli\u010dne vidike slovenske modne industrije in modnega ekosistema. Kot ena klju\u010dnih lastnosti se je velikokrat izpostavila slovenska modna zadr\u017eanost in ne pretirano pozitivna afirmacija do mode in modne industrije nasploh, nepoznavanje in nespro\u0161\u010denost v izra\u017eanju skozi izgled, previdnost pri vsem, kar nekoliko ... Read more","og_url":"https:\/\/www.ntf.uni-lj.si\/oto\/news\/fshfrd\/","og_site_name":"OTO","article_modified_time":"2018-11-20T10:19:07+00:00","og_image":[{"width":750,"height":908,"url":"https:\/\/www.ntf.uni-lj.si\/oto\/wp-content\/uploads\/sites\/6\/2018\/11\/fshfrd_.jpg","path":"\/web\/html\/ntf\/public_html\/wp-content\/uploads\/sites\/6\/2018\/11\/fshfrd_.jpg","size":"full","id":12998,"alt":"","pixels":681000,"type":"image\/jpeg"}],"twitter_misc":{"Est. reading time":"2 minutes"},"schema":{"@context":"https:\/\/schema.org","@graph":[{"@type":"WebSite","@id":"https:\/\/www.ntf.uni-lj.si\/oto\/en\/#website","url":"https:\/\/www.ntf.uni-lj.si\/oto\/en\/","name":"OTO","description":"Katedra za oblikovanje tekstilij in obla\u010dil","potentialAction":[{"@type":"SearchAction","target":{"@type":"EntryPoint","urlTemplate":"https:\/\/www.ntf.uni-lj.si\/oto\/en\/?s={search_term_string}"},"query-input":"required name=search_term_string"}],"inLanguage":"en-US"},{"@type":"ImageObject","@id":"https:\/\/www.ntf.uni-lj.si\/oto\/news\/fshfrd\/#primaryimage","inLanguage":"en-US","url":"https:\/\/www.ntf.uni-lj.si\/oto\/wp-content\/uploads\/sites\/6\/2018\/11\/fshfrd_.jpg","contentUrl":"https:\/\/www.ntf.uni-lj.si\/oto\/wp-content\/uploads\/sites\/6\/2018\/11\/fshfrd_.jpg","width":750,"height":908},{"@type":"WebPage","@id":"https:\/\/www.ntf.uni-lj.si\/oto\/news\/fshfrd\/#webpage","url":"https:\/\/www.ntf.uni-lj.si\/oto\/news\/fshfrd\/","name":"#FSHFRD - OTO","isPartOf":{"@id":"https:\/\/www.ntf.uni-lj.si\/oto\/en\/#website"},"primaryImageOfPage":{"@id":"https:\/\/www.ntf.uni-lj.si\/oto\/news\/fshfrd\/#primaryimage"},"datePublished":"2018-11-20T08:58:56+00:00","dateModified":"2018-11-20T10:19:07+00:00","breadcrumb":{"@id":"https:\/\/www.ntf.uni-lj.si\/oto\/news\/fshfrd\/#breadcrumb"},"inLanguage":"en-US","potentialAction":[{"@type":"ReadAction","target":["https:\/\/www.ntf.uni-lj.si\/oto\/news\/fshfrd\/"]}]},{"@type":"BreadcrumbList","@id":"https:\/\/www.ntf.uni-lj.si\/oto\/news\/fshfrd\/#breadcrumb","itemListElement":[{"@type":"ListItem","position":1,"name":"Home","item":"https:\/\/www.ntf.uni-lj.si\/oto\/en\/"},{"@type":"ListItem","position":2,"name":"Novice","item":"https:\/\/www.ntf.uni-lj.si\/oto\/news\/"},{"@type":"ListItem","position":3,"name":"#FSHFRD"}]}]}},"_links":{"self":[{"href":"https:\/\/www.ntf.uni-lj.si\/oto\/wp-json\/wp\/v2\/news\/12997"}],"collection":[{"href":"https:\/\/www.ntf.uni-lj.si\/oto\/wp-json\/wp\/v2\/news"}],"about":[{"href":"https:\/\/www.ntf.uni-lj.si\/oto\/wp-json\/wp\/v2\/types\/news"}],"author":[{"embeddable":true,"href":"https:\/\/www.ntf.uni-lj.si\/oto\/wp-json\/wp\/v2\/users\/27"}],"version-history":[{"count":3,"href":"https:\/\/www.ntf.uni-lj.si\/oto\/wp-json\/wp\/v2\/news\/12997\/revisions"}],"predecessor-version":[{"id":13001,"href":"https:\/\/www.ntf.uni-lj.si\/oto\/wp-json\/wp\/v2\/news\/12997\/revisions\/13001"}],"wp:featuredmedia":[{"embeddable":true,"href":"https:\/\/www.ntf.uni-lj.si\/oto\/wp-json\/wp\/v2\/media\/12998"}],"wp:attachment":[{"href":"https:\/\/www.ntf.uni-lj.si\/oto\/wp-json\/wp\/v2\/media?parent=12997"}],"wp:term":[{"taxonomy":"category","embeddable":true,"href":"https:\/\/www.ntf.uni-lj.si\/oto\/wp-json\/wp\/v2\/categories?post=12997"}],"curies":[{"name":"wp","href":"https:\/\/api.w.org\/{rel}","templated":true}]}}