{"id":13852,"date":"2019-05-29T13:47:00","date_gmt":"2019-05-29T11:47:00","guid":{"rendered":"http:\/\/www.ntf.uni-lj.si\/oto\/?post_type=news&#038;p=13852"},"modified":"2019-05-30T11:39:52","modified_gmt":"2019-05-30T09:39:52","slug":"svetlobna-gverila-2019","status":"publish","type":"news","link":"https:\/\/www.ntf.uni-lj.si\/oto\/news\/svetlobna-gverila-2019\/","title":{"rendered":"SVETLOBNA GVERILA 2019"},"content":{"rendered":"<p><strong>Vabljeni na odprtje svetlobne in\u0161talacije z naslovom<\/strong><\/p>\n<p><strong>ONKRAJ MEJA<\/strong><\/p>\n<p><strong>tekstilne postavitve \u0161tudentov<\/strong><br \/>\n<strong>Naravoslovnotehni\u0161ke fakultete \u2013 katedre za oblikovanje tekstilij in obla\u010dil<\/strong><\/p>\n<p>v okviru festivala<\/p>\n<p><a href=\"http:\/\/www.svetlobnagverila.net\/team-members\/naravoslovnotehniska-fakulteta-katedra-za-oblikovanje-tekstilij-in-oblacil-onkraj-meja\/\"><strong>13. SVETLOBNA GVERILA: Meje<\/strong><\/a><\/p>\n<p><strong>v petek, 31. maj, ob 21.30, do 28. junija<\/strong><br \/>\n<strong> park pred gradom Fu\u017eine in MAO-m, Ljubljana<\/strong><\/p>\n<p>&nbsp;<\/p>\n<p><strong>Naravnim oblikam podobne tekstilne strukture \u2013 gnezda<\/strong>, ki so se z viticami povezala med seboj in zrasla skupaj z mogo\u010dnimi drevesi okrog fu\u017einskega gradu, so nastala v povezavi z raznoliko <strong>lokalno skupnostjo<\/strong>, ki jo bogatijo \u0161tevilne tradicije, obi\u010daji in bivalne navade. Po vzoru ro\u010dnih del, s katerimi njeni prebivalci ohranjajo stik s svojim narodnim in kulturnim izro\u010dilom, so \u0161tudenti katedre za oblikovanje tekstilij in obla\u010dil Naravoslovnotehni\u0161ke fakultete v sodelovanju s tamkaj\u0161njimi prebivalci oblikovali zdru\u017ebo vise\u010dih prostorskih tvorb po skupnim naslovom <strong>Onkraj meja<\/strong>, ki je kot mesto v malem metafora za <strong>Fu\u017eine<\/strong>.<\/p>\n<p>Sodelujo\u010di \u0161tudenti: <strong>Lovro Ivan\u010di\u0107<\/strong>, <strong>Nina Glavi\u010d<\/strong>, <strong>Katja Bren\u010di\u010d<\/strong>, <strong>Ur\u0161ka Medved<\/strong>, <strong>Ne\u017ea Cigale<\/strong>, <strong>Rebeka Pajek<\/strong>, <strong>\u0160pela Dobrovoljc<\/strong>, <strong>Borjan Litovski<\/strong>, <strong>Sebnem Basaran<\/strong>, <strong>Maria De Lamo Planelles<\/strong>, <strong>Andrea Maria C\u00e1mara<\/strong>.<br \/>\nMentorice: <strong>doc.mag. Katja Burger Kovi\u010d<\/strong>, <strong>asist.mag. Arijana Gad\u017eijev<\/strong> in <strong>prof. Marija Jenko<\/strong>.<\/p>\n<p>Koprodukcija : <a href=\"https:\/\/www.ntf.uni-lj.si\/ntf\/\"><strong>Naravoslovnotehni\u0161ka fakulteta<\/strong><\/a>, <a href=\"http:\/\/mao.si\/Dogodek\/Svetlobna-gverila-v-parku-pred-Gradom-Fuzine.aspx\"><strong>MAO<\/strong><\/a><\/p>\n<p>Leto\u0161nji festival Svetlobna gverila, ki se posve\u010da raziskovanju meja; se skladno z vsebinsko rde\u010do nitjo festivala podaja v nekatere mejne predele mesta \u2013 tokrat na Fu\u017eine, kjer se v drugem festivalskem pol\u010dasu obeta vrsta postavitev, pove\u010dini nastalih v aktivnem sodelovanju z lokalnim prebivalstvom in <strong>\u010detrtnima skupnostma Fu\u017eine in Moste<\/strong>.\u00a0Projekt Onkraj meja je nastal v sodelovanju s \u010dlani <a href=\"http:\/\/www.caf-ljubljana.si\/\"><strong>Centra aktivnosti Fu\u017eine (CAF)<\/strong> <\/a>&#8211; sredi\u0161\u010de dru\u017eenja in aktivnosti za starej\u0161e, stanovalci <strong><a href=\"http:\/\/www.dso-fuzine.si\/\">Doma starej\u0161ih ob\u010danov Fu\u017eine<\/a><\/strong>; s <strong><a href=\"https:\/\/www.prostovoljstvo.org\/index.php?t=itemOrganization&amp;uid=2656\">Cono Fu\u017eine<\/a><\/strong>\u00a0, ki deluje v okviru <strong>Dru\u0161tva za razvoj skupnostnih programov za mlade<\/strong>. Poleg Naravoslovnotehni\u0161ke fakultete, bodo svetlobne instalacije v okviru krovnega naslova Meje tudi \u0161tudentje Fakultete za Arhitekturo in Elektrotehniko z naslovom Portal ter Andrej \u0160tular z naslovom Soseska F.<\/p>\n","protected":false},"excerpt":{"rendered":"Vabljeni na odprtje svetlobne in\u0161talacije z naslovom ONKRAJ MEJA tekstilne postavitve \u0161tudentov Naravoslovnotehni\u0161ke fakultete \u2013 katedre za oblikovanje tekstilij in obla\u010dil v okviru festivala 13. SVETLOBNA GVERILA: Meje v petek, 31. maj, ob 21.30, do 28. junija park pred gradom Fu\u017eine in MAO-m, Ljubljana &nbsp; Naravnim oblikam podobne tekstilne strukture \u2013 gnezda, ki so se &#8230; <a class=\"view-article\" href=\"https:\/\/www.ntf.uni-lj.si\/oto\/news\/svetlobna-gverila-2019\/\">Read more<\/a>","protected":false},"author":27,"featured_media":13853,"template":"","categories":[],"acf":[],"yoast_head":"<!-- This site is optimized with the Yoast SEO plugin v17.0 - https:\/\/yoast.com\/wordpress\/plugins\/seo\/ -->\n<meta name=\"robots\" content=\"index, follow, max-snippet:-1, max-image-preview:large, max-video-preview:-1\" \/>\n<link rel=\"canonical\" href=\"https:\/\/www.ntf.uni-lj.si\/oto\/news\/svetlobna-gverila-2019\/\" \/>\n<meta property=\"og:locale\" content=\"en_US\" \/>\n<meta property=\"og:type\" content=\"article\" \/>\n<meta property=\"og:title\" content=\"SVETLOBNA GVERILA 2019 - OTO\" \/>\n<meta property=\"og:description\" content=\"Vabljeni na odprtje svetlobne in\u0161talacije z naslovom ONKRAJ MEJA tekstilne postavitve \u0161tudentov Naravoslovnotehni\u0161ke fakultete \u2013 katedre za oblikovanje tekstilij in obla\u010dil v okviru festivala 13. SVETLOBNA GVERILA: Meje v petek, 31. maj, ob 21.30, do 28. junija park pred gradom Fu\u017eine in MAO-m, Ljubljana &nbsp; Naravnim oblikam podobne tekstilne strukture \u2013 gnezda, ki so se ... Read more\" \/>\n<meta property=\"og:url\" content=\"https:\/\/www.ntf.uni-lj.si\/oto\/news\/svetlobna-gverila-2019\/\" \/>\n<meta property=\"og:site_name\" content=\"OTO\" \/>\n<meta property=\"article:modified_time\" content=\"2019-05-30T09:39:52+00:00\" \/>\n<meta property=\"og:image\" content=\"https:\/\/www.ntf.uni-lj.si\/oto\/wp-content\/uploads\/sites\/6\/2019\/05\/0.jpg\" \/>\n\t<meta property=\"og:image:width\" content=\"1000\" \/>\n\t<meta property=\"og:image:height\" content=\"707\" \/>\n<meta name=\"twitter:label1\" content=\"Est. reading time\" \/>\n\t<meta name=\"twitter:data1\" content=\"2 minutes\" \/>\n<script type=\"application\/ld+json\" class=\"yoast-schema-graph\">{\"@context\":\"https:\/\/schema.org\",\"@graph\":[{\"@type\":\"WebSite\",\"@id\":\"https:\/\/www.ntf.uni-lj.si\/oto\/en\/#website\",\"url\":\"https:\/\/www.ntf.uni-lj.si\/oto\/en\/\",\"name\":\"OTO\",\"description\":\"Katedra za oblikovanje tekstilij in obla\\u010dil\",\"potentialAction\":[{\"@type\":\"SearchAction\",\"target\":{\"@type\":\"EntryPoint\",\"urlTemplate\":\"https:\/\/www.ntf.uni-lj.si\/oto\/en\/?s={search_term_string}\"},\"query-input\":\"required name=search_term_string\"}],\"inLanguage\":\"en-US\"},{\"@type\":\"ImageObject\",\"@id\":\"https:\/\/www.ntf.uni-lj.si\/oto\/news\/svetlobna-gverila-2019\/#primaryimage\",\"inLanguage\":\"en-US\",\"url\":\"https:\/\/www.ntf.uni-lj.si\/oto\/wp-content\/uploads\/sites\/6\/2019\/05\/0.jpg\",\"contentUrl\":\"https:\/\/www.ntf.uni-lj.si\/oto\/wp-content\/uploads\/sites\/6\/2019\/05\/0.jpg\",\"width\":1000,\"height\":707,\"caption\":\"Svetlobna gverila: Situacija Fu\\u017eine\"},{\"@type\":\"WebPage\",\"@id\":\"https:\/\/www.ntf.uni-lj.si\/oto\/news\/svetlobna-gverila-2019\/#webpage\",\"url\":\"https:\/\/www.ntf.uni-lj.si\/oto\/news\/svetlobna-gverila-2019\/\",\"name\":\"SVETLOBNA GVERILA 2019 - OTO\",\"isPartOf\":{\"@id\":\"https:\/\/www.ntf.uni-lj.si\/oto\/en\/#website\"},\"primaryImageOfPage\":{\"@id\":\"https:\/\/www.ntf.uni-lj.si\/oto\/news\/svetlobna-gverila-2019\/#primaryimage\"},\"datePublished\":\"2019-05-29T11:47:00+00:00\",\"dateModified\":\"2019-05-30T09:39:52+00:00\",\"breadcrumb\":{\"@id\":\"https:\/\/www.ntf.uni-lj.si\/oto\/news\/svetlobna-gverila-2019\/#breadcrumb\"},\"inLanguage\":\"en-US\",\"potentialAction\":[{\"@type\":\"ReadAction\",\"target\":[\"https:\/\/www.ntf.uni-lj.si\/oto\/news\/svetlobna-gverila-2019\/\"]}]},{\"@type\":\"BreadcrumbList\",\"@id\":\"https:\/\/www.ntf.uni-lj.si\/oto\/news\/svetlobna-gverila-2019\/#breadcrumb\",\"itemListElement\":[{\"@type\":\"ListItem\",\"position\":1,\"name\":\"Home\",\"item\":\"https:\/\/www.ntf.uni-lj.si\/oto\/en\/\"},{\"@type\":\"ListItem\",\"position\":2,\"name\":\"Novice\",\"item\":\"https:\/\/www.ntf.uni-lj.si\/oto\/news\/\"},{\"@type\":\"ListItem\",\"position\":3,\"name\":\"SVETLOBNA GVERILA 2019\"}]}]}<\/script>\n<!-- \/ Yoast SEO plugin. -->","yoast_head_json":{"robots":{"index":"index","follow":"follow","max-snippet":"max-snippet:-1","max-image-preview":"max-image-preview:large","max-video-preview":"max-video-preview:-1"},"canonical":"https:\/\/www.ntf.uni-lj.si\/oto\/news\/svetlobna-gverila-2019\/","og_locale":"en_US","og_type":"article","og_title":"SVETLOBNA GVERILA 2019 - OTO","og_description":"Vabljeni na odprtje svetlobne in\u0161talacije z naslovom ONKRAJ MEJA tekstilne postavitve \u0161tudentov Naravoslovnotehni\u0161ke fakultete \u2013 katedre za oblikovanje tekstilij in obla\u010dil v okviru festivala 13. SVETLOBNA GVERILA: Meje v petek, 31. maj, ob 21.30, do 28. junija park pred gradom Fu\u017eine in MAO-m, Ljubljana &nbsp; Naravnim oblikam podobne tekstilne strukture \u2013 gnezda, ki so se ... Read more","og_url":"https:\/\/www.ntf.uni-lj.si\/oto\/news\/svetlobna-gverila-2019\/","og_site_name":"OTO","article_modified_time":"2019-05-30T09:39:52+00:00","og_image":[{"width":1000,"height":707,"url":"https:\/\/www.ntf.uni-lj.si\/oto\/wp-content\/uploads\/sites\/6\/2019\/05\/0.jpg","path":"\/web\/html\/ntf\/public_html\/wp-content\/uploads\/sites\/6\/2019\/05\/0.jpg","size":"full","id":13853,"alt":"Svetlobna gverila: Situacija Fu\u017eine","pixels":707000,"type":"image\/jpeg"}],"twitter_misc":{"Est. reading time":"2 minutes"},"schema":{"@context":"https:\/\/schema.org","@graph":[{"@type":"WebSite","@id":"https:\/\/www.ntf.uni-lj.si\/oto\/en\/#website","url":"https:\/\/www.ntf.uni-lj.si\/oto\/en\/","name":"OTO","description":"Katedra za oblikovanje tekstilij in obla\u010dil","potentialAction":[{"@type":"SearchAction","target":{"@type":"EntryPoint","urlTemplate":"https:\/\/www.ntf.uni-lj.si\/oto\/en\/?s={search_term_string}"},"query-input":"required name=search_term_string"}],"inLanguage":"en-US"},{"@type":"ImageObject","@id":"https:\/\/www.ntf.uni-lj.si\/oto\/news\/svetlobna-gverila-2019\/#primaryimage","inLanguage":"en-US","url":"https:\/\/www.ntf.uni-lj.si\/oto\/wp-content\/uploads\/sites\/6\/2019\/05\/0.jpg","contentUrl":"https:\/\/www.ntf.uni-lj.si\/oto\/wp-content\/uploads\/sites\/6\/2019\/05\/0.jpg","width":1000,"height":707,"caption":"Svetlobna gverila: Situacija Fu\u017eine"},{"@type":"WebPage","@id":"https:\/\/www.ntf.uni-lj.si\/oto\/news\/svetlobna-gverila-2019\/#webpage","url":"https:\/\/www.ntf.uni-lj.si\/oto\/news\/svetlobna-gverila-2019\/","name":"SVETLOBNA GVERILA 2019 - OTO","isPartOf":{"@id":"https:\/\/www.ntf.uni-lj.si\/oto\/en\/#website"},"primaryImageOfPage":{"@id":"https:\/\/www.ntf.uni-lj.si\/oto\/news\/svetlobna-gverila-2019\/#primaryimage"},"datePublished":"2019-05-29T11:47:00+00:00","dateModified":"2019-05-30T09:39:52+00:00","breadcrumb":{"@id":"https:\/\/www.ntf.uni-lj.si\/oto\/news\/svetlobna-gverila-2019\/#breadcrumb"},"inLanguage":"en-US","potentialAction":[{"@type":"ReadAction","target":["https:\/\/www.ntf.uni-lj.si\/oto\/news\/svetlobna-gverila-2019\/"]}]},{"@type":"BreadcrumbList","@id":"https:\/\/www.ntf.uni-lj.si\/oto\/news\/svetlobna-gverila-2019\/#breadcrumb","itemListElement":[{"@type":"ListItem","position":1,"name":"Home","item":"https:\/\/www.ntf.uni-lj.si\/oto\/en\/"},{"@type":"ListItem","position":2,"name":"Novice","item":"https:\/\/www.ntf.uni-lj.si\/oto\/news\/"},{"@type":"ListItem","position":3,"name":"SVETLOBNA GVERILA 2019"}]}]}},"_links":{"self":[{"href":"https:\/\/www.ntf.uni-lj.si\/oto\/wp-json\/wp\/v2\/news\/13852"}],"collection":[{"href":"https:\/\/www.ntf.uni-lj.si\/oto\/wp-json\/wp\/v2\/news"}],"about":[{"href":"https:\/\/www.ntf.uni-lj.si\/oto\/wp-json\/wp\/v2\/types\/news"}],"author":[{"embeddable":true,"href":"https:\/\/www.ntf.uni-lj.si\/oto\/wp-json\/wp\/v2\/users\/27"}],"version-history":[{"count":19,"href":"https:\/\/www.ntf.uni-lj.si\/oto\/wp-json\/wp\/v2\/news\/13852\/revisions"}],"predecessor-version":[{"id":13876,"href":"https:\/\/www.ntf.uni-lj.si\/oto\/wp-json\/wp\/v2\/news\/13852\/revisions\/13876"}],"wp:featuredmedia":[{"embeddable":true,"href":"https:\/\/www.ntf.uni-lj.si\/oto\/wp-json\/wp\/v2\/media\/13853"}],"wp:attachment":[{"href":"https:\/\/www.ntf.uni-lj.si\/oto\/wp-json\/wp\/v2\/media?parent=13852"}],"wp:term":[{"taxonomy":"category","embeddable":true,"href":"https:\/\/www.ntf.uni-lj.si\/oto\/wp-json\/wp\/v2\/categories?post=13852"}],"curies":[{"name":"wp","href":"https:\/\/api.w.org\/{rel}","templated":true}]}}