{"id":13894,"date":"2019-06-05T00:32:11","date_gmt":"2019-06-04T22:32:11","guid":{"rendered":"http:\/\/www.ntf.uni-lj.si\/oto\/?post_type=news&#038;p=13894"},"modified":"2019-06-06T19:25:13","modified_gmt":"2019-06-06T17:25:13","slug":"natecaj-stylo","status":"publish","type":"news","link":"https:\/\/www.ntf.uni-lj.si\/oto\/news\/natecaj-stylo\/","title":{"rendered":"NATE\u010cAJ STYLO"},"content":{"rendered":"<p><strong>STYLO &#8211; MODNA REVIJA ZA MLADE OBLIKOVALCE<\/strong><\/p>\n<p><strong>VABILO K SODELOVANJU<\/strong><br \/>\n<strong>Nazaj v prihodnost<\/strong><\/p>\n<p>\u010casovnica. V\u010deraj, danes, jutri. Kdaj? Me \u010das usmerja ali usmerjam jaz njega? Krojim svojo prihodnost ali me pretekle izku\u0161nje vodijo?<br \/>\nKaj me pre\u0161ine v mislih, ko potiho izgovorim \u00bbNazaj v prihodnost\u00ab?<\/p>\n<p>Leto\u0161nja tema nate\u010daja <strong>\u00bbNazaj v prihodnost\u00ab<\/strong> naj spodbudi kreativno plat oblikovalcev, da ustvari pogled in razvije kolekcijo, ki bo temeljila na individualnem mi\u0161ljenju kaj je v prihodnosti moda. Poglejte okoli sebe. Se moda ozira na preteklosti, je stopila stopni\u010dko vi\u0161e ali je \u0161la v napa\u010dno smer? Tehnologija nam ponuja nove izjemne mo\u017enosti&#8230;ali nas morda preve\u010d usmerja? Je prepletanje tista re\u0161itev sodobnega \u010dasa? Je sodelovanje na\u0161 nov zagon? Kak\u0161en vpliv imajo druga podro\u010dja razvoja na modo?<\/p>\n<p>Mlade kreativce vabijo, da prika\u017eejo svoj pogled na re\u0161itev, kako bodo obla\u010dila na\u0161 posameznikov izraz, obenem pa bodo sledila razvoju, upo\u0161tevala okoljske vidike in spodbujala individualno misel v skupnosti?<br \/>\nKandidati naj izrazijo, kaj moda potrebuje, kaj spodbuja spremembe in skrivnost razvijajo\u010de se prihodnosti.<\/p>\n<p><strong>Zmagovalec <\/strong>bo prejel:<br \/>\n<strong>&#8211; strokovno nagrado komisije;<\/strong><br \/>\n<strong>&#8211; predstavitev v reviji Elle;<\/strong><br \/>\n<strong>&#8211; denarno nagrado v vi\u0161ini 1.50O,00 eur bruto<\/strong><\/p>\n<p>&nbsp;<\/p>\n<p><strong>Prijava<\/strong> za sodelovanje naj vsebuje:<\/p>\n<p>&#8211; <strong>osebne podatke kandidata<\/strong> (kontaktni podatki, uradni naziv oblikovalca ali znamke);<br \/>\n&#8211; <strong>kratek CV<\/strong> in pregled dosedanjega dela &#8211; najpomembnej\u0161i projekti (v slikovni obliki);<br \/>\n&#8211; <strong>kreativno re\u0161itev<\/strong>\/mood board za nate\u010daj na temo \u00bbNazaj v prihodnost\u00ab: inspiracijo, raziskovanje;<br \/>\n&#8211; <strong>predstavitveno besedilo<\/strong> kolekcije v digitalni obliki v .doc, .odt ali .pdf formatu; v kolikor se prijavljate s kolekcijo, ki je nastala pod mentorstvom, pripi\u0161ite mentorja in ustanovo.<br \/>\n&#8211; <strong>skice kolekcije<\/strong>.<\/p>\n<p>Rok oddaje je <strong>20. julij 2019<\/strong> (velja po\u0161tni \u017eig).<\/p>\n<p>&nbsp;<\/p>\n<p>Na fotografiji: <strong>zmagovalka nate\u010daja STYLO 2018, Jona Bednjanec<\/strong><\/p>\n","protected":false},"excerpt":{"rendered":"STYLO &#8211; MODNA REVIJA ZA MLADE OBLIKOVALCE VABILO K SODELOVANJU Nazaj v prihodnost \u010casovnica. V\u010deraj, danes, jutri. Kdaj? Me \u010das usmerja ali usmerjam jaz njega? Krojim svojo prihodnost ali me pretekle izku\u0161nje vodijo? Kaj me pre\u0161ine v mislih, ko potiho izgovorim \u00bbNazaj v prihodnost\u00ab? Leto\u0161nja tema nate\u010daja \u00bbNazaj v prihodnost\u00ab naj spodbudi kreativno plat oblikovalcev, &#8230; <a class=\"view-article\" href=\"https:\/\/www.ntf.uni-lj.si\/oto\/news\/natecaj-stylo\/\">Read more<\/a>","protected":false},"author":27,"featured_media":13895,"template":"","categories":[],"class_list":["post-13894","news","type-news","status-publish","has-post-thumbnail","hentry"],"acf":[],"_links":{"self":[{"href":"https:\/\/www.ntf.uni-lj.si\/oto\/wp-json\/wp\/v2\/news\/13894","targetHints":{"allow":["GET"]}}],"collection":[{"href":"https:\/\/www.ntf.uni-lj.si\/oto\/wp-json\/wp\/v2\/news"}],"about":[{"href":"https:\/\/www.ntf.uni-lj.si\/oto\/wp-json\/wp\/v2\/types\/news"}],"author":[{"embeddable":true,"href":"https:\/\/www.ntf.uni-lj.si\/oto\/wp-json\/wp\/v2\/users\/27"}],"version-history":[{"count":6,"href":"https:\/\/www.ntf.uni-lj.si\/oto\/wp-json\/wp\/v2\/news\/13894\/revisions"}],"predecessor-version":[{"id":13902,"href":"https:\/\/www.ntf.uni-lj.si\/oto\/wp-json\/wp\/v2\/news\/13894\/revisions\/13902"}],"wp:featuredmedia":[{"embeddable":true,"href":"https:\/\/www.ntf.uni-lj.si\/oto\/wp-json\/wp\/v2\/media\/13895"}],"wp:attachment":[{"href":"https:\/\/www.ntf.uni-lj.si\/oto\/wp-json\/wp\/v2\/media?parent=13894"}],"wp:term":[{"taxonomy":"category","embeddable":true,"href":"https:\/\/www.ntf.uni-lj.si\/oto\/wp-json\/wp\/v2\/categories?post=13894"}],"curies":[{"name":"wp","href":"https:\/\/api.w.org\/{rel}","templated":true}]}}