{"id":14779,"date":"2019-08-13T10:58:55","date_gmt":"2019-08-13T08:58:55","guid":{"rendered":"http:\/\/www.ntf.uni-lj.si\/oto\/?post_type=news&#038;p=14779"},"modified":"2019-08-13T11:24:00","modified_gmt":"2019-08-13T09:24:00","slug":"ko-lab-backstage","status":"publish","type":"news","link":"https:\/\/www.ntf.uni-lj.si\/oto\/news\/ko-lab-backstage\/","title":{"rendered":"KO &#8211; LAB  BACKSTAGE"},"content":{"rendered":"<p>Modna revija je bila organizirana v sodelovanju z\u00a0<a href=\"http:\/\/www.mao.si\/\"><strong>Muzejem za arhitekturo in oblikovanje<\/strong><\/a>; na njej so obla\u010dila nosili prostovoljni modeli, pri glasbi smo sodelovali z\u00a0<a href=\"https:\/\/www.ag.uni-lj.si\/\"><strong>Akademijo za glasbo<\/strong><\/a>; pri\u010deske so nastale v sodelovanju s\u00a0<a href=\"https:\/\/www.frizerska.si\/\"><strong>Srednjo frizersko \u0161olo Ljubljana<\/strong><\/a>, maska s \u0161tudenti\u00a0<a href=\"https:\/\/vist.si\/\"><strong>Visoke \u0161ole za storitve (VIST)<\/strong><\/a>, tiskovine, fotografije in video pa v sodelovanju s\u00a0<a href=\"https:\/\/www.ntf.uni-lj.si\/igt\/\"><strong>KIGT NTF<\/strong><\/a>.<\/p>\n<p>Na\u00a0<strong>KO \u2013 LAB<\/strong>\u00a0zaklju\u010dni modni reviji so sodelovali \u0161tudentje dodiplomskega in podiplomskega \u0161tudija ter diplomanti in magistranti v \u0161tudijskem letu 2018\/2019.<\/p>\n<p>Mentorji NTF:\u00a0<strong>red. prof. Elena Fajt<\/strong>,\u00a0<strong>red. prof. Nata\u0161a Per\u0161uh<\/strong>,\u00a0<strong>red. prof. Almira Sadar<\/strong>,\u00a0<strong>red. prof. Marija Jenko<\/strong>,\u00a0<strong>doc. Katja Burger Kovi\u010d<\/strong>,\u00a0<strong>asist. Petja Zorec<\/strong>,\u00a0<strong>asist. Arijana Gad\u017eijev<\/strong>,\u00a0<strong>tehn. sod. Alenka More<\/strong>,\u00a0<strong>tehn. sod. Nata\u0161a Hrupi\u0107<\/strong>,\u00a0<strong>tehn. sod. Marjeta \u010cuk<\/strong>,\u00a0<strong>tehn. sod. Andrej Vilar<\/strong>\u00a0in\u00a0<strong>tehn. sod. Stanka Kek<\/strong>.<\/p>\n<p>Sodelujo\u010di \u0161tudentje po vrstnem redu izhodov so:\u00a0<strong>\u017diva \u010cervek<\/strong>, nato \u0161tudentje 1. letnika dodiplomskega \u0161tudija:\u00a0<strong>Nu\u0161a Mer\u0161e<\/strong>,\u00a0<strong>\u017diga Brezovnik<\/strong>,\u00a0<strong>Anja Jaklin<\/strong>,\u00a0<strong>\u017dana Kri\u017eani\u010d<\/strong>,\u00a0<strong>\u0160pela Hudobivnik<\/strong>,\u00a0<strong>Jaka Podgor\u0161ek<\/strong>,\u00a0<strong>Ina Nathalie\u00a0B\u00f6lsing<\/strong>,\u00a0<strong>Rebeka Pajek<\/strong>,\u00a0<strong>Rebeka Mami\u0107<\/strong>,\u00a0<strong>Maja Gazvoda<\/strong>,\u00a0<strong>Kaja \u010cufer<\/strong>,\u00a0<strong>Katarina Ostoji\u010d Sedonja<\/strong>,\u00a0<strong>Katarina Ekart<\/strong>,\u00a0<strong>Neja Hladnik<\/strong>,\u00a0<strong>Tajda Dra\u017ei\u0107<\/strong>,\u00a0<strong>Borjan Litovski<\/strong>,\u00a0<strong>Ela Lesar<\/strong>,\u00a0<strong>Teja \u0160ter<\/strong>\u00a0in\u00a0<strong>Sara \u0160mid<\/strong>. Sledili so\u00a0<strong>Jurij Fidel<\/strong>,\u00a0<strong>Anja Medle<\/strong>,\u00a0<strong>Kaja Repen\u0161ek<\/strong>,\u00a0<strong>Admir Kapi\u0107<\/strong>. Po sklopu\u00a0<strong>Modnih dodatkov za Huawei\u00a0<\/strong>so ponovno sledile posamezne predstavitve kolekcij \u0161tudentov:\u00a0<strong>Vanja Peuli\u0107<\/strong>\u00a0in\u00a0<strong>Sineonix<\/strong>,\u00a0<strong>Ana \u0160tucin<\/strong>,\u00a0<strong>Denis Luke\u0161evi\u0107<\/strong>,\u00a0<strong>Petra Jeri\u010d<\/strong>,\u00a0<strong>Nina \u017dnidar\u0161i\u010d<\/strong>,\u00a0<strong>Eva Bizjak<\/strong>,\u00a0<strong>Milena Zemlji\u010d<\/strong>,\u00a0<strong>Ana Bozovi\u0107<\/strong>,\u00a0<strong>Karin Gosenca<\/strong>,\u00a0<strong>Eva Je\u017e<\/strong>,\u00a0<strong>Ines \u010ceperlin<\/strong>,\u00a0<strong>Ma\u0161a Brna<\/strong>,\u00a0<strong>Mark Cvelbar<\/strong>,\u00a0<strong>Dejan Petrovi\u0107<\/strong>,<strong>\u00a0Ela Meja\u010d<\/strong>,\u00a0<strong>Ema Ur\u0161i\u010d<\/strong>,\u00a0<strong>Ivana Jovanovi\u0107\u00a0<\/strong>ter\u00a0<strong>Katrin Ve\u010derina<\/strong>,\u00a0<strong>Petra Frank<\/strong>,\u00a0<strong>Sa\u0161a Draga\u0161<\/strong>\u00a0in\u00a0<strong>Zala Hrastar<\/strong>. V sklopu 2. letnika dodiplomskega \u0161tudija so se predstavili naslednji \u0161tudentje:\u00a0<strong>Tanja Vidic<\/strong>,\u00a0<strong>Kristi Komel<\/strong>,\u00a0<strong>Pia Ho\u010devar Muci\u0107<\/strong>,\u00a0<strong>Lucija Bosti\u010d<\/strong>,\u00a0<strong>Patricija Mar\u0161nak<\/strong>,\u00a0<strong>Ne\u017ea Knific<\/strong>,\u00a0<strong>Ne\u017ea Sim\u010di\u010d<\/strong>,\u00a0<strong>Ur\u0161ka Keber<\/strong>,\u00a0<strong>Bernarda Gabrijel<\/strong>,<strong>\u00a0Hana Podvr\u0161i\u010d<\/strong>,\u00a0<strong>Tasja Videm\u0161ek<\/strong>,\u00a0<strong>Lovro Luki\u0107<\/strong>,\u00a0<strong>Naja Stani\u0107<\/strong>,\u00a0<strong>Anamarija Lah<\/strong>,\u00a0<strong>Maja Milovanovi\u0107<\/strong>,\u00a0<strong>Metka Jelek<\/strong>,\u00a0<strong>Eva Primec<\/strong>\u00a0in\u00a0<strong>An\u017ee Mrak<\/strong>. Revijo sta zaklju\u010dila \u0161tudenta\u00a0<strong>Ga\u0161per Gaj\u0161ek<\/strong>\u00a0in\u00a0<strong>Klara Reseti\u010d<\/strong>, ki delujeta pod imenom\u00a0<strong>Garnir2<\/strong>.<\/p>\n<p>Fotografije: <b>Paula Malinowska<\/b><\/p>\n","protected":false},"excerpt":{"rendered":"Modna revija je bila organizirana v sodelovanju z\u00a0Muzejem za arhitekturo in oblikovanje; na njej so obla\u010dila nosili prostovoljni modeli, pri glasbi smo sodelovali z\u00a0Akademijo za glasbo; pri\u010deske so nastale v sodelovanju s\u00a0Srednjo frizersko \u0161olo Ljubljana, maska s \u0161tudenti\u00a0Visoke \u0161ole za storitve (VIST), tiskovine, fotografije in video pa v sodelovanju s\u00a0KIGT NTF. Na\u00a0KO \u2013 LAB\u00a0zaklju\u010dni modni &#8230; <a class=\"view-article\" href=\"https:\/\/www.ntf.uni-lj.si\/oto\/news\/ko-lab-backstage\/\">Read more<\/a>","protected":false},"author":27,"featured_media":14839,"template":"","categories":[],"class_list":["post-14779","news","type-news","status-publish","has-post-thumbnail","hentry"],"acf":[],"_links":{"self":[{"href":"https:\/\/www.ntf.uni-lj.si\/oto\/wp-json\/wp\/v2\/news\/14779","targetHints":{"allow":["GET"]}}],"collection":[{"href":"https:\/\/www.ntf.uni-lj.si\/oto\/wp-json\/wp\/v2\/news"}],"about":[{"href":"https:\/\/www.ntf.uni-lj.si\/oto\/wp-json\/wp\/v2\/types\/news"}],"author":[{"embeddable":true,"href":"https:\/\/www.ntf.uni-lj.si\/oto\/wp-json\/wp\/v2\/users\/27"}],"version-history":[{"count":5,"href":"https:\/\/www.ntf.uni-lj.si\/oto\/wp-json\/wp\/v2\/news\/14779\/revisions"}],"predecessor-version":[{"id":14911,"href":"https:\/\/www.ntf.uni-lj.si\/oto\/wp-json\/wp\/v2\/news\/14779\/revisions\/14911"}],"wp:featuredmedia":[{"embeddable":true,"href":"https:\/\/www.ntf.uni-lj.si\/oto\/wp-json\/wp\/v2\/media\/14839"}],"wp:attachment":[{"href":"https:\/\/www.ntf.uni-lj.si\/oto\/wp-json\/wp\/v2\/media?parent=14779"}],"wp:term":[{"taxonomy":"category","embeddable":true,"href":"https:\/\/www.ntf.uni-lj.si\/oto\/wp-json\/wp\/v2\/categories?post=14779"}],"curies":[{"name":"wp","href":"https:\/\/api.w.org\/{rel}","templated":true}]}}