{"id":15917,"date":"2020-06-10T13:34:15","date_gmt":"2020-06-10T11:34:15","guid":{"rendered":"http:\/\/www.ntf.uni-lj.si\/oto\/?post_type=news&#038;p=15917"},"modified":"2020-07-24T12:53:17","modified_gmt":"2020-07-24T10:53:17","slug":"razstava-bien","status":"publish","type":"news","link":"https:\/\/www.ntf.uni-lj.si\/oto\/news\/razstava-bien\/","title":{"rendered":"B I E N 2 0 2 0"},"content":{"rendered":"<p>Vabljeni na odprtje in ogled razstave <strong>BIEN 2020<\/strong>. Uradno odprtje bo <strong>v petek, 12. junija, ob 19. uri<\/strong>, v istem dnevu pa pripravljamo \u0161e <strong>dva vodena ogleda, ob 12h in ob 17h<\/strong>.<\/p>\n<p>BIEN 2020 predstavlja dela <strong>136 \u0161tudentov oblikovanja tekstilij in obla\u010dil ter notranje opreme<\/strong>, ki jo v Layerjevi hi\u0161i organiziramo v sodelovanju s Katedro za oblikovanje tekstilij in obla\u010dil na Oddelku za tekstilstvo, grafiko in oblikovanje Naravoslovnotehni\u0161ke fakultete Univerze v Ljubljani in Fakultete za dizajn, pridru\u017eene \u010dlanice Univerze na Primorskem.<\/p>\n<p><strong>BIEN 2020 je poklon tekstilni tradiciji Kranja.<\/strong> Z razstavo \u017eelimo spodbuditi razmislek o umestitvi tekstilne dedi\u0161\u010dine v kranjski (kulturni) prostor, zato so v lanskem letu \u0161tudenti obeh sodelujo\u010dih fakultet obiskali <a href=\"https:\/\/www.kranj.si\/\">Kranj<\/a> in se s serijo predavanj podrobneje spoznali z njegovo tekstilno preteklostjo in z njegovo umestitvijo v naravni prostor. V sklopu projekta BIEN smo v Layerjevi hi\u0161i v sodelovanju s tekstilnimi ustvarjalci na Gorenjskem pripravili tudi video, ki sodobno kreativnost povezuje s preteklimi obrtnimi in industrijskimi praksami.<\/p>\n<p>Vabljeni k ogledu videa <strong><a href=\"https:\/\/www.youtube.com\/watch?v=GAQ5n-ossj4\">BIEN Roots<\/a><\/strong>.<br \/>\nNa <strong><a href=\"https:\/\/www.youtube.com\/channel\/UCHHng5a8jgPmV_6keQlKunQ\">povezavi<\/a><\/strong> so posnetki predavanj za \u0161tudente, ki so bili podlaga za razvoj tekstilnih interpretacij.<\/p>\n<p><strong>BIEN 2020 prina\u0161a dvanajst projektov, ki bodo razstavljeni na trinajstih lokacijah v kranjskem starem mestnem jedru<\/strong><\/p>\n<p><strong>Hommage \u00e0 Tekstilindus<\/strong> &#8211; Galerija Stolpa \u0160krlovec<br \/>\n<strong>Prostorska tekstilija<\/strong> &#8211; Klet Mestne hi\u0161e Gorenjskega muzeja<br \/>\n<strong>Hana Tav\u010dar: Sita<\/strong> &#8211; Galerija Mahlerca<br \/>\n<strong>Hana Podvr\u0161i\u010d: HORSESH*T<\/strong> &#8211; Gasilski trg<br \/>\n<strong>\u0160pela Ko\u0161ir: Ranljivost \/ Ranjenos<\/strong>t &#8211; Mergentalerjeva uli\u010dna galerija Layerjeve hi\u0161e in In\u0161tituta TAM-TAM<br \/>\n<strong>\u017dakarske tkanine<\/strong> &#8211; Soto\u010dja vtisov, barv in tekstur &#8211; Galerija Layerjeve hi\u0161e<br \/>\n<strong>Pletivo kot sodobno pohi\u0161tvo v Layerjevi hi\u0161i<\/strong> &#8211; Layerjeva hi\u0161a, Mestna knji\u017enica Kranj, Stolp \u0160krlovec<br \/>\n<strong>Nitne strukture x Kranj<\/strong> &#8211; Layerjeva hi\u0161a, Stolp \u0160krlovec, Medprostor, Vovkov vrt, \u010ce\u0161njev vrt<br \/>\n<strong>Pripovedovalci zgodb<\/strong> &#8211; Layerjeva hi\u0161a<br \/>\n<strong>Vtkani spomini<\/strong> &#8211; Kavarna Khislstein 12.56<br \/>\n<strong>\u010cipka in prostor<\/strong> &#8211; K\u00e8lek\u00e8<br \/>\n<strong>Razstavni paviljon BIEN<\/strong> &#8211; Galerija Na mestu<\/p>\n<p>Facebook dogodek <a href=\"https:\/\/www.facebook.com\/events\/2611890265700231\"><strong>B I E N 2 0 2 0<\/strong><\/a><\/p>\n<p>Ve\u010d informacij o dogodku na spletni strani <a href=\"http:\/\/www.layer.si\/si\/projekti-in-dejavnosti\/dogodki\/dogodek\/1282\/b-i-e-n-2-0-2-0\"><strong>Layerjeva hi\u0161a Kranj<\/strong><\/a>.<\/p>\n<p><strong>Spremljevalni program<\/strong> prina\u0161a delavnice izdelovanja <strong><a href=\"https:\/\/www.facebook.com\/events\/245772860053752\/\">E-tekstilnih zvo\u010dnikov in E-tekstilnega MP3 predvajalnika<\/a><\/strong> pod mentorstvom Lavoslave Ben\u010di\u010d in Nejca Stupana ter urbano intervencijo Ajde Tomazin z naslovom <strong><a href=\"https:\/\/www.facebook.com\/events\/251268352751876\/\">Velikan ledena gora<\/a><\/strong>.<\/p>\n<p>&#8211; &#8211; &#8211;<\/p>\n<p><strong>Programska ekipa:<\/strong> Marija Jenko, Arijana Gad\u017eijev, Katja Burger Kovi\u010d, Damjana Celcar, Jana Mr\u0161nik, \u017diva Bertoncelj, Zala Orel<\/p>\n<p><strong>Organizacija:<\/strong> Zavod Carnica, zanj Selman \u010corovi\u0107<br \/>\nDelovanje Layerjeve hi\u0161e sofinancira Mestna ob\u010dina Kranj.<\/p>\n<p><strong>Soorganizacija:<\/strong> Oddelek za tekstilstvo, grafiko in oblikovanje Naravoslovnotehni\u0161ke fakultete Univerze v Ljubljani, Fakulteta za dizajn, pridru\u017eena \u010dlanica Univerze na Primorskem, Pre\u0161ernovo gledali\u0161\u010de Kranj, In\u0161titut TAM-TAM, K\u00e8lek\u00e8, Gorenjski muzej, Kavarna Khislstein 12.56, Mestna knji\u017enica Kranj<\/p>\n","protected":false},"excerpt":{"rendered":"Vabljeni na odprtje in ogled razstave BIEN 2020. Uradno odprtje bo v petek, 12. junija, ob 19. uri, v istem dnevu pa pripravljamo \u0161e dva vodena ogleda, ob 12h in ob 17h. BIEN 2020 predstavlja dela 136 \u0161tudentov oblikovanja tekstilij in obla\u010dil ter notranje opreme, ki jo v Layerjevi hi\u0161i organiziramo v sodelovanju s Katedro &#8230; <a class=\"view-article\" href=\"https:\/\/www.ntf.uni-lj.si\/oto\/news\/razstava-bien\/\">Read more<\/a>","protected":false},"author":27,"featured_media":15918,"template":"","categories":[],"class_list":["post-15917","news","type-news","status-publish","has-post-thumbnail","hentry"],"acf":[],"_links":{"self":[{"href":"https:\/\/www.ntf.uni-lj.si\/oto\/wp-json\/wp\/v2\/news\/15917","targetHints":{"allow":["GET"]}}],"collection":[{"href":"https:\/\/www.ntf.uni-lj.si\/oto\/wp-json\/wp\/v2\/news"}],"about":[{"href":"https:\/\/www.ntf.uni-lj.si\/oto\/wp-json\/wp\/v2\/types\/news"}],"author":[{"embeddable":true,"href":"https:\/\/www.ntf.uni-lj.si\/oto\/wp-json\/wp\/v2\/users\/27"}],"version-history":[{"count":20,"href":"https:\/\/www.ntf.uni-lj.si\/oto\/wp-json\/wp\/v2\/news\/15917\/revisions"}],"predecessor-version":[{"id":16054,"href":"https:\/\/www.ntf.uni-lj.si\/oto\/wp-json\/wp\/v2\/news\/15917\/revisions\/16054"}],"wp:featuredmedia":[{"embeddable":true,"href":"https:\/\/www.ntf.uni-lj.si\/oto\/wp-json\/wp\/v2\/media\/15918"}],"wp:attachment":[{"href":"https:\/\/www.ntf.uni-lj.si\/oto\/wp-json\/wp\/v2\/media?parent=15917"}],"wp:term":[{"taxonomy":"category","embeddable":true,"href":"https:\/\/www.ntf.uni-lj.si\/oto\/wp-json\/wp\/v2\/categories?post=15917"}],"curies":[{"name":"wp","href":"https:\/\/api.w.org\/{rel}","templated":true}]}}