{"id":15977,"date":"2020-06-29T10:38:23","date_gmt":"2020-06-29T08:38:23","guid":{"rendered":"http:\/\/www.ntf.uni-lj.si\/oto\/?post_type=news&#038;p=15977"},"modified":"2020-06-29T14:52:33","modified_gmt":"2020-06-29T12:52:33","slug":"notranja-zunanjost","status":"publish","type":"news","link":"https:\/\/www.ntf.uni-lj.si\/oto\/news\/notranja-zunanjost\/","title":{"rendered":"NOTRANJA ZUNANJOST"},"content":{"rendered":"<p><strong>Vabljeni v Galerijo Alkatraz, AKC Metelkova mesto na ogled razstave<\/strong><\/p>\n<p><strong>LOVRO IVAN\u010cI\u0106:\u00a0<\/strong><\/p>\n<p><strong>NOTRANJA ZUNANJOST<\/strong><\/p>\n<p><strong>Razstava je na ogled od 24. 06. 2020 do 05. 07. 2020 in poteka v okviru leto\u0161njega festivala Svetlobna Gverila.<\/strong><\/p>\n<p>Vzorci in na\u010dini delitve ploskve in prostora so rezultat aktivnega opazovanja narave. S pomo\u010djo biomimikrije \u017eelim v interier prestaviti ko\u0161\u010dek zunanjega sveta. Zanima me kontrast med mehkim in trdim, med naravnim in umetnim. Ustvarjam interaktivno tekstilno instalacijo, ki predstavlja naravni proces pod vplivom \u010dlovekovih dejanj. Z uporabo Voronojevega vzorca delim ploskev na ko\u0161\u010dke, med katerimi se ob raztegovanju tekstilije razodevajo barvno kontrastne razpoke.<\/p>\n<p>Objekt je kot \u017eiva slika, nenaravni organizem v interierju. Zanima me, kje je meja med oblikovanjem in umetnostjo oziroma kje se za\u010dne ta meja brisati. Zanima me odnos \u010dloveka do tega objekta in kak\u0161en vpliv ima ta odnos na opazovalca. Kot medij izra\u017eanja sem izbral svetlobo prav zaradi u\u010dinka, ki ga ima na posameznika, in zaradi kontrasta prisotnosti in odsotnosti\/pomanjkanja svetlobe. \/L. Ivan\u010di\u0107\/<\/p>\n<p>LOVRO IVAN\u010cI\u0106 je po zaklju\u010deni gimnaziji v Zagrebu diplomiral iz oblikovanja tekstilij in obla\u010dil na Naravoslovnotehni\u0161ki fakulteti v Ljubljani, kjer pod mentorstvom prof. Marije Jenko zaklju\u010duje tudi magistrski \u0161tudij. V \u010dasu \u0161tudija je bil na izmenjavi na Akademiji za oblikovanje v nizozemskem Eindhovnu. Trenutno deluje kot asistent kostumografinje Barbare Podlogar pri razli\u010dnih projektih, deluje pa tudi kot grafi\u010dni oblikovalec. V letih 2018 in 2019 je bil del ekipe, ki je zasnovala Art Hotel Tartini v Piranu. V zadnjih letih je sodeloval pri \u0161tevilnih umetni\u0161kih, oblikovalskih in modnih projektih v Sloveniji in v tujini.<\/p>\n<p><strong>Strokovni sodelavci:<\/strong> Peter Zobec, Jan Rugelj, doc. dr. Marjan Jenko in prof. Marija Jenko (mentorica).<\/p>\n<p>Ve\u010d o <a href=\"http:\/\/galerijalkatraz.org\/?p=16677\">Galeriji Alkatraz<\/a>&#8230;<\/p>\n<p>Ve\u010d o <a href=\"http:\/\/www.svetlobnagverila.net\/team-members\/lovro-ivancic-notranja-zunanjost\/\">festivalu Svetlobna Gverila<\/a>&#8230;<\/p>\n","protected":false},"excerpt":{"rendered":"Vabljeni v Galerijo Alkatraz, AKC Metelkova mesto na ogled razstave LOVRO IVAN\u010cI\u0106:\u00a0 NOTRANJA ZUNANJOST Razstava je na ogled od 24. 06. 2020 do 05. 07. 2020 in poteka v okviru leto\u0161njega festivala Svetlobna Gverila. Vzorci in na\u010dini delitve ploskve in prostora so rezultat aktivnega opazovanja narave. S pomo\u010djo biomimikrije \u017eelim v interier prestaviti ko\u0161\u010dek zunanjega &#8230; <a class=\"view-article\" href=\"https:\/\/www.ntf.uni-lj.si\/oto\/news\/notranja-zunanjost\/\">Read more<\/a>","protected":false},"author":27,"featured_media":15978,"template":"","categories":[],"acf":[],"yoast_head":"<!-- This site is optimized with the Yoast SEO plugin v17.0 - https:\/\/yoast.com\/wordpress\/plugins\/seo\/ -->\n<meta name=\"robots\" content=\"index, follow, max-snippet:-1, max-image-preview:large, max-video-preview:-1\" \/>\n<link rel=\"canonical\" href=\"https:\/\/www.ntf.uni-lj.si\/oto\/news\/notranja-zunanjost\/\" \/>\n<meta property=\"og:locale\" content=\"en_US\" \/>\n<meta property=\"og:type\" content=\"article\" \/>\n<meta property=\"og:title\" content=\"NOTRANJA ZUNANJOST - OTO\" \/>\n<meta property=\"og:description\" content=\"Vabljeni v Galerijo Alkatraz, AKC Metelkova mesto na ogled razstave LOVRO IVAN\u010cI\u0106:\u00a0 NOTRANJA ZUNANJOST Razstava je na ogled od 24. 06. 2020 do 05. 07. 2020 in poteka v okviru leto\u0161njega festivala Svetlobna Gverila. Vzorci in na\u010dini delitve ploskve in prostora so rezultat aktivnega opazovanja narave. S pomo\u010djo biomimikrije \u017eelim v interier prestaviti ko\u0161\u010dek zunanjega ... Read more\" \/>\n<meta property=\"og:url\" content=\"https:\/\/www.ntf.uni-lj.si\/oto\/news\/notranja-zunanjost\/\" \/>\n<meta property=\"og:site_name\" content=\"OTO\" \/>\n<meta property=\"article:modified_time\" content=\"2020-06-29T12:52:33+00:00\" \/>\n<meta property=\"og:image\" content=\"https:\/\/www.ntf.uni-lj.si\/oto\/wp-content\/uploads\/sites\/6\/2020\/06\/1.jpg\" \/>\n\t<meta property=\"og:image:width\" content=\"960\" \/>\n\t<meta property=\"og:image:height\" content=\"902\" \/>\n<meta name=\"twitter:label1\" content=\"Est. reading time\" \/>\n\t<meta name=\"twitter:data1\" content=\"1 minute\" \/>\n<script type=\"application\/ld+json\" class=\"yoast-schema-graph\">{\"@context\":\"https:\/\/schema.org\",\"@graph\":[{\"@type\":\"WebSite\",\"@id\":\"https:\/\/www.ntf.uni-lj.si\/oto\/en\/#website\",\"url\":\"https:\/\/www.ntf.uni-lj.si\/oto\/en\/\",\"name\":\"OTO\",\"description\":\"Katedra za oblikovanje tekstilij in obla\\u010dil\",\"potentialAction\":[{\"@type\":\"SearchAction\",\"target\":{\"@type\":\"EntryPoint\",\"urlTemplate\":\"https:\/\/www.ntf.uni-lj.si\/oto\/en\/?s={search_term_string}\"},\"query-input\":\"required name=search_term_string\"}],\"inLanguage\":\"en-US\"},{\"@type\":\"ImageObject\",\"@id\":\"https:\/\/www.ntf.uni-lj.si\/oto\/news\/notranja-zunanjost\/#primaryimage\",\"inLanguage\":\"en-US\",\"url\":\"https:\/\/www.ntf.uni-lj.si\/oto\/wp-content\/uploads\/sites\/6\/2020\/06\/1.jpg\",\"contentUrl\":\"https:\/\/www.ntf.uni-lj.si\/oto\/wp-content\/uploads\/sites\/6\/2020\/06\/1.jpg\",\"width\":960,\"height\":902,\"caption\":\"Lovro Ivan\\u010di\\u0107: Notranja Zunanjost\/Svetlobna gverila\"},{\"@type\":\"WebPage\",\"@id\":\"https:\/\/www.ntf.uni-lj.si\/oto\/news\/notranja-zunanjost\/#webpage\",\"url\":\"https:\/\/www.ntf.uni-lj.si\/oto\/news\/notranja-zunanjost\/\",\"name\":\"NOTRANJA ZUNANJOST - OTO\",\"isPartOf\":{\"@id\":\"https:\/\/www.ntf.uni-lj.si\/oto\/en\/#website\"},\"primaryImageOfPage\":{\"@id\":\"https:\/\/www.ntf.uni-lj.si\/oto\/news\/notranja-zunanjost\/#primaryimage\"},\"datePublished\":\"2020-06-29T08:38:23+00:00\",\"dateModified\":\"2020-06-29T12:52:33+00:00\",\"breadcrumb\":{\"@id\":\"https:\/\/www.ntf.uni-lj.si\/oto\/news\/notranja-zunanjost\/#breadcrumb\"},\"inLanguage\":\"en-US\",\"potentialAction\":[{\"@type\":\"ReadAction\",\"target\":[\"https:\/\/www.ntf.uni-lj.si\/oto\/news\/notranja-zunanjost\/\"]}]},{\"@type\":\"BreadcrumbList\",\"@id\":\"https:\/\/www.ntf.uni-lj.si\/oto\/news\/notranja-zunanjost\/#breadcrumb\",\"itemListElement\":[{\"@type\":\"ListItem\",\"position\":1,\"name\":\"Home\",\"item\":\"https:\/\/www.ntf.uni-lj.si\/oto\/en\/\"},{\"@type\":\"ListItem\",\"position\":2,\"name\":\"Novice\",\"item\":\"https:\/\/www.ntf.uni-lj.si\/oto\/news\/\"},{\"@type\":\"ListItem\",\"position\":3,\"name\":\"NOTRANJA ZUNANJOST\"}]}]}<\/script>\n<!-- \/ Yoast SEO plugin. -->","yoast_head_json":{"robots":{"index":"index","follow":"follow","max-snippet":"max-snippet:-1","max-image-preview":"max-image-preview:large","max-video-preview":"max-video-preview:-1"},"canonical":"https:\/\/www.ntf.uni-lj.si\/oto\/news\/notranja-zunanjost\/","og_locale":"en_US","og_type":"article","og_title":"NOTRANJA ZUNANJOST - OTO","og_description":"Vabljeni v Galerijo Alkatraz, AKC Metelkova mesto na ogled razstave LOVRO IVAN\u010cI\u0106:\u00a0 NOTRANJA ZUNANJOST Razstava je na ogled od 24. 06. 2020 do 05. 07. 2020 in poteka v okviru leto\u0161njega festivala Svetlobna Gverila. Vzorci in na\u010dini delitve ploskve in prostora so rezultat aktivnega opazovanja narave. S pomo\u010djo biomimikrije \u017eelim v interier prestaviti ko\u0161\u010dek zunanjega ... Read more","og_url":"https:\/\/www.ntf.uni-lj.si\/oto\/news\/notranja-zunanjost\/","og_site_name":"OTO","article_modified_time":"2020-06-29T12:52:33+00:00","og_image":[{"width":960,"height":902,"url":"https:\/\/www.ntf.uni-lj.si\/oto\/wp-content\/uploads\/sites\/6\/2020\/06\/1.jpg","path":"\/web\/html\/ntf\/public_html\/wp-content\/uploads\/sites\/6\/2020\/06\/1.jpg","size":"full","id":15978,"alt":"Lovro Ivan\u010di\u0107: Notranja Zunanjost\/Svetlobna gverila","pixels":865920,"type":"image\/jpeg"}],"twitter_misc":{"Est. reading time":"1 minute"},"schema":{"@context":"https:\/\/schema.org","@graph":[{"@type":"WebSite","@id":"https:\/\/www.ntf.uni-lj.si\/oto\/en\/#website","url":"https:\/\/www.ntf.uni-lj.si\/oto\/en\/","name":"OTO","description":"Katedra za oblikovanje tekstilij in obla\u010dil","potentialAction":[{"@type":"SearchAction","target":{"@type":"EntryPoint","urlTemplate":"https:\/\/www.ntf.uni-lj.si\/oto\/en\/?s={search_term_string}"},"query-input":"required name=search_term_string"}],"inLanguage":"en-US"},{"@type":"ImageObject","@id":"https:\/\/www.ntf.uni-lj.si\/oto\/news\/notranja-zunanjost\/#primaryimage","inLanguage":"en-US","url":"https:\/\/www.ntf.uni-lj.si\/oto\/wp-content\/uploads\/sites\/6\/2020\/06\/1.jpg","contentUrl":"https:\/\/www.ntf.uni-lj.si\/oto\/wp-content\/uploads\/sites\/6\/2020\/06\/1.jpg","width":960,"height":902,"caption":"Lovro Ivan\u010di\u0107: Notranja Zunanjost\/Svetlobna gverila"},{"@type":"WebPage","@id":"https:\/\/www.ntf.uni-lj.si\/oto\/news\/notranja-zunanjost\/#webpage","url":"https:\/\/www.ntf.uni-lj.si\/oto\/news\/notranja-zunanjost\/","name":"NOTRANJA ZUNANJOST - OTO","isPartOf":{"@id":"https:\/\/www.ntf.uni-lj.si\/oto\/en\/#website"},"primaryImageOfPage":{"@id":"https:\/\/www.ntf.uni-lj.si\/oto\/news\/notranja-zunanjost\/#primaryimage"},"datePublished":"2020-06-29T08:38:23+00:00","dateModified":"2020-06-29T12:52:33+00:00","breadcrumb":{"@id":"https:\/\/www.ntf.uni-lj.si\/oto\/news\/notranja-zunanjost\/#breadcrumb"},"inLanguage":"en-US","potentialAction":[{"@type":"ReadAction","target":["https:\/\/www.ntf.uni-lj.si\/oto\/news\/notranja-zunanjost\/"]}]},{"@type":"BreadcrumbList","@id":"https:\/\/www.ntf.uni-lj.si\/oto\/news\/notranja-zunanjost\/#breadcrumb","itemListElement":[{"@type":"ListItem","position":1,"name":"Home","item":"https:\/\/www.ntf.uni-lj.si\/oto\/en\/"},{"@type":"ListItem","position":2,"name":"Novice","item":"https:\/\/www.ntf.uni-lj.si\/oto\/news\/"},{"@type":"ListItem","position":3,"name":"NOTRANJA ZUNANJOST"}]}]}},"_links":{"self":[{"href":"https:\/\/www.ntf.uni-lj.si\/oto\/wp-json\/wp\/v2\/news\/15977"}],"collection":[{"href":"https:\/\/www.ntf.uni-lj.si\/oto\/wp-json\/wp\/v2\/news"}],"about":[{"href":"https:\/\/www.ntf.uni-lj.si\/oto\/wp-json\/wp\/v2\/types\/news"}],"author":[{"embeddable":true,"href":"https:\/\/www.ntf.uni-lj.si\/oto\/wp-json\/wp\/v2\/users\/27"}],"version-history":[{"count":6,"href":"https:\/\/www.ntf.uni-lj.si\/oto\/wp-json\/wp\/v2\/news\/15977\/revisions"}],"predecessor-version":[{"id":15987,"href":"https:\/\/www.ntf.uni-lj.si\/oto\/wp-json\/wp\/v2\/news\/15977\/revisions\/15987"}],"wp:featuredmedia":[{"embeddable":true,"href":"https:\/\/www.ntf.uni-lj.si\/oto\/wp-json\/wp\/v2\/media\/15978"}],"wp:attachment":[{"href":"https:\/\/www.ntf.uni-lj.si\/oto\/wp-json\/wp\/v2\/media?parent=15977"}],"wp:term":[{"taxonomy":"category","embeddable":true,"href":"https:\/\/www.ntf.uni-lj.si\/oto\/wp-json\/wp\/v2\/categories?post=15977"}],"curies":[{"name":"wp","href":"https:\/\/api.w.org\/{rel}","templated":true}]}}