{"id":16098,"date":"2020-08-18T12:07:40","date_gmt":"2020-08-18T10:07:40","guid":{"rendered":"http:\/\/www.ntf.uni-lj.si\/oto\/?post_type=news&#038;p=16098"},"modified":"2020-08-18T12:31:48","modified_gmt":"2020-08-18T10:31:48","slug":"telo-prostor","status":"publish","type":"news","link":"https:\/\/www.ntf.uni-lj.si\/oto\/news\/telo-prostor\/","title":{"rendered":"TELO-PROSTOR"},"content":{"rendered":"<p>Med 18. junijem in 14. avgustom 2020 je na lokacijah<\/p>\n<p><a href=\"https:\/\/www.fa.uni-lj.si\/\">Fakultete za arhitekturo<\/a> in <a href=\"http:\/\/www.centerarhitekture.org\/\">Galerije Centra arhitekture Slovenije<\/a><a href=\"http:\/\/www.centerarhitekture.org\/\">,<\/a> Ljubljana, Slovenija<\/p>\n<p>potekal projekt z nosilnim naslovom<br \/>\n<strong> TELO-PROSTOR <\/strong><\/p>\n<p>s seminarji, delavnicami in razstavo TELO-PROSTOR.<\/p>\n<p>Projekt je nastal pri predmetu: <a href=\"https:\/\/www.ntf.uni-lj.si\/oto\/course\/oblikovanje-tekstilij-3b-2\/\">Oblikovanje tekstilij 3b<\/a>.<\/p>\n<p><strong>Sodelujo\u010di \u0161tudenti:<\/strong><br \/>\n\u0160pela Dobrovoljc, Manca Drusany, Katja Frelih, Bernarda Gabrijel, Margarita Gardina, Ur\u0161ka Keber, Kristi Komel, Patricia Mar\u0161nak, Maja Milovanovi\u0107, Ma\u0161a Udov\u010d, Tasja Videm\u0161ek, Neja \u017dgavec<br \/>\n\u0160tudenti Fakultete za arhitekturo, UL<\/p>\n<p><strong>Mentorji Naravoslovnotehni\u0161ke fakultete UL:<\/strong> prof. Marija Jenko, doc. mag. Katja Burger, asist. mag. Arijana Gad\u017eijev<br \/>\n<strong>Mentorji Fakultete za arhitekturo UL:<\/strong> izr. prof. Matej Blenku\u0161, asist. Primo\u017e \u017ditnik, Ajdin Bajrovi\u0107, u.d.i.a., Dominik Ko\u0161ak, m.i.a.<br \/>\n<strong>Gostujo\u010di kritik:<\/strong> prof. Du\u0161an Kirbi\u0161<\/p>\n<p>&nbsp;<\/p>\n<p><strong>Opis projekta:<\/strong><\/p>\n<p>&nbsp;<br \/>\n\u010crni filc. \u010crna vrv. \u010crno kovinsko ogrodje risalnih miz. Ples je izraz prisotnosti telesa v prostoru in \u010dasu. Inspiracije najdemo v vzor\u010dnih plesnih predstavah.<\/p>\n<p>&nbsp;<br \/>\nRazmerje med gibanjem in v obliko ujetega trenutka?<\/p>\n<p>&nbsp;<br \/>\nZ obliko kroja, rezom in upogibom preoblikujem ploskev in \u010drto v telo?<\/p>\n<p>&nbsp;<br \/>\nKdo sem, v odnosu do \u010dasa, v katerem \u017eivim?<\/p>\n<p>&nbsp;<br \/>\nUstvarjati brez na\u010drtovanja?<\/p>\n<p>&nbsp;<br \/>\nKako se svet vrti okoli telesa v prostoru?<\/p>\n<p>&nbsp;<br \/>\nSkulpture iz filca in vrvi so kot v \u010dasu ujete figure, uprostorjenje gibanja, avtoportret skupinske misli\u2026<\/p>\n<p>&nbsp;<\/p>\n<p>&nbsp;<\/p>\n<p><strong>Avtor fotografij:<\/strong> Miran Kambi\u010d<\/p>\n","protected":false},"excerpt":{"rendered":"Med 18. junijem in 14. avgustom 2020 je na lokacijah Fakultete za arhitekturo in Galerije Centra arhitekture Slovenije, Ljubljana, Slovenija potekal projekt z nosilnim naslovom TELO-PROSTOR s seminarji, delavnicami in razstavo TELO-PROSTOR. Projekt je nastal pri predmetu: Oblikovanje tekstilij 3b. Sodelujo\u010di \u0161tudenti: \u0160pela Dobrovoljc, Manca Drusany, Katja Frelih, Bernarda Gabrijel, Margarita Gardina, Ur\u0161ka Keber, Kristi &#8230; <a class=\"view-article\" href=\"https:\/\/www.ntf.uni-lj.si\/oto\/news\/telo-prostor\/\">Read more<\/a>","protected":false},"author":27,"featured_media":16109,"template":"","categories":[],"class_list":["post-16098","news","type-news","status-publish","has-post-thumbnail","hentry"],"acf":[],"_links":{"self":[{"href":"https:\/\/www.ntf.uni-lj.si\/oto\/wp-json\/wp\/v2\/news\/16098","targetHints":{"allow":["GET"]}}],"collection":[{"href":"https:\/\/www.ntf.uni-lj.si\/oto\/wp-json\/wp\/v2\/news"}],"about":[{"href":"https:\/\/www.ntf.uni-lj.si\/oto\/wp-json\/wp\/v2\/types\/news"}],"author":[{"embeddable":true,"href":"https:\/\/www.ntf.uni-lj.si\/oto\/wp-json\/wp\/v2\/users\/27"}],"version-history":[{"count":10,"href":"https:\/\/www.ntf.uni-lj.si\/oto\/wp-json\/wp\/v2\/news\/16098\/revisions"}],"predecessor-version":[{"id":16118,"href":"https:\/\/www.ntf.uni-lj.si\/oto\/wp-json\/wp\/v2\/news\/16098\/revisions\/16118"}],"wp:featuredmedia":[{"embeddable":true,"href":"https:\/\/www.ntf.uni-lj.si\/oto\/wp-json\/wp\/v2\/media\/16109"}],"wp:attachment":[{"href":"https:\/\/www.ntf.uni-lj.si\/oto\/wp-json\/wp\/v2\/media?parent=16098"}],"wp:term":[{"taxonomy":"category","embeddable":true,"href":"https:\/\/www.ntf.uni-lj.si\/oto\/wp-json\/wp\/v2\/categories?post=16098"}],"curies":[{"name":"wp","href":"https:\/\/api.w.org\/{rel}","templated":true}]}}