{"id":16119,"date":"2020-08-18T13:33:14","date_gmt":"2020-08-18T11:33:14","guid":{"rendered":"http:\/\/www.ntf.uni-lj.si\/oto\/?post_type=news&#038;p=16119"},"modified":"2020-08-18T13:38:54","modified_gmt":"2020-08-18T11:38:54","slug":"body-space","status":"publish","type":"news","link":"https:\/\/www.ntf.uni-lj.si\/oto\/en\/news\/body-space\/","title":{"rendered":"BODY-SPACE"},"content":{"rendered":"<p>Between 18th of June and 14th of August 2020 a project with title<\/p>\n<p><strong>BODY-SPACE<\/strong><\/p>\n<p>with seminars, workshops and the exhibition BODY-SPACE was held<\/p>\n<p>at\u00a0<a href=\"http:\/\/www.fa.uni-lj.si\/default.asp?id=1721\">Faculty of Architecture<\/a>\u00a0and at <a href=\"http:\/\/www.centerarhitekture.org\/en\/\">Center arhitekture Slovenije Gallery<\/a>, Ljubljana, Slovenia.<\/p>\n<p>The project was made as part of a course: <a href=\"https:\/\/www.ntf.uni-lj.si\/oto\/en\/course\/textile-design-3b-2\/\">Textile design\u00a03b<\/a>.<\/p>\n<p><b>Participating students:<\/b><br \/>\n\u0160pela Dobrovoljc, Manca Drusany, Katja Frelih, Bernarda Gabrijel, Margarita Gardina, Ur\u0161ka Keber, Kristi Komel, Patricia Mar\u0161nak, Maja Milovanovi\u0107, Ma\u0161a Udov\u010d, Tasja Videm\u0161ek, Neja \u017dgavec<br \/>\n\u0160tudenti Fakultete za arhitekturo, UL<\/p>\n<p><strong>Mentors of the Faculty of Natural Sciences and Engineering UL:<\/strong>\u00a0prof. Marija Jenko, doc. mag. Katja Burger, assist. mag. Arijana Gad\u017eijev<br \/>\n<strong>Mentors of the UL-Faculty of Architecture:<\/strong>\u00a0assoc. prof. Matej Blenku\u0161, assist. Primo\u017e \u017ditnik, Ajdin Bajrovi\u0107, u.d.i.a., Dominik Ko\u0161ak, m.i.a.<br \/>\n<strong>Guest critic:<\/strong>\u00a0prof. Du\u0161an Kirbi\u0161<\/p>\n<p>&nbsp;<\/p>\n<p><strong>Project description:<\/strong><\/p>\n<p>&nbsp;<\/p>\n<p>Black felt. Black rope. Black drawing table frame. Dance defines a body in space and time. We find inspiration in examples of dance performances.<\/p>\n<p>&nbsp;<br \/>\nWhat is the relation between dance and shape in a frozen moment?<\/p>\n<p>&nbsp;<br \/>\nHow can I transform a surface or a line on a body by shaping, cutting and bending?<\/p>\n<p>&nbsp;<br \/>\nWho am I, in relation to the time I live in?How to create without a prior plan?<\/p>\n<p>&nbsp;<br \/>\nHow does the world turn around a body in space?<\/p>\n<p>&nbsp;<br \/>\nFelt sculptures and ropes represent figures caught in time, motion encapsulated, a self-portrait of group-thought.<\/p>\n<p>&nbsp;<\/p>\n<p>&nbsp;<\/p>\n<p><strong>Avtor of photographies:<\/strong>\u00a0Miran Kambi\u010d<\/p>\n","protected":false},"excerpt":{"rendered":"Between 18th of June and 14th of August 2020 a project with title BODY-SPACE with seminars, workshops and the exhibition BODY-SPACE was held at\u00a0Faculty of Architecture\u00a0and at Center arhitekture Slovenije Gallery, Ljubljana, Slovenia. The project was made as part of a course: Textile design\u00a03b. Participating students: \u0160pela Dobrovoljc, Manca Drusany, Katja Frelih, Bernarda Gabrijel, Margarita &#8230; <a class=\"view-article\" href=\"https:\/\/www.ntf.uni-lj.si\/oto\/en\/news\/body-space\/\">Read more<\/a>","protected":false},"author":27,"featured_media":16109,"template":"","categories":[],"class_list":["post-16119","news","type-news","status-publish","has-post-thumbnail","hentry"],"acf":[],"_links":{"self":[{"href":"https:\/\/www.ntf.uni-lj.si\/oto\/wp-json\/wp\/v2\/news\/16119","targetHints":{"allow":["GET"]}}],"collection":[{"href":"https:\/\/www.ntf.uni-lj.si\/oto\/wp-json\/wp\/v2\/news"}],"about":[{"href":"https:\/\/www.ntf.uni-lj.si\/oto\/wp-json\/wp\/v2\/types\/news"}],"author":[{"embeddable":true,"href":"https:\/\/www.ntf.uni-lj.si\/oto\/wp-json\/wp\/v2\/users\/27"}],"version-history":[{"count":6,"href":"https:\/\/www.ntf.uni-lj.si\/oto\/wp-json\/wp\/v2\/news\/16119\/revisions"}],"predecessor-version":[{"id":16125,"href":"https:\/\/www.ntf.uni-lj.si\/oto\/wp-json\/wp\/v2\/news\/16119\/revisions\/16125"}],"wp:featuredmedia":[{"embeddable":true,"href":"https:\/\/www.ntf.uni-lj.si\/oto\/wp-json\/wp\/v2\/media\/16109"}],"wp:attachment":[{"href":"https:\/\/www.ntf.uni-lj.si\/oto\/wp-json\/wp\/v2\/media?parent=16119"}],"wp:term":[{"taxonomy":"category","embeddable":true,"href":"https:\/\/www.ntf.uni-lj.si\/oto\/wp-json\/wp\/v2\/categories?post=16119"}],"curies":[{"name":"wp","href":"https:\/\/api.w.org\/{rel}","templated":true}]}}