{"id":16499,"date":"2020-12-02T13:00:07","date_gmt":"2020-12-02T12:00:07","guid":{"rendered":"http:\/\/www.ntf.uni-lj.si\/oto\/?post_type=news&#038;p=16499"},"modified":"2020-12-02T13:18:54","modified_gmt":"2020-12-02T12:18:54","slug":"mala-crna-obleka-nagrajenci","status":"publish","type":"news","link":"https:\/\/www.ntf.uni-lj.si\/oto\/news\/mala-crna-obleka-nagrajenci\/","title":{"rendered":"MALA \u010cRNA OBLEKA &#8211; NAGRAJENCI"},"content":{"rendered":"<p>Predstavljamo vam deset nagrajenih \u0161tudentskih oblek, ki so nastale v okviru projekta <a href=\"https:\/\/www.kotofolio.si\/project\/mala-crna-obleka\/\"><strong>Mala \u010drna obleka &#8211; Fenomen Chanel<\/strong><\/a> v sklopu <a href=\"https:\/\/noc-raziskovalcev.ff.uni-lj.si\/aktivnosti\"><strong>Evropske no\u010di raziskovalcev &#8211; Humanistika, to si ti!<\/strong><\/a>. <strong>Strokovna komisija<\/strong> v sestavi;\u00a0<strong>Marjeta Gro\u0161elj<\/strong>, modna oblikovalka, <strong>Petra Windschnurer<\/strong>, modna urednica, <strong>Mateja Gaber<\/strong>, vodja projekta, <strong>Florence Ferrari<\/strong>, francoska veleposlanica v Sloveniji in <strong>Dejan David Kemperl<\/strong>, modni urednik je izbrala deset malih \u010drnih oblek za uvrstitev na leto\u0161nji <a href=\"https:\/\/elle.metropolitan.si\/styleawards\/esa2020\/\"><strong>Elle Style Awards<\/strong><\/a>, dve mali \u010drni obleki pa prejmeta posebno nagrado strokovne komisije.<\/p>\n<p>Glavno nagrado je prejela <strong>\u0160pela Hudobivnik<\/strong>, drugo nagrado <strong>An\u017ee Mrak<\/strong>, preostali nagrajenci so: <strong>Natalija Kra\u0161ovec<\/strong>, <strong>Alenka More<\/strong>, <strong>Eva Jelenc<\/strong>, <strong>Lenart \u0160olar<\/strong>, <strong>Maja Gazvoda<\/strong>, <strong>Sara \u0160mid<\/strong>, <strong>Pia Wallner<\/strong> in <strong>Ne\u017ea Dap\u010devi\u0107<\/strong>.<\/p>\n<p>Iskreno se zahvaljujemo komisiji in obenem \u010destitamo nagrajenim in vsem sodelujo\u010dim \u0161tudentom.<\/p>\n<p>Fotografije: <strong>Pia Ho\u010devar Muci\u0107<\/strong><\/p>\n","protected":false},"excerpt":{"rendered":"Predstavljamo vam deset nagrajenih \u0161tudentskih oblek, ki so nastale v okviru projekta Mala \u010drna obleka &#8211; Fenomen Chanel v sklopu Evropske no\u010di raziskovalcev &#8211; Humanistika, to si ti!. Strokovna komisija v sestavi;\u00a0Marjeta Gro\u0161elj, modna oblikovalka, Petra Windschnurer, modna urednica, Mateja Gaber, vodja projekta, Florence Ferrari, francoska veleposlanica v Sloveniji in Dejan David Kemperl, modni urednik &#8230; <a class=\"view-article\" href=\"https:\/\/www.ntf.uni-lj.si\/oto\/news\/mala-crna-obleka-nagrajenci\/\">Read more<\/a>","protected":false},"author":27,"featured_media":16509,"template":"","categories":[],"acf":[],"yoast_head":"<!-- This site is optimized with the Yoast SEO plugin v17.0 - https:\/\/yoast.com\/wordpress\/plugins\/seo\/ -->\n<meta name=\"robots\" content=\"index, follow, max-snippet:-1, max-image-preview:large, max-video-preview:-1\" \/>\n<link rel=\"canonical\" href=\"https:\/\/www.ntf.uni-lj.si\/oto\/news\/mala-crna-obleka-nagrajenci\/\" \/>\n<meta property=\"og:locale\" content=\"en_US\" \/>\n<meta property=\"og:type\" content=\"article\" \/>\n<meta property=\"og:title\" content=\"MALA \u010cRNA OBLEKA - NAGRAJENCI - OTO\" \/>\n<meta property=\"og:description\" content=\"Predstavljamo vam deset nagrajenih \u0161tudentskih oblek, ki so nastale v okviru projekta Mala \u010drna obleka &#8211; Fenomen Chanel v sklopu Evropske no\u010di raziskovalcev &#8211; Humanistika, to si ti!. Strokovna komisija v sestavi;\u00a0Marjeta Gro\u0161elj, modna oblikovalka, Petra Windschnurer, modna urednica, Mateja Gaber, vodja projekta, Florence Ferrari, francoska veleposlanica v Sloveniji in Dejan David Kemperl, modni urednik ... Read more\" \/>\n<meta property=\"og:url\" content=\"https:\/\/www.ntf.uni-lj.si\/oto\/news\/mala-crna-obleka-nagrajenci\/\" \/>\n<meta property=\"og:site_name\" content=\"OTO\" \/>\n<meta property=\"article:modified_time\" content=\"2020-12-02T12:18:54+00:00\" \/>\n<meta property=\"og:image\" content=\"https:\/\/www.ntf.uni-lj.si\/oto\/wp-content\/uploads\/sites\/6\/2020\/12\/S\u030cpelaHudobivnik.jpg\" \/>\n\t<meta property=\"og:image:width\" content=\"1684\" \/>\n\t<meta property=\"og:image:height\" content=\"1090\" \/>\n<meta name=\"twitter:label1\" content=\"Est. reading time\" \/>\n\t<meta name=\"twitter:data1\" content=\"1 minute\" \/>\n<script type=\"application\/ld+json\" class=\"yoast-schema-graph\">{\"@context\":\"https:\/\/schema.org\",\"@graph\":[{\"@type\":\"WebSite\",\"@id\":\"https:\/\/www.ntf.uni-lj.si\/oto\/en\/#website\",\"url\":\"https:\/\/www.ntf.uni-lj.si\/oto\/en\/\",\"name\":\"OTO\",\"description\":\"Katedra za oblikovanje tekstilij in obla\\u010dil\",\"potentialAction\":[{\"@type\":\"SearchAction\",\"target\":{\"@type\":\"EntryPoint\",\"urlTemplate\":\"https:\/\/www.ntf.uni-lj.si\/oto\/en\/?s={search_term_string}\"},\"query-input\":\"required name=search_term_string\"}],\"inLanguage\":\"en-US\"},{\"@type\":\"ImageObject\",\"@id\":\"https:\/\/www.ntf.uni-lj.si\/oto\/news\/mala-crna-obleka-nagrajenci\/#primaryimage\",\"inLanguage\":\"en-US\",\"url\":\"https:\/\/www.ntf.uni-lj.si\/oto\/wp-content\/uploads\/sites\/6\/2020\/12\/S\\u030cpelaHudobivnik.jpg\",\"contentUrl\":\"https:\/\/www.ntf.uni-lj.si\/oto\/wp-content\/uploads\/sites\/6\/2020\/12\/S\\u030cpelaHudobivnik.jpg\",\"width\":1684,\"height\":1090},{\"@type\":\"WebPage\",\"@id\":\"https:\/\/www.ntf.uni-lj.si\/oto\/news\/mala-crna-obleka-nagrajenci\/#webpage\",\"url\":\"https:\/\/www.ntf.uni-lj.si\/oto\/news\/mala-crna-obleka-nagrajenci\/\",\"name\":\"MALA \\u010cRNA OBLEKA - NAGRAJENCI - OTO\",\"isPartOf\":{\"@id\":\"https:\/\/www.ntf.uni-lj.si\/oto\/en\/#website\"},\"primaryImageOfPage\":{\"@id\":\"https:\/\/www.ntf.uni-lj.si\/oto\/news\/mala-crna-obleka-nagrajenci\/#primaryimage\"},\"datePublished\":\"2020-12-02T12:00:07+00:00\",\"dateModified\":\"2020-12-02T12:18:54+00:00\",\"breadcrumb\":{\"@id\":\"https:\/\/www.ntf.uni-lj.si\/oto\/news\/mala-crna-obleka-nagrajenci\/#breadcrumb\"},\"inLanguage\":\"en-US\",\"potentialAction\":[{\"@type\":\"ReadAction\",\"target\":[\"https:\/\/www.ntf.uni-lj.si\/oto\/news\/mala-crna-obleka-nagrajenci\/\"]}]},{\"@type\":\"BreadcrumbList\",\"@id\":\"https:\/\/www.ntf.uni-lj.si\/oto\/news\/mala-crna-obleka-nagrajenci\/#breadcrumb\",\"itemListElement\":[{\"@type\":\"ListItem\",\"position\":1,\"name\":\"Home\",\"item\":\"https:\/\/www.ntf.uni-lj.si\/oto\/en\/\"},{\"@type\":\"ListItem\",\"position\":2,\"name\":\"Novice\",\"item\":\"https:\/\/www.ntf.uni-lj.si\/oto\/news\/\"},{\"@type\":\"ListItem\",\"position\":3,\"name\":\"MALA \\u010cRNA OBLEKA &#8211; NAGRAJENCI\"}]}]}<\/script>\n<!-- \/ Yoast SEO plugin. -->","yoast_head_json":{"robots":{"index":"index","follow":"follow","max-snippet":"max-snippet:-1","max-image-preview":"max-image-preview:large","max-video-preview":"max-video-preview:-1"},"canonical":"https:\/\/www.ntf.uni-lj.si\/oto\/news\/mala-crna-obleka-nagrajenci\/","og_locale":"en_US","og_type":"article","og_title":"MALA \u010cRNA OBLEKA - NAGRAJENCI - OTO","og_description":"Predstavljamo vam deset nagrajenih \u0161tudentskih oblek, ki so nastale v okviru projekta Mala \u010drna obleka &#8211; Fenomen Chanel v sklopu Evropske no\u010di raziskovalcev &#8211; Humanistika, to si ti!. Strokovna komisija v sestavi;\u00a0Marjeta Gro\u0161elj, modna oblikovalka, Petra Windschnurer, modna urednica, Mateja Gaber, vodja projekta, Florence Ferrari, francoska veleposlanica v Sloveniji in Dejan David Kemperl, modni urednik ... Read more","og_url":"https:\/\/www.ntf.uni-lj.si\/oto\/news\/mala-crna-obleka-nagrajenci\/","og_site_name":"OTO","article_modified_time":"2020-12-02T12:18:54+00:00","og_image":[{"width":1684,"height":1090,"url":"https:\/\/www.ntf.uni-lj.si\/oto\/wp-content\/uploads\/sites\/6\/2020\/12\/S\u030cpelaHudobivnik.jpg","path":"\/web\/html\/ntf\/public_html\/wp-content\/uploads\/sites\/6\/2020\/12\/S\u030cpelaHudobivnik.jpg","size":"full","id":16509,"alt":"","pixels":1835560,"type":"image\/jpeg"}],"twitter_misc":{"Est. reading time":"1 minute"},"schema":{"@context":"https:\/\/schema.org","@graph":[{"@type":"WebSite","@id":"https:\/\/www.ntf.uni-lj.si\/oto\/en\/#website","url":"https:\/\/www.ntf.uni-lj.si\/oto\/en\/","name":"OTO","description":"Katedra za oblikovanje tekstilij in obla\u010dil","potentialAction":[{"@type":"SearchAction","target":{"@type":"EntryPoint","urlTemplate":"https:\/\/www.ntf.uni-lj.si\/oto\/en\/?s={search_term_string}"},"query-input":"required name=search_term_string"}],"inLanguage":"en-US"},{"@type":"ImageObject","@id":"https:\/\/www.ntf.uni-lj.si\/oto\/news\/mala-crna-obleka-nagrajenci\/#primaryimage","inLanguage":"en-US","url":"https:\/\/www.ntf.uni-lj.si\/oto\/wp-content\/uploads\/sites\/6\/2020\/12\/S\u030cpelaHudobivnik.jpg","contentUrl":"https:\/\/www.ntf.uni-lj.si\/oto\/wp-content\/uploads\/sites\/6\/2020\/12\/S\u030cpelaHudobivnik.jpg","width":1684,"height":1090},{"@type":"WebPage","@id":"https:\/\/www.ntf.uni-lj.si\/oto\/news\/mala-crna-obleka-nagrajenci\/#webpage","url":"https:\/\/www.ntf.uni-lj.si\/oto\/news\/mala-crna-obleka-nagrajenci\/","name":"MALA \u010cRNA OBLEKA - NAGRAJENCI - OTO","isPartOf":{"@id":"https:\/\/www.ntf.uni-lj.si\/oto\/en\/#website"},"primaryImageOfPage":{"@id":"https:\/\/www.ntf.uni-lj.si\/oto\/news\/mala-crna-obleka-nagrajenci\/#primaryimage"},"datePublished":"2020-12-02T12:00:07+00:00","dateModified":"2020-12-02T12:18:54+00:00","breadcrumb":{"@id":"https:\/\/www.ntf.uni-lj.si\/oto\/news\/mala-crna-obleka-nagrajenci\/#breadcrumb"},"inLanguage":"en-US","potentialAction":[{"@type":"ReadAction","target":["https:\/\/www.ntf.uni-lj.si\/oto\/news\/mala-crna-obleka-nagrajenci\/"]}]},{"@type":"BreadcrumbList","@id":"https:\/\/www.ntf.uni-lj.si\/oto\/news\/mala-crna-obleka-nagrajenci\/#breadcrumb","itemListElement":[{"@type":"ListItem","position":1,"name":"Home","item":"https:\/\/www.ntf.uni-lj.si\/oto\/en\/"},{"@type":"ListItem","position":2,"name":"Novice","item":"https:\/\/www.ntf.uni-lj.si\/oto\/news\/"},{"@type":"ListItem","position":3,"name":"MALA \u010cRNA OBLEKA &#8211; NAGRAJENCI"}]}]}},"_links":{"self":[{"href":"https:\/\/www.ntf.uni-lj.si\/oto\/wp-json\/wp\/v2\/news\/16499"}],"collection":[{"href":"https:\/\/www.ntf.uni-lj.si\/oto\/wp-json\/wp\/v2\/news"}],"about":[{"href":"https:\/\/www.ntf.uni-lj.si\/oto\/wp-json\/wp\/v2\/types\/news"}],"author":[{"embeddable":true,"href":"https:\/\/www.ntf.uni-lj.si\/oto\/wp-json\/wp\/v2\/users\/27"}],"version-history":[{"count":7,"href":"https:\/\/www.ntf.uni-lj.si\/oto\/wp-json\/wp\/v2\/news\/16499\/revisions"}],"predecessor-version":[{"id":16516,"href":"https:\/\/www.ntf.uni-lj.si\/oto\/wp-json\/wp\/v2\/news\/16499\/revisions\/16516"}],"wp:featuredmedia":[{"embeddable":true,"href":"https:\/\/www.ntf.uni-lj.si\/oto\/wp-json\/wp\/v2\/media\/16509"}],"wp:attachment":[{"href":"https:\/\/www.ntf.uni-lj.si\/oto\/wp-json\/wp\/v2\/media?parent=16499"}],"wp:term":[{"taxonomy":"category","embeddable":true,"href":"https:\/\/www.ntf.uni-lj.si\/oto\/wp-json\/wp\/v2\/categories?post=16499"}],"curies":[{"name":"wp","href":"https:\/\/api.w.org\/{rel}","templated":true}]}}