{"id":16519,"date":"2021-01-15T11:09:18","date_gmt":"2021-01-15T10:09:18","guid":{"rendered":"http:\/\/www.ntf.uni-lj.si\/oto\/?post_type=news&#038;p=16519"},"modified":"2021-01-23T09:04:26","modified_gmt":"2021-01-23T08:04:26","slug":"13-informativa","status":"publish","type":"news","link":"https:\/\/www.ntf.uni-lj.si\/oto\/news\/13-informativa\/","title":{"rendered":"13. INFORMATIVA"},"content":{"rendered":"<p><strong>Leto\u0161nja Informativa bo potekala virtualno v petek in soboto, 22. in 23. januarja 2021.<\/strong> Vabljeni k obisku stojnice Naravoslovnotehni\u0161ke fakultete, kjer boste na\u0161li vse informacije o \u0161tudiju ter zanimivosti s podro\u010dja, poklepetali pa boste lahko z zaposlenimi in \u0161tudenti.<\/p>\n<p>Informativa bo dostopna na povezavi <a href=\"https:\/\/www.informativa.si\/?fbclid=IwAR1lQgP8xPWIR2ypHw0ke80uP8MLTwjaPtbmvKAVd32lp0wxv42IYdyyIdk\"><strong>www.informativa.si<\/strong><\/a>. Vstop na spletno stran dogodka bo brezpla\u010den in povsem enostaven.<\/p>\n<p>Hkrati ste vabljeni da, se nam pridru\u017eite v spletni <a href=\"https:\/\/uni-lj-si.zoom.us\/j\/96426600778?pwd=RDI4L0psN0cwY05TcW5Vcm53MVIxdz09\"><strong>ZOOM klepetalnici<\/strong><\/a>\u00a0v petek, 22. 1., in soboto, 23. 1. 2021, na Informativi.<br \/>\n.<br \/>\nV klepetalnici bodo na voljo za odgovore na tvoja vpra\u0161anja in predstavitev \u0161tudija \u0161tudentje Oblikovanja tekstilij in obla\u010dil:<\/p>\n<p><strong>PETEK, 22. 1. 21<\/strong>:<br \/>\n9. 00 \u2013 14.00 <strong>Ga\u0161per Gaj\u0161ek<\/strong><br \/>\n12. 00: Multidisciplinarnost \u0161tudija: predstavitev \u0161tudija Oblikovanja tekstilij in obla\u010dil skozi multidisciplinarne projekte Garnir 2 (Ga\u0161per Gaj\u0161ek)<br \/>\n14.00 \u2013 18.00 <strong>\u0160pela Hudobivnik<\/strong><br \/>\n15.00: Od ideje do podobe: predstavitev \u0161tudija Oblikovanja tekstilij in obla\u010dil skozi projekte \u0161tudentke \u0160pele Hudobivnik<\/p>\n<p>&nbsp;<br \/>\n<strong>SOBOTA, 23. 1. 21:<\/strong><br \/>\n9.00 \u2013 14.00 <strong>Zala Hrastar<\/strong><br \/>\n11.00: Oblikovanje obla\u010dil in trajnost: predstavitev \u0161tudija Oblikovanja tekstilij in obla\u010dil skozi projekte \u0161tudentke Zale Hrastar<br \/>\n14.00 &#8211; 18.00 <strong>Ga\u0161par Marini\u010d<\/strong><br \/>\n15.00: \u0160tudij oblikovanja tekstilij in obla\u010dil v \u010dasu pandemije: predstavitev \u0161tudija Oblikovanja tekstilij in obla\u010dil skozi projekte \u0161tudenta Ga\u0161parja Marini\u010da<\/p>\n<p>&nbsp;<br \/>\nPRISR\u010cNO VABLJENI!<\/p>\n","protected":false},"excerpt":{"rendered":"Leto\u0161nja Informativa bo potekala virtualno v petek in soboto, 22. in 23. januarja 2021. Vabljeni k obisku stojnice Naravoslovnotehni\u0161ke fakultete, kjer boste na\u0161li vse informacije o \u0161tudiju ter zanimivosti s podro\u010dja, poklepetali pa boste lahko z zaposlenimi in \u0161tudenti. Informativa bo dostopna na povezavi www.informativa.si. Vstop na spletno stran dogodka bo brezpla\u010den in povsem enostaven. &#8230; <a class=\"view-article\" href=\"https:\/\/www.ntf.uni-lj.si\/oto\/news\/13-informativa\/\">Read more<\/a>","protected":false},"author":27,"featured_media":16520,"template":"","categories":[],"class_list":["post-16519","news","type-news","status-publish","has-post-thumbnail","hentry"],"acf":[],"_links":{"self":[{"href":"https:\/\/www.ntf.uni-lj.si\/oto\/wp-json\/wp\/v2\/news\/16519","targetHints":{"allow":["GET"]}}],"collection":[{"href":"https:\/\/www.ntf.uni-lj.si\/oto\/wp-json\/wp\/v2\/news"}],"about":[{"href":"https:\/\/www.ntf.uni-lj.si\/oto\/wp-json\/wp\/v2\/types\/news"}],"author":[{"embeddable":true,"href":"https:\/\/www.ntf.uni-lj.si\/oto\/wp-json\/wp\/v2\/users\/27"}],"version-history":[{"count":9,"href":"https:\/\/www.ntf.uni-lj.si\/oto\/wp-json\/wp\/v2\/news\/16519\/revisions"}],"predecessor-version":[{"id":16559,"href":"https:\/\/www.ntf.uni-lj.si\/oto\/wp-json\/wp\/v2\/news\/16519\/revisions\/16559"}],"wp:featuredmedia":[{"embeddable":true,"href":"https:\/\/www.ntf.uni-lj.si\/oto\/wp-json\/wp\/v2\/media\/16520"}],"wp:attachment":[{"href":"https:\/\/www.ntf.uni-lj.si\/oto\/wp-json\/wp\/v2\/media?parent=16519"}],"wp:term":[{"taxonomy":"category","embeddable":true,"href":"https:\/\/www.ntf.uni-lj.si\/oto\/wp-json\/wp\/v2\/categories?post=16519"}],"curies":[{"name":"wp","href":"https:\/\/api.w.org\/{rel}","templated":true}]}}