{"id":17995,"date":"2022-03-01T10:36:58","date_gmt":"2022-03-01T09:36:58","guid":{"rendered":"https:\/\/www.ntf.uni-lj.si\/oto\/?post_type=news&#038;p=17995"},"modified":"2022-03-07T13:54:34","modified_gmt":"2022-03-07T12:54:34","slug":"petra-jeric-refashion","status":"publish","type":"news","link":"https:\/\/www.ntf.uni-lj.si\/oto\/news\/petra-jeric-refashion\/","title":{"rendered":"PETRA JERI\u010c : REFASHION"},"content":{"rendered":"<h3>PETRA JERI\u010c : REFASHION<\/h3>\n<p><strong>Povezovalnica, Gornji trg 4, Ljubljana<\/strong><\/p>\n<p><strong>21.2.2022 &#8211; 5.3.2022<\/strong><\/p>\n<p><strong>Odprto: pon, pet: 17.00-20.00, sre, sob: 10:00-13.00<\/strong><\/p>\n<p><a href=\"https:\/\/www.facebook.com\/Biopolymer.application\/videos\/672181613976443\/\"><strong>Refashion<\/strong><\/a> je razstava modne in tekstilne oblikovalke <strong>Petre Jeri\u010d<\/strong>, ki je nastala na podlagi njenega magistrskega dela z naslovom <strong>Trajnostna biorazgradljiva obla\u010dila za modno znamko Vivre<\/strong> na <strong><a href=\"https:\/\/www.ntf.uni-lj.si\/\">Naravoslovnotehni\u0161ki fakulteti Univerze v Ljubljani<\/a><\/strong> pod mentorstvom <strong>prof. Elene Fajt<\/strong> in v sodelovanju s <strong><a href=\"https:\/\/www.ki.si\/\">Kemijskim in\u0161titutom v Ljubljani<\/a><\/strong> pod somentorstvom <strong>dr. Uro\u0161a Novaka<\/strong>.<\/p>\n<p>Moda, ki se v svojem bistvu poigrava z lepoto in estetiko, je danes zaradi trenda hitre mode, in z njo povezanimi te\u017eavami, izgubila svoj pravi pomen. \u010ceprav je problematika zelo kompleksna, avtorica razstave verjame, da je prihodnost svetla, \u010de bomo le za\u010deli korenito ukrepati in bomo <strong>spremenili modni sistem<\/strong>. Z razstavo oblikovalka postavlja nove temelje za prijaznej\u0161o, \u010distej\u0161o in pravi\u010dnej\u0161o modo, ki jo vidi predvsem v znanstvenem napredku novih veganskih biomaterialov in biorazgradljivih obla\u010dil. Na razstavi predstavlja obla\u010dila in lastne <strong>bioplasti\u010dne materiale<\/strong> nove generacije, ki vklju\u010dujejo razli\u010dne \u010dutne zaznave. Z izvedbo 100-% biorazgradljivih obla\u010dil in modnih dodatkov avtorica nakazuje na velik potencial <strong>razvoja mode v sonaravni smeri<\/strong>.<\/p>\n<p><strong>Foto:<\/strong> <span style=\"color: #993366\">Valentina Preziuso<\/span><br \/>\n<strong>Video:<\/strong> <span style=\"color: #993366\">Marta Plasencia<\/span><br \/>\n<strong>Modeli:<\/strong> <span style=\"color: #993366\">Model Group<\/span><\/p>\n<p><strong>Vabljeni!<\/strong><\/p>\n","protected":false},"excerpt":{"rendered":"PETRA JERI\u010c : REFASHION Povezovalnica, Gornji trg 4, Ljubljana 21.2.2022 &#8211; 5.3.2022 Odprto: pon, pet: 17.00-20.00, sre, sob: 10:00-13.00 Refashion je razstava modne in tekstilne oblikovalke Petre Jeri\u010d, ki je nastala na podlagi njenega magistrskega dela z naslovom Trajnostna biorazgradljiva obla\u010dila za modno znamko Vivre na Naravoslovnotehni\u0161ki fakulteti Univerze v Ljubljani pod mentorstvom prof. Elene &#8230; <a class=\"view-article\" href=\"https:\/\/www.ntf.uni-lj.si\/oto\/news\/petra-jeric-refashion\/\">Read more<\/a>","protected":false},"author":27,"featured_media":18027,"template":"","categories":[],"class_list":["post-17995","news","type-news","status-publish","has-post-thumbnail","hentry"],"acf":[],"_links":{"self":[{"href":"https:\/\/www.ntf.uni-lj.si\/oto\/wp-json\/wp\/v2\/news\/17995","targetHints":{"allow":["GET"]}}],"collection":[{"href":"https:\/\/www.ntf.uni-lj.si\/oto\/wp-json\/wp\/v2\/news"}],"about":[{"href":"https:\/\/www.ntf.uni-lj.si\/oto\/wp-json\/wp\/v2\/types\/news"}],"author":[{"embeddable":true,"href":"https:\/\/www.ntf.uni-lj.si\/oto\/wp-json\/wp\/v2\/users\/27"}],"version-history":[{"count":15,"href":"https:\/\/www.ntf.uni-lj.si\/oto\/wp-json\/wp\/v2\/news\/17995\/revisions"}],"predecessor-version":[{"id":18040,"href":"https:\/\/www.ntf.uni-lj.si\/oto\/wp-json\/wp\/v2\/news\/17995\/revisions\/18040"}],"wp:featuredmedia":[{"embeddable":true,"href":"https:\/\/www.ntf.uni-lj.si\/oto\/wp-json\/wp\/v2\/media\/18027"}],"wp:attachment":[{"href":"https:\/\/www.ntf.uni-lj.si\/oto\/wp-json\/wp\/v2\/media?parent=17995"}],"wp:term":[{"taxonomy":"category","embeddable":true,"href":"https:\/\/www.ntf.uni-lj.si\/oto\/wp-json\/wp\/v2\/categories?post=17995"}],"curies":[{"name":"wp","href":"https:\/\/api.w.org\/{rel}","templated":true}]}}