{"id":18049,"date":"2022-04-05T13:18:36","date_gmt":"2022-04-05T11:18:36","guid":{"rendered":"https:\/\/www.ntf.uni-lj.si\/oto\/?post_type=news&#038;p=18049"},"modified":"2022-04-05T13:28:09","modified_gmt":"2022-04-05T11:28:09","slug":"garnir2-doma-nam-je-lepo","status":"publish","type":"news","link":"https:\/\/www.ntf.uni-lj.si\/oto\/news\/garnir2-doma-nam-je-lepo\/","title":{"rendered":"GARNIR2: DOMA NAM JE LEPO"},"content":{"rendered":"<p><strong>Voden ogled po razstavi<\/strong><\/p>\n<p><strong>GARNIR2: DOMA NAM JE LEPO<\/strong><\/p>\n<p><strong>V sredo, 6. 4. 2022 ob 14. uri, ste prisr\u010dno vabljeni na voden ogled razstave, kjer vam bosta avtorja predstavila ozadje in rezultate projekta <a href=\"https:\/\/www.kotofolio.si\/project\/cirkus-doma-nam-je-lepous\/\">Garnir2: Doma nam je lepo<\/a>, ki se nahaja v 5. in 6. nadstropju OTGO na Sne\u017eni\u0161ki 5.<\/strong><\/p>\n<p><strong>Avtorja razstave, Klara Re\u0161eti\u010d in Ga\u0161per Gaj\u0161ek, sta v lanskem letu za svoje magistrsko delo prejela \u0161tudentsko Pre\u0161ernovo nagrado Univerze v Ljubljani, na razstavi si lahko pogledate umetni\u0161ki del njunega dela.<\/strong><\/p>\n<p><strong>Razstava je na ogled do 17. 4. 2022.<\/strong><\/p>\n","protected":false},"excerpt":{"rendered":"Voden ogled po razstavi GARNIR2: DOMA NAM JE LEPO V sredo, 6. 4. 2022 ob 14. uri, ste prisr\u010dno vabljeni na voden ogled razstave, kjer vam bosta avtorja predstavila ozadje in rezultate projekta Garnir2: Doma nam je lepo, ki se nahaja v 5. in 6. nadstropju OTGO na Sne\u017eni\u0161ki 5. Avtorja razstave, Klara Re\u0161eti\u010d in &#8230; <a class=\"view-article\" href=\"https:\/\/www.ntf.uni-lj.si\/oto\/news\/garnir2-doma-nam-je-lepo\/\">Read more<\/a>","protected":false},"author":27,"featured_media":18050,"template":"","categories":[],"acf":[],"yoast_head":"<!-- This site is optimized with the Yoast SEO plugin v17.0 - https:\/\/yoast.com\/wordpress\/plugins\/seo\/ -->\n<meta name=\"robots\" content=\"index, follow, max-snippet:-1, max-image-preview:large, max-video-preview:-1\" \/>\n<link rel=\"canonical\" href=\"https:\/\/www.ntf.uni-lj.si\/oto\/news\/garnir2-doma-nam-je-lepo\/\" \/>\n<meta property=\"og:locale\" content=\"en_US\" \/>\n<meta property=\"og:type\" content=\"article\" \/>\n<meta property=\"og:title\" content=\"GARNIR2: DOMA NAM JE LEPO - OTO\" \/>\n<meta property=\"og:description\" content=\"Voden ogled po razstavi GARNIR2: DOMA NAM JE LEPO V sredo, 6. 4. 2022 ob 14. uri, ste prisr\u010dno vabljeni na voden ogled razstave, kjer vam bosta avtorja predstavila ozadje in rezultate projekta Garnir2: Doma nam je lepo, ki se nahaja v 5. in 6. nadstropju OTGO na Sne\u017eni\u0161ki 5. Avtorja razstave, Klara Re\u0161eti\u010d in ... Read more\" \/>\n<meta property=\"og:url\" content=\"https:\/\/www.ntf.uni-lj.si\/oto\/news\/garnir2-doma-nam-je-lepo\/\" \/>\n<meta property=\"og:site_name\" content=\"OTO\" \/>\n<meta property=\"article:modified_time\" content=\"2022-04-05T11:28:09+00:00\" \/>\n<meta property=\"og:image\" content=\"https:\/\/www.ntf.uni-lj.si\/oto\/wp-content\/uploads\/sites\/6\/2022\/04\/thumbnail_vabilo.jpg\" \/>\n\t<meta property=\"og:image:width\" content=\"958\" \/>\n\t<meta property=\"og:image:height\" content=\"1280\" \/>\n<meta name=\"twitter:label1\" content=\"Est. reading time\" \/>\n\t<meta name=\"twitter:data1\" content=\"1 minute\" \/>\n<script type=\"application\/ld+json\" class=\"yoast-schema-graph\">{\"@context\":\"https:\/\/schema.org\",\"@graph\":[{\"@type\":\"WebSite\",\"@id\":\"https:\/\/www.ntf.uni-lj.si\/oto\/en\/#website\",\"url\":\"https:\/\/www.ntf.uni-lj.si\/oto\/en\/\",\"name\":\"OTO\",\"description\":\"Katedra za oblikovanje tekstilij in obla\\u010dil\",\"potentialAction\":[{\"@type\":\"SearchAction\",\"target\":{\"@type\":\"EntryPoint\",\"urlTemplate\":\"https:\/\/www.ntf.uni-lj.si\/oto\/en\/?s={search_term_string}\"},\"query-input\":\"required name=search_term_string\"}],\"inLanguage\":\"en-US\"},{\"@type\":\"ImageObject\",\"@id\":\"https:\/\/www.ntf.uni-lj.si\/oto\/news\/garnir2-doma-nam-je-lepo\/#primaryimage\",\"inLanguage\":\"en-US\",\"url\":\"https:\/\/www.ntf.uni-lj.si\/oto\/wp-content\/uploads\/sites\/6\/2022\/04\/thumbnail_vabilo.jpg\",\"contentUrl\":\"https:\/\/www.ntf.uni-lj.si\/oto\/wp-content\/uploads\/sites\/6\/2022\/04\/thumbnail_vabilo.jpg\",\"width\":958,\"height\":1280,\"caption\":\"Vabilo Garnir2: Doma nam je lepo\"},{\"@type\":\"WebPage\",\"@id\":\"https:\/\/www.ntf.uni-lj.si\/oto\/news\/garnir2-doma-nam-je-lepo\/#webpage\",\"url\":\"https:\/\/www.ntf.uni-lj.si\/oto\/news\/garnir2-doma-nam-je-lepo\/\",\"name\":\"GARNIR2: DOMA NAM JE LEPO - OTO\",\"isPartOf\":{\"@id\":\"https:\/\/www.ntf.uni-lj.si\/oto\/en\/#website\"},\"primaryImageOfPage\":{\"@id\":\"https:\/\/www.ntf.uni-lj.si\/oto\/news\/garnir2-doma-nam-je-lepo\/#primaryimage\"},\"datePublished\":\"2022-04-05T11:18:36+00:00\",\"dateModified\":\"2022-04-05T11:28:09+00:00\",\"breadcrumb\":{\"@id\":\"https:\/\/www.ntf.uni-lj.si\/oto\/news\/garnir2-doma-nam-je-lepo\/#breadcrumb\"},\"inLanguage\":\"en-US\",\"potentialAction\":[{\"@type\":\"ReadAction\",\"target\":[\"https:\/\/www.ntf.uni-lj.si\/oto\/news\/garnir2-doma-nam-je-lepo\/\"]}]},{\"@type\":\"BreadcrumbList\",\"@id\":\"https:\/\/www.ntf.uni-lj.si\/oto\/news\/garnir2-doma-nam-je-lepo\/#breadcrumb\",\"itemListElement\":[{\"@type\":\"ListItem\",\"position\":1,\"name\":\"Home\",\"item\":\"https:\/\/www.ntf.uni-lj.si\/oto\/en\/\"},{\"@type\":\"ListItem\",\"position\":2,\"name\":\"Novice\",\"item\":\"https:\/\/www.ntf.uni-lj.si\/oto\/news\/\"},{\"@type\":\"ListItem\",\"position\":3,\"name\":\"GARNIR2: DOMA NAM JE LEPO\"}]}]}<\/script>\n<!-- \/ Yoast SEO plugin. -->","yoast_head_json":{"robots":{"index":"index","follow":"follow","max-snippet":"max-snippet:-1","max-image-preview":"max-image-preview:large","max-video-preview":"max-video-preview:-1"},"canonical":"https:\/\/www.ntf.uni-lj.si\/oto\/news\/garnir2-doma-nam-je-lepo\/","og_locale":"en_US","og_type":"article","og_title":"GARNIR2: DOMA NAM JE LEPO - OTO","og_description":"Voden ogled po razstavi GARNIR2: DOMA NAM JE LEPO V sredo, 6. 4. 2022 ob 14. uri, ste prisr\u010dno vabljeni na voden ogled razstave, kjer vam bosta avtorja predstavila ozadje in rezultate projekta Garnir2: Doma nam je lepo, ki se nahaja v 5. in 6. nadstropju OTGO na Sne\u017eni\u0161ki 5. Avtorja razstave, Klara Re\u0161eti\u010d in ... Read more","og_url":"https:\/\/www.ntf.uni-lj.si\/oto\/news\/garnir2-doma-nam-je-lepo\/","og_site_name":"OTO","article_modified_time":"2022-04-05T11:28:09+00:00","og_image":[{"width":958,"height":1280,"url":"https:\/\/www.ntf.uni-lj.si\/oto\/wp-content\/uploads\/sites\/6\/2022\/04\/thumbnail_vabilo.jpg","path":"\/web\/html\/ntf\/public_html\/wp-content\/uploads\/sites\/6\/2022\/04\/thumbnail_vabilo.jpg","size":"full","id":18050,"alt":"Vabilo Garnir2: Doma nam je lepo","pixels":1226240,"type":"image\/jpeg"}],"twitter_misc":{"Est. reading time":"1 minute"},"schema":{"@context":"https:\/\/schema.org","@graph":[{"@type":"WebSite","@id":"https:\/\/www.ntf.uni-lj.si\/oto\/en\/#website","url":"https:\/\/www.ntf.uni-lj.si\/oto\/en\/","name":"OTO","description":"Katedra za oblikovanje tekstilij in obla\u010dil","potentialAction":[{"@type":"SearchAction","target":{"@type":"EntryPoint","urlTemplate":"https:\/\/www.ntf.uni-lj.si\/oto\/en\/?s={search_term_string}"},"query-input":"required name=search_term_string"}],"inLanguage":"en-US"},{"@type":"ImageObject","@id":"https:\/\/www.ntf.uni-lj.si\/oto\/news\/garnir2-doma-nam-je-lepo\/#primaryimage","inLanguage":"en-US","url":"https:\/\/www.ntf.uni-lj.si\/oto\/wp-content\/uploads\/sites\/6\/2022\/04\/thumbnail_vabilo.jpg","contentUrl":"https:\/\/www.ntf.uni-lj.si\/oto\/wp-content\/uploads\/sites\/6\/2022\/04\/thumbnail_vabilo.jpg","width":958,"height":1280,"caption":"Vabilo Garnir2: Doma nam je lepo"},{"@type":"WebPage","@id":"https:\/\/www.ntf.uni-lj.si\/oto\/news\/garnir2-doma-nam-je-lepo\/#webpage","url":"https:\/\/www.ntf.uni-lj.si\/oto\/news\/garnir2-doma-nam-je-lepo\/","name":"GARNIR2: DOMA NAM JE LEPO - OTO","isPartOf":{"@id":"https:\/\/www.ntf.uni-lj.si\/oto\/en\/#website"},"primaryImageOfPage":{"@id":"https:\/\/www.ntf.uni-lj.si\/oto\/news\/garnir2-doma-nam-je-lepo\/#primaryimage"},"datePublished":"2022-04-05T11:18:36+00:00","dateModified":"2022-04-05T11:28:09+00:00","breadcrumb":{"@id":"https:\/\/www.ntf.uni-lj.si\/oto\/news\/garnir2-doma-nam-je-lepo\/#breadcrumb"},"inLanguage":"en-US","potentialAction":[{"@type":"ReadAction","target":["https:\/\/www.ntf.uni-lj.si\/oto\/news\/garnir2-doma-nam-je-lepo\/"]}]},{"@type":"BreadcrumbList","@id":"https:\/\/www.ntf.uni-lj.si\/oto\/news\/garnir2-doma-nam-je-lepo\/#breadcrumb","itemListElement":[{"@type":"ListItem","position":1,"name":"Home","item":"https:\/\/www.ntf.uni-lj.si\/oto\/en\/"},{"@type":"ListItem","position":2,"name":"Novice","item":"https:\/\/www.ntf.uni-lj.si\/oto\/news\/"},{"@type":"ListItem","position":3,"name":"GARNIR2: DOMA NAM JE LEPO"}]}]}},"_links":{"self":[{"href":"https:\/\/www.ntf.uni-lj.si\/oto\/wp-json\/wp\/v2\/news\/18049"}],"collection":[{"href":"https:\/\/www.ntf.uni-lj.si\/oto\/wp-json\/wp\/v2\/news"}],"about":[{"href":"https:\/\/www.ntf.uni-lj.si\/oto\/wp-json\/wp\/v2\/types\/news"}],"author":[{"embeddable":true,"href":"https:\/\/www.ntf.uni-lj.si\/oto\/wp-json\/wp\/v2\/users\/27"}],"version-history":[{"count":4,"href":"https:\/\/www.ntf.uni-lj.si\/oto\/wp-json\/wp\/v2\/news\/18049\/revisions"}],"predecessor-version":[{"id":18062,"href":"https:\/\/www.ntf.uni-lj.si\/oto\/wp-json\/wp\/v2\/news\/18049\/revisions\/18062"}],"wp:featuredmedia":[{"embeddable":true,"href":"https:\/\/www.ntf.uni-lj.si\/oto\/wp-json\/wp\/v2\/media\/18050"}],"wp:attachment":[{"href":"https:\/\/www.ntf.uni-lj.si\/oto\/wp-json\/wp\/v2\/media?parent=18049"}],"wp:term":[{"taxonomy":"category","embeddable":true,"href":"https:\/\/www.ntf.uni-lj.si\/oto\/wp-json\/wp\/v2\/categories?post=18049"}],"curies":[{"name":"wp","href":"https:\/\/api.w.org\/{rel}","templated":true}]}}