{"id":18160,"date":"2022-04-13T15:32:29","date_gmt":"2022-04-13T13:32:29","guid":{"rendered":"https:\/\/www.ntf.uni-lj.si\/oto\/?post_type=news&#038;p=18160"},"modified":"2022-04-25T15:39:26","modified_gmt":"2022-04-25T13:39:26","slug":"prihodnost-se-zacne-zdaj","status":"publish","type":"news","link":"https:\/\/www.ntf.uni-lj.si\/oto\/news\/prihodnost-se-zacne-zdaj\/","title":{"rendered":"PRIHODNOST SE ZA\u010cNE ZDAJ"},"content":{"rendered":"<div class=\"text-content first-item\">\n<p><strong>Prisr\u010dno vabljeni na otvoritev<\/strong><\/p>\n<p><strong>MEDNARODNE RAZSTAVE TRAJNOSTNEGA OBLIKOVANJA \/ <\/strong><strong>INTERNATIONAL EXHIBITION OF SUSTAINABLE DESIGN<\/strong><\/p>\n<p><strong>\u0161tudentov oblikovanja tekstilij in obla\u010dil z naslovom<\/strong><\/p>\n<h3><strong>\u00bbPRIHODNOST SE ZA\u010cNE ZDAJ\u00ab \u00bbTHE FUTURE BEGINS NOW\u00ab<\/strong><\/h3>\n<p><strong>Otvoritev razstave v sklopu Ljubljanskega tedna mode (<a href=\"https:\/\/ljfw.org\/events\/prihodnost-se-zacne-zdaj-2\/\">LJFW<\/a>) bo v Ponedeljek \/ Monday, 11\/4\/2022 ob 17.00 <\/strong><\/p>\n<p><strong>v razstavno prodajno prostorih Velana Living, \u0160martinska cesta 52, Ljubljana.<\/strong><\/p>\n<p><strong>Razstava bo na ogled do 14\/4\/2022.<\/strong><\/p>\n<p>Kuratorki: <strong>Fanny Fazekas<\/strong>, <strong>Elena Fajt<\/strong><\/p>\n<p>Na razstavi \u0161tudentov oblikovanja tekstilij in obla\u010dil, OTGO, NTF, Univerze v<br \/>\nLjubljani bodo predstavljeni projekti:<\/p>\n<p><strong>1<\/strong>\/\/<strong> RE : OLIMPIJA<\/strong><br \/>\nmetorice: Almira Sadar, Nata\u0161a Per\u0161uh, Elena Fajt, Petja Zorec, Nata\u0161a Hrupi\u010d, Alenka More<\/p>\n<p><strong>2<\/strong>\/\/ <strong>VIVRE<\/strong><br \/>\navtorica: <strong>Petra Jeri\u010d<\/strong>, KOTO, OTGO, NTF, Univerza v Ljubljani, mentorji: Elena Fajt, Uro\u0161 Novak, Alenka More<\/p>\n<p><strong>3<\/strong>\/\/ <b>LEFTOVER<\/b><br \/>\navtorica: <strong>Tanja Vidic<\/strong>, KOTO, OTGO, NTF, Univerza v Ljubljani, mentorica: Elena Fajt<\/p>\n<p><strong>4<\/strong>\/\/ <strong>SPREHOD MED SPOMINI\/WALK THROUGH MEMORIES<\/strong><br \/>\navtorica: <strong>Zala Hrastar<\/strong>, KOTO, OTGO, NTF, Univerza v Ljubljani, mentorice: Marija Jenko, Katja Burger Kovi\u010d, Arijana Gad\u017eijev<\/p>\n<p><strong>5<\/strong>\/\/\u00a0<strong>VIRTUALNA OBLA\u010cILA\/VIRTUAL CLOTHING<\/strong><br \/>\navtorica: <strong>Ela Vehovec<\/strong>, KOTO, OTGO, NTF, Univerza v Ljubljani, mentorice: Elena Fajt, Tanja Nu\u0161a Ko\u010devar, Alenka More<\/p>\n<p><strong>Za ogled mednarodne razstave ne potrebujete vabil in vstopnic. Dogodek je odprtega tipa. Dobrodo\u0161li!<\/strong><\/p>\n<\/div>\n","protected":false},"excerpt":{"rendered":"Prisr\u010dno vabljeni na otvoritev MEDNARODNE RAZSTAVE TRAJNOSTNEGA OBLIKOVANJA \/ INTERNATIONAL EXHIBITION OF SUSTAINABLE DESIGN \u0161tudentov oblikovanja tekstilij in obla\u010dil z naslovom \u00bbPRIHODNOST SE ZA\u010cNE ZDAJ\u00ab \u00bbTHE FUTURE BEGINS NOW\u00ab Otvoritev razstave v sklopu Ljubljanskega tedna mode (LJFW) bo v Ponedeljek \/ Monday, 11\/4\/2022 ob 17.00 v razstavno prodajno prostorih Velana Living, \u0160martinska cesta 52, Ljubljana. &#8230; <a class=\"view-article\" href=\"https:\/\/www.ntf.uni-lj.si\/oto\/news\/prihodnost-se-zacne-zdaj\/\">Read more<\/a>","protected":false},"author":27,"featured_media":18161,"template":"","categories":[338],"acf":[],"yoast_head":"<!-- This site is optimized with the Yoast SEO plugin v17.0 - https:\/\/yoast.com\/wordpress\/plugins\/seo\/ -->\n<meta name=\"robots\" content=\"index, follow, max-snippet:-1, max-image-preview:large, max-video-preview:-1\" \/>\n<link rel=\"canonical\" href=\"https:\/\/www.ntf.uni-lj.si\/oto\/news\/prihodnost-se-zacne-zdaj\/\" \/>\n<meta property=\"og:locale\" content=\"en_US\" \/>\n<meta property=\"og:type\" content=\"article\" \/>\n<meta property=\"og:title\" content=\"PRIHODNOST SE ZA\u010cNE ZDAJ - OTO\" \/>\n<meta property=\"og:description\" content=\"Prisr\u010dno vabljeni na otvoritev MEDNARODNE RAZSTAVE TRAJNOSTNEGA OBLIKOVANJA \/ INTERNATIONAL EXHIBITION OF SUSTAINABLE DESIGN \u0161tudentov oblikovanja tekstilij in obla\u010dil z naslovom \u00bbPRIHODNOST SE ZA\u010cNE ZDAJ\u00ab \u00bbTHE FUTURE BEGINS NOW\u00ab Otvoritev razstave v sklopu Ljubljanskega tedna mode (LJFW) bo v Ponedeljek \/ Monday, 11\/4\/2022 ob 17.00 v razstavno prodajno prostorih Velana Living, \u0160martinska cesta 52, Ljubljana. ... Read more\" \/>\n<meta property=\"og:url\" content=\"https:\/\/www.ntf.uni-lj.si\/oto\/news\/prihodnost-se-zacne-zdaj\/\" \/>\n<meta property=\"og:site_name\" content=\"OTO\" \/>\n<meta property=\"article:modified_time\" content=\"2022-04-25T13:39:26+00:00\" \/>\n<meta property=\"og:image\" content=\"https:\/\/www.ntf.uni-lj.si\/oto\/wp-content\/uploads\/sites\/6\/2022\/04\/VABILO-na-razstavo-PRIHODNOST-SE-ZACNE-ZDAJ.jpg\" \/>\n\t<meta property=\"og:image:width\" content=\"1440\" \/>\n\t<meta property=\"og:image:height\" content=\"1440\" \/>\n<meta name=\"twitter:label1\" content=\"Est. reading time\" \/>\n\t<meta name=\"twitter:data1\" content=\"1 minute\" \/>\n<script type=\"application\/ld+json\" class=\"yoast-schema-graph\">{\"@context\":\"https:\/\/schema.org\",\"@graph\":[{\"@type\":\"WebSite\",\"@id\":\"https:\/\/www.ntf.uni-lj.si\/oto\/en\/#website\",\"url\":\"https:\/\/www.ntf.uni-lj.si\/oto\/en\/\",\"name\":\"OTO\",\"description\":\"Katedra za oblikovanje tekstilij in obla\\u010dil\",\"potentialAction\":[{\"@type\":\"SearchAction\",\"target\":{\"@type\":\"EntryPoint\",\"urlTemplate\":\"https:\/\/www.ntf.uni-lj.si\/oto\/en\/?s={search_term_string}\"},\"query-input\":\"required name=search_term_string\"}],\"inLanguage\":\"en-US\"},{\"@type\":\"ImageObject\",\"@id\":\"https:\/\/www.ntf.uni-lj.si\/oto\/news\/prihodnost-se-zacne-zdaj\/#primaryimage\",\"inLanguage\":\"en-US\",\"url\":\"https:\/\/www.ntf.uni-lj.si\/oto\/wp-content\/uploads\/sites\/6\/2022\/04\/VABILO-na-razstavo-PRIHODNOST-SE-ZACNE-ZDAJ.jpg\",\"contentUrl\":\"https:\/\/www.ntf.uni-lj.si\/oto\/wp-content\/uploads\/sites\/6\/2022\/04\/VABILO-na-razstavo-PRIHODNOST-SE-ZACNE-ZDAJ.jpg\",\"width\":1440,\"height\":1440,\"caption\":\"VABILO na razstavo PRIHODNOST SE ZA\\u010cNE ZDAJ\"},{\"@type\":\"WebPage\",\"@id\":\"https:\/\/www.ntf.uni-lj.si\/oto\/news\/prihodnost-se-zacne-zdaj\/#webpage\",\"url\":\"https:\/\/www.ntf.uni-lj.si\/oto\/news\/prihodnost-se-zacne-zdaj\/\",\"name\":\"PRIHODNOST SE ZA\\u010cNE ZDAJ - OTO\",\"isPartOf\":{\"@id\":\"https:\/\/www.ntf.uni-lj.si\/oto\/en\/#website\"},\"primaryImageOfPage\":{\"@id\":\"https:\/\/www.ntf.uni-lj.si\/oto\/news\/prihodnost-se-zacne-zdaj\/#primaryimage\"},\"datePublished\":\"2022-04-13T13:32:29+00:00\",\"dateModified\":\"2022-04-25T13:39:26+00:00\",\"breadcrumb\":{\"@id\":\"https:\/\/www.ntf.uni-lj.si\/oto\/news\/prihodnost-se-zacne-zdaj\/#breadcrumb\"},\"inLanguage\":\"en-US\",\"potentialAction\":[{\"@type\":\"ReadAction\",\"target\":[\"https:\/\/www.ntf.uni-lj.si\/oto\/news\/prihodnost-se-zacne-zdaj\/\"]}]},{\"@type\":\"BreadcrumbList\",\"@id\":\"https:\/\/www.ntf.uni-lj.si\/oto\/news\/prihodnost-se-zacne-zdaj\/#breadcrumb\",\"itemListElement\":[{\"@type\":\"ListItem\",\"position\":1,\"name\":\"Home\",\"item\":\"https:\/\/www.ntf.uni-lj.si\/oto\/en\/\"},{\"@type\":\"ListItem\",\"position\":2,\"name\":\"Novice\",\"item\":\"https:\/\/www.ntf.uni-lj.si\/oto\/news\/\"},{\"@type\":\"ListItem\",\"position\":3,\"name\":\"PRIHODNOST SE ZA\\u010cNE ZDAJ\"}]}]}<\/script>\n<!-- \/ Yoast SEO plugin. -->","yoast_head_json":{"robots":{"index":"index","follow":"follow","max-snippet":"max-snippet:-1","max-image-preview":"max-image-preview:large","max-video-preview":"max-video-preview:-1"},"canonical":"https:\/\/www.ntf.uni-lj.si\/oto\/news\/prihodnost-se-zacne-zdaj\/","og_locale":"en_US","og_type":"article","og_title":"PRIHODNOST SE ZA\u010cNE ZDAJ - OTO","og_description":"Prisr\u010dno vabljeni na otvoritev MEDNARODNE RAZSTAVE TRAJNOSTNEGA OBLIKOVANJA \/ INTERNATIONAL EXHIBITION OF SUSTAINABLE DESIGN \u0161tudentov oblikovanja tekstilij in obla\u010dil z naslovom \u00bbPRIHODNOST SE ZA\u010cNE ZDAJ\u00ab \u00bbTHE FUTURE BEGINS NOW\u00ab Otvoritev razstave v sklopu Ljubljanskega tedna mode (LJFW) bo v Ponedeljek \/ Monday, 11\/4\/2022 ob 17.00 v razstavno prodajno prostorih Velana Living, \u0160martinska cesta 52, Ljubljana. ... Read more","og_url":"https:\/\/www.ntf.uni-lj.si\/oto\/news\/prihodnost-se-zacne-zdaj\/","og_site_name":"OTO","article_modified_time":"2022-04-25T13:39:26+00:00","og_image":[{"width":1440,"height":1440,"url":"https:\/\/www.ntf.uni-lj.si\/oto\/wp-content\/uploads\/sites\/6\/2022\/04\/VABILO-na-razstavo-PRIHODNOST-SE-ZACNE-ZDAJ.jpg","path":"\/web\/html\/ntf\/public_html\/wp-content\/uploads\/sites\/6\/2022\/04\/VABILO-na-razstavo-PRIHODNOST-SE-ZACNE-ZDAJ.jpg","size":"full","id":18161,"alt":"","pixels":2073600,"type":"image\/jpeg"}],"twitter_misc":{"Est. reading time":"1 minute"},"schema":{"@context":"https:\/\/schema.org","@graph":[{"@type":"WebSite","@id":"https:\/\/www.ntf.uni-lj.si\/oto\/en\/#website","url":"https:\/\/www.ntf.uni-lj.si\/oto\/en\/","name":"OTO","description":"Katedra za oblikovanje tekstilij in obla\u010dil","potentialAction":[{"@type":"SearchAction","target":{"@type":"EntryPoint","urlTemplate":"https:\/\/www.ntf.uni-lj.si\/oto\/en\/?s={search_term_string}"},"query-input":"required name=search_term_string"}],"inLanguage":"en-US"},{"@type":"ImageObject","@id":"https:\/\/www.ntf.uni-lj.si\/oto\/news\/prihodnost-se-zacne-zdaj\/#primaryimage","inLanguage":"en-US","url":"https:\/\/www.ntf.uni-lj.si\/oto\/wp-content\/uploads\/sites\/6\/2022\/04\/VABILO-na-razstavo-PRIHODNOST-SE-ZACNE-ZDAJ.jpg","contentUrl":"https:\/\/www.ntf.uni-lj.si\/oto\/wp-content\/uploads\/sites\/6\/2022\/04\/VABILO-na-razstavo-PRIHODNOST-SE-ZACNE-ZDAJ.jpg","width":1440,"height":1440,"caption":"VABILO na razstavo PRIHODNOST SE ZA\u010cNE ZDAJ"},{"@type":"WebPage","@id":"https:\/\/www.ntf.uni-lj.si\/oto\/news\/prihodnost-se-zacne-zdaj\/#webpage","url":"https:\/\/www.ntf.uni-lj.si\/oto\/news\/prihodnost-se-zacne-zdaj\/","name":"PRIHODNOST SE ZA\u010cNE ZDAJ - OTO","isPartOf":{"@id":"https:\/\/www.ntf.uni-lj.si\/oto\/en\/#website"},"primaryImageOfPage":{"@id":"https:\/\/www.ntf.uni-lj.si\/oto\/news\/prihodnost-se-zacne-zdaj\/#primaryimage"},"datePublished":"2022-04-13T13:32:29+00:00","dateModified":"2022-04-25T13:39:26+00:00","breadcrumb":{"@id":"https:\/\/www.ntf.uni-lj.si\/oto\/news\/prihodnost-se-zacne-zdaj\/#breadcrumb"},"inLanguage":"en-US","potentialAction":[{"@type":"ReadAction","target":["https:\/\/www.ntf.uni-lj.si\/oto\/news\/prihodnost-se-zacne-zdaj\/"]}]},{"@type":"BreadcrumbList","@id":"https:\/\/www.ntf.uni-lj.si\/oto\/news\/prihodnost-se-zacne-zdaj\/#breadcrumb","itemListElement":[{"@type":"ListItem","position":1,"name":"Home","item":"https:\/\/www.ntf.uni-lj.si\/oto\/en\/"},{"@type":"ListItem","position":2,"name":"Novice","item":"https:\/\/www.ntf.uni-lj.si\/oto\/news\/"},{"@type":"ListItem","position":3,"name":"PRIHODNOST SE ZA\u010cNE ZDAJ"}]}]}},"_links":{"self":[{"href":"https:\/\/www.ntf.uni-lj.si\/oto\/wp-json\/wp\/v2\/news\/18160"}],"collection":[{"href":"https:\/\/www.ntf.uni-lj.si\/oto\/wp-json\/wp\/v2\/news"}],"about":[{"href":"https:\/\/www.ntf.uni-lj.si\/oto\/wp-json\/wp\/v2\/types\/news"}],"author":[{"embeddable":true,"href":"https:\/\/www.ntf.uni-lj.si\/oto\/wp-json\/wp\/v2\/users\/27"}],"version-history":[{"count":8,"href":"https:\/\/www.ntf.uni-lj.si\/oto\/wp-json\/wp\/v2\/news\/18160\/revisions"}],"predecessor-version":[{"id":18170,"href":"https:\/\/www.ntf.uni-lj.si\/oto\/wp-json\/wp\/v2\/news\/18160\/revisions\/18170"}],"wp:featuredmedia":[{"embeddable":true,"href":"https:\/\/www.ntf.uni-lj.si\/oto\/wp-json\/wp\/v2\/media\/18161"}],"wp:attachment":[{"href":"https:\/\/www.ntf.uni-lj.si\/oto\/wp-json\/wp\/v2\/media?parent=18160"}],"wp:term":[{"taxonomy":"category","embeddable":true,"href":"https:\/\/www.ntf.uni-lj.si\/oto\/wp-json\/wp\/v2\/categories?post=18160"}],"curies":[{"name":"wp","href":"https:\/\/api.w.org\/{rel}","templated":true}]}}