{"id":18294,"date":"2022-05-07T00:17:28","date_gmt":"2022-05-06T22:17:28","guid":{"rendered":"https:\/\/www.ntf.uni-lj.si\/oto\/?post_type=news&#038;p=18294"},"modified":"2022-05-09T12:04:32","modified_gmt":"2022-05-09T10:04:32","slug":"avtoportret-v-casu","status":"publish","type":"news","link":"https:\/\/www.ntf.uni-lj.si\/oto\/news\/avtoportret-v-casu\/","title":{"rendered":"AVTOPORTRET V \u010cASU"},"content":{"rendered":"<p>Prisr\u010dno vabljeni na razstavo<\/p>\n<h3>A V T O P O R T R E T\u00a0 \u00a0V\u00a0 \u00a0\u010c A S U<\/h3>\n<p><strong>KOGL &#8211; PODOBE KULTURE IN VINA<\/strong><\/p>\n<p>Svoja dela razstavljajo \u0161tudentke in \u0161tudentje Katedre za oblikovanje tekstilij in obla\u010dil,<br \/>\nUL NTF<\/p>\n<p><strong>V soboto, 7. 5. 2022<\/strong><br \/>\n<strong>12h za\u010detek dru\u017eenja in degustacija<\/strong><br \/>\n<strong>16h otvoritveni ogled del<\/strong><\/p>\n<p>ANA BERWANGER, JOVANA GUNJOVA, KATARINA EKART, KATARINA TOM\u0160I\u010c, KATJA BRADA\u010c, KRISTI KOMEL, LARA KRNC, MONIKA KON\u010cAR, NAJA KEPE\u0160, TAMARA BIZJAN, TASJA VIDEM\u0160EK, TILEN GORENJAK, ZALA JEN\u010cEK, ZARJA \u010cERNE<br \/>\n<strong>mentor: prof. Kirbi\u0161<\/strong><\/p>\n<p><span style=\"color: #000000\"><a style=\"color: #000000\" href=\"http:\/\/www.kogl.net\/si\/domov\"><strong>Kogl, Velika Nedelja<\/strong>.<\/a><\/span><\/p>\n","protected":false},"excerpt":{"rendered":"Prisr\u010dno vabljeni na razstavo A V T O P O R T R E T\u00a0 \u00a0V\u00a0 \u00a0\u010c A S U KOGL &#8211; PODOBE KULTURE IN VINA Svoja dela razstavljajo \u0161tudentke in \u0161tudentje Katedre za oblikovanje tekstilij in obla\u010dil, UL NTF V soboto, 7. 5. 2022 12h za\u010detek dru\u017eenja in degustacija 16h otvoritveni ogled del ANA &#8230; <a class=\"view-article\" href=\"https:\/\/www.ntf.uni-lj.si\/oto\/news\/avtoportret-v-casu\/\">Read more<\/a>","protected":false},"author":27,"featured_media":18311,"template":"","categories":[],"class_list":["post-18294","news","type-news","status-publish","has-post-thumbnail","hentry"],"acf":[],"_links":{"self":[{"href":"https:\/\/www.ntf.uni-lj.si\/oto\/wp-json\/wp\/v2\/news\/18294","targetHints":{"allow":["GET"]}}],"collection":[{"href":"https:\/\/www.ntf.uni-lj.si\/oto\/wp-json\/wp\/v2\/news"}],"about":[{"href":"https:\/\/www.ntf.uni-lj.si\/oto\/wp-json\/wp\/v2\/types\/news"}],"author":[{"embeddable":true,"href":"https:\/\/www.ntf.uni-lj.si\/oto\/wp-json\/wp\/v2\/users\/27"}],"version-history":[{"count":14,"href":"https:\/\/www.ntf.uni-lj.si\/oto\/wp-json\/wp\/v2\/news\/18294\/revisions"}],"predecessor-version":[{"id":18314,"href":"https:\/\/www.ntf.uni-lj.si\/oto\/wp-json\/wp\/v2\/news\/18294\/revisions\/18314"}],"wp:featuredmedia":[{"embeddable":true,"href":"https:\/\/www.ntf.uni-lj.si\/oto\/wp-json\/wp\/v2\/media\/18311"}],"wp:attachment":[{"href":"https:\/\/www.ntf.uni-lj.si\/oto\/wp-json\/wp\/v2\/media?parent=18294"}],"wp:term":[{"taxonomy":"category","embeddable":true,"href":"https:\/\/www.ntf.uni-lj.si\/oto\/wp-json\/wp\/v2\/categories?post=18294"}],"curies":[{"name":"wp","href":"https:\/\/api.w.org\/{rel}","templated":true}]}}