{"id":18505,"date":"2022-06-17T10:28:29","date_gmt":"2022-06-17T08:28:29","guid":{"rendered":"https:\/\/www.ntf.uni-lj.si\/oto\/?post_type=news&#038;p=18505"},"modified":"2022-06-17T12:40:43","modified_gmt":"2022-06-17T10:40:43","slug":"izklekljani-b-lace","status":"publish","type":"news","link":"https:\/\/www.ntf.uni-lj.si\/oto\/news\/izklekljani-b-lace\/","title":{"rendered":"IZKLEKLJANI \/\/ B-LACE"},"content":{"rendered":"<p><strong>Vabljeni na <a href=\"https:\/\/www.festivalidrijskecipke.si\/program\/?fbclid=IwAR12ol37Xu1gHTF1rJhvcQLykivw9zXKftxRSz3LU78oKTPmUGpnbgq-GgI\">40. FESTIVAL IDRIJSKE \u010cIPKE<\/a>, ki se bo odvijal od 17. do 19. junija 2022 v Idriji.<\/strong><\/p>\n<p><strong>Katedra za oblikovanje tekstilij in obla\u010dil Oddelka za tekstilstvo, grafiko in oblikovanje NTF UL na festivalu sodeluje z osrednjo razstavo <\/strong><strong><a href=\"https:\/\/www.festivalidrijskecipke.si\/eventer\/razstava-izkleljani\/edate\/2022-06-17\/?fbclid=IwAR3lFxBaZC7bb9bIDvPugKBf8oAKvLmtTy7Nepwjl4JbmSvgSzjsna7pGuY\">IZKLEKLJANI \/\/ B-LACE<\/a>, ki bo na ogled na Gradu Gewerkenegg, Razstavi\u0161\u010de Nikolaja Pirnata, Prelov\u010deva 9 v Idriji od 17. junija do 31. avgusta 2022. <\/strong><strong>Odprtje razstave bo v petek, 17. 6. 2022 ob 19. uri.<\/strong><\/p>\n<div dir=\"auto\"><\/div>\n<div dir=\"auto\"><\/div>\n<div dir=\"auto\"><strong>Razstava Izklekljani<\/strong> predstavlja izbrane projekte <strong>Street lace<\/strong>, <strong>T-shirt Urbana \u010dipka<\/strong>, <strong>T-shirt II<\/strong>, <strong>Avatar<\/strong>, <strong>Ovratniki<\/strong> ter diplomsko delo \u0160pele Hudobivnik z naslovom <strong>Med \u0161karjeroko in klekljeroko<\/strong>. Povezuje jih skupna zamisel o zdru\u017eevanju tradicionalne idrijske \u010dipke in sodobne mode. \u0160tudenti Katedre za oblikovanje tekstilij in obla\u010dil Oddelka za tekstilstvo, grafiko in oblikovanje so v sodelovanju s klekljaricami ve\u010d stoletij staro tekstilno tehniko klekljanja vsak na svoj na\u010din poustvarili in ji vdahnili mladostno sve\u017eino. Projekti predstavljajo uspe\u0161no sodelovanje med ustvarjalci razli\u010dnih generacij, poklicev in \u017eivljenjskih izku\u0161enj, zdru\u017eujejo ro\u010dne tehnike z novimi tehnologijami, klasi\u010dne materiale z modernimi, tradicionalne motive z nekonvencionalnimi vzorci in barvami ter s tem uveljavljajo prelepo izro\u010dilo preteklosti v sodobnosti. Celostno vizaualno identiteto projekta je oblikoval <strong>Rok Marin\u0161ek<\/strong>.<\/div>\n<div dir=\"auto\"><\/div>\n<div dir=\"auto\"><\/div>\n<div dir=\"auto\"><strong>Predstavljeni projekti so v zadnjih dveh letih nastali v sodelovanju med <a href=\"https:\/\/www.idrija.si\/\">Ob\u010dino Idrija<\/a>, <a href=\"https:\/\/www.facebook.com\/dkic.idrija\/\">Dru\u0161tvom klekljaric idrijske \u010dipke<\/a>, <a href=\"https:\/\/www.cipkarskasola.si\/\">\u010cipkarsko \u0161olo Idrija<\/a> in <a href=\"https:\/\/www.ntf.uni-lj.si\/ntf\/\">Naravoslovnotehni\u0161ko fakulteto Univerze v Ljubljani<\/a>.<\/strong><\/div>\n","protected":false},"excerpt":{"rendered":"Vabljeni na 40. FESTIVAL IDRIJSKE \u010cIPKE, ki se bo odvijal od 17. do 19. junija 2022 v Idriji. Katedra za oblikovanje tekstilij in obla\u010dil Oddelka za tekstilstvo, grafiko in oblikovanje NTF UL na festivalu sodeluje z osrednjo razstavo IZKLEKLJANI \/\/ B-LACE, ki bo na ogled na Gradu Gewerkenegg, Razstavi\u0161\u010de Nikolaja Pirnata, Prelov\u010deva 9 v Idriji &#8230; <a class=\"view-article\" href=\"https:\/\/www.ntf.uni-lj.si\/oto\/news\/izklekljani-b-lace\/\">Read more<\/a>","protected":false},"author":27,"featured_media":18506,"template":"","categories":[],"acf":[],"yoast_head":"<!-- This site is optimized with the Yoast SEO plugin v17.0 - https:\/\/yoast.com\/wordpress\/plugins\/seo\/ -->\n<meta name=\"robots\" content=\"index, follow, max-snippet:-1, max-image-preview:large, max-video-preview:-1\" \/>\n<link rel=\"canonical\" href=\"https:\/\/www.ntf.uni-lj.si\/oto\/news\/izklekljani-b-lace\/\" \/>\n<meta property=\"og:locale\" content=\"en_US\" \/>\n<meta property=\"og:type\" content=\"article\" \/>\n<meta property=\"og:title\" content=\"IZKLEKLJANI \/\/ B-LACE - OTO\" \/>\n<meta property=\"og:description\" content=\"Vabljeni na 40. FESTIVAL IDRIJSKE \u010cIPKE, ki se bo odvijal od 17. do 19. junija 2022 v Idriji. Katedra za oblikovanje tekstilij in obla\u010dil Oddelka za tekstilstvo, grafiko in oblikovanje NTF UL na festivalu sodeluje z osrednjo razstavo IZKLEKLJANI \/\/ B-LACE, ki bo na ogled na Gradu Gewerkenegg, Razstavi\u0161\u010de Nikolaja Pirnata, Prelov\u010deva 9 v Idriji ... Read more\" \/>\n<meta property=\"og:url\" content=\"https:\/\/www.ntf.uni-lj.si\/oto\/news\/izklekljani-b-lace\/\" \/>\n<meta property=\"og:site_name\" content=\"OTO\" \/>\n<meta property=\"article:modified_time\" content=\"2022-06-17T10:40:43+00:00\" \/>\n<meta property=\"og:image\" content=\"https:\/\/www.ntf.uni-lj.si\/oto\/wp-content\/uploads\/sites\/6\/2022\/06\/IZKLEKLJANI_NTF_horizontal.jpg\" \/>\n\t<meta property=\"og:image:width\" content=\"1772\" \/>\n\t<meta property=\"og:image:height\" content=\"1181\" \/>\n<meta name=\"twitter:label1\" content=\"Est. reading time\" \/>\n\t<meta name=\"twitter:data1\" content=\"1 minute\" \/>\n<script type=\"application\/ld+json\" class=\"yoast-schema-graph\">{\"@context\":\"https:\/\/schema.org\",\"@graph\":[{\"@type\":\"WebSite\",\"@id\":\"https:\/\/www.ntf.uni-lj.si\/oto\/en\/#website\",\"url\":\"https:\/\/www.ntf.uni-lj.si\/oto\/en\/\",\"name\":\"OTO\",\"description\":\"Katedra za oblikovanje tekstilij in obla\\u010dil\",\"potentialAction\":[{\"@type\":\"SearchAction\",\"target\":{\"@type\":\"EntryPoint\",\"urlTemplate\":\"https:\/\/www.ntf.uni-lj.si\/oto\/en\/?s={search_term_string}\"},\"query-input\":\"required name=search_term_string\"}],\"inLanguage\":\"en-US\"},{\"@type\":\"ImageObject\",\"@id\":\"https:\/\/www.ntf.uni-lj.si\/oto\/news\/izklekljani-b-lace\/#primaryimage\",\"inLanguage\":\"en-US\",\"url\":\"https:\/\/www.ntf.uni-lj.si\/oto\/wp-content\/uploads\/sites\/6\/2022\/06\/IZKLEKLJANI_NTF_horizontal.jpg\",\"contentUrl\":\"https:\/\/www.ntf.uni-lj.si\/oto\/wp-content\/uploads\/sites\/6\/2022\/06\/IZKLEKLJANI_NTF_horizontal.jpg\",\"width\":1772,\"height\":1181,\"caption\":\"Vabilo IZKLJEKLJANI \/\/ B-LACE\"},{\"@type\":\"WebPage\",\"@id\":\"https:\/\/www.ntf.uni-lj.si\/oto\/news\/izklekljani-b-lace\/#webpage\",\"url\":\"https:\/\/www.ntf.uni-lj.si\/oto\/news\/izklekljani-b-lace\/\",\"name\":\"IZKLEKLJANI \/\/ B-LACE - OTO\",\"isPartOf\":{\"@id\":\"https:\/\/www.ntf.uni-lj.si\/oto\/en\/#website\"},\"primaryImageOfPage\":{\"@id\":\"https:\/\/www.ntf.uni-lj.si\/oto\/news\/izklekljani-b-lace\/#primaryimage\"},\"datePublished\":\"2022-06-17T08:28:29+00:00\",\"dateModified\":\"2022-06-17T10:40:43+00:00\",\"breadcrumb\":{\"@id\":\"https:\/\/www.ntf.uni-lj.si\/oto\/news\/izklekljani-b-lace\/#breadcrumb\"},\"inLanguage\":\"en-US\",\"potentialAction\":[{\"@type\":\"ReadAction\",\"target\":[\"https:\/\/www.ntf.uni-lj.si\/oto\/news\/izklekljani-b-lace\/\"]}]},{\"@type\":\"BreadcrumbList\",\"@id\":\"https:\/\/www.ntf.uni-lj.si\/oto\/news\/izklekljani-b-lace\/#breadcrumb\",\"itemListElement\":[{\"@type\":\"ListItem\",\"position\":1,\"name\":\"Home\",\"item\":\"https:\/\/www.ntf.uni-lj.si\/oto\/en\/\"},{\"@type\":\"ListItem\",\"position\":2,\"name\":\"Novice\",\"item\":\"https:\/\/www.ntf.uni-lj.si\/oto\/news\/\"},{\"@type\":\"ListItem\",\"position\":3,\"name\":\"IZKLEKLJANI \/\/ B-LACE\"}]}]}<\/script>\n<!-- \/ Yoast SEO plugin. -->","yoast_head_json":{"robots":{"index":"index","follow":"follow","max-snippet":"max-snippet:-1","max-image-preview":"max-image-preview:large","max-video-preview":"max-video-preview:-1"},"canonical":"https:\/\/www.ntf.uni-lj.si\/oto\/news\/izklekljani-b-lace\/","og_locale":"en_US","og_type":"article","og_title":"IZKLEKLJANI \/\/ B-LACE - OTO","og_description":"Vabljeni na 40. FESTIVAL IDRIJSKE \u010cIPKE, ki se bo odvijal od 17. do 19. junija 2022 v Idriji. Katedra za oblikovanje tekstilij in obla\u010dil Oddelka za tekstilstvo, grafiko in oblikovanje NTF UL na festivalu sodeluje z osrednjo razstavo IZKLEKLJANI \/\/ B-LACE, ki bo na ogled na Gradu Gewerkenegg, Razstavi\u0161\u010de Nikolaja Pirnata, Prelov\u010deva 9 v Idriji ... Read more","og_url":"https:\/\/www.ntf.uni-lj.si\/oto\/news\/izklekljani-b-lace\/","og_site_name":"OTO","article_modified_time":"2022-06-17T10:40:43+00:00","og_image":[{"width":1772,"height":1181,"url":"https:\/\/www.ntf.uni-lj.si\/oto\/wp-content\/uploads\/sites\/6\/2022\/06\/IZKLEKLJANI_NTF_horizontal.jpg","path":"\/web\/html\/ntf\/public_html\/wp-content\/uploads\/sites\/6\/2022\/06\/IZKLEKLJANI_NTF_horizontal.jpg","size":"full","id":18506,"alt":"","pixels":2092732,"type":"image\/jpeg"}],"twitter_misc":{"Est. reading time":"1 minute"},"schema":{"@context":"https:\/\/schema.org","@graph":[{"@type":"WebSite","@id":"https:\/\/www.ntf.uni-lj.si\/oto\/en\/#website","url":"https:\/\/www.ntf.uni-lj.si\/oto\/en\/","name":"OTO","description":"Katedra za oblikovanje tekstilij in obla\u010dil","potentialAction":[{"@type":"SearchAction","target":{"@type":"EntryPoint","urlTemplate":"https:\/\/www.ntf.uni-lj.si\/oto\/en\/?s={search_term_string}"},"query-input":"required name=search_term_string"}],"inLanguage":"en-US"},{"@type":"ImageObject","@id":"https:\/\/www.ntf.uni-lj.si\/oto\/news\/izklekljani-b-lace\/#primaryimage","inLanguage":"en-US","url":"https:\/\/www.ntf.uni-lj.si\/oto\/wp-content\/uploads\/sites\/6\/2022\/06\/IZKLEKLJANI_NTF_horizontal.jpg","contentUrl":"https:\/\/www.ntf.uni-lj.si\/oto\/wp-content\/uploads\/sites\/6\/2022\/06\/IZKLEKLJANI_NTF_horizontal.jpg","width":1772,"height":1181,"caption":"Vabilo IZKLJEKLJANI \/\/ B-LACE"},{"@type":"WebPage","@id":"https:\/\/www.ntf.uni-lj.si\/oto\/news\/izklekljani-b-lace\/#webpage","url":"https:\/\/www.ntf.uni-lj.si\/oto\/news\/izklekljani-b-lace\/","name":"IZKLEKLJANI \/\/ B-LACE - OTO","isPartOf":{"@id":"https:\/\/www.ntf.uni-lj.si\/oto\/en\/#website"},"primaryImageOfPage":{"@id":"https:\/\/www.ntf.uni-lj.si\/oto\/news\/izklekljani-b-lace\/#primaryimage"},"datePublished":"2022-06-17T08:28:29+00:00","dateModified":"2022-06-17T10:40:43+00:00","breadcrumb":{"@id":"https:\/\/www.ntf.uni-lj.si\/oto\/news\/izklekljani-b-lace\/#breadcrumb"},"inLanguage":"en-US","potentialAction":[{"@type":"ReadAction","target":["https:\/\/www.ntf.uni-lj.si\/oto\/news\/izklekljani-b-lace\/"]}]},{"@type":"BreadcrumbList","@id":"https:\/\/www.ntf.uni-lj.si\/oto\/news\/izklekljani-b-lace\/#breadcrumb","itemListElement":[{"@type":"ListItem","position":1,"name":"Home","item":"https:\/\/www.ntf.uni-lj.si\/oto\/en\/"},{"@type":"ListItem","position":2,"name":"Novice","item":"https:\/\/www.ntf.uni-lj.si\/oto\/news\/"},{"@type":"ListItem","position":3,"name":"IZKLEKLJANI \/\/ B-LACE"}]}]}},"_links":{"self":[{"href":"https:\/\/www.ntf.uni-lj.si\/oto\/wp-json\/wp\/v2\/news\/18505"}],"collection":[{"href":"https:\/\/www.ntf.uni-lj.si\/oto\/wp-json\/wp\/v2\/news"}],"about":[{"href":"https:\/\/www.ntf.uni-lj.si\/oto\/wp-json\/wp\/v2\/types\/news"}],"author":[{"embeddable":true,"href":"https:\/\/www.ntf.uni-lj.si\/oto\/wp-json\/wp\/v2\/users\/27"}],"version-history":[{"count":18,"href":"https:\/\/www.ntf.uni-lj.si\/oto\/wp-json\/wp\/v2\/news\/18505\/revisions"}],"predecessor-version":[{"id":18541,"href":"https:\/\/www.ntf.uni-lj.si\/oto\/wp-json\/wp\/v2\/news\/18505\/revisions\/18541"}],"wp:featuredmedia":[{"embeddable":true,"href":"https:\/\/www.ntf.uni-lj.si\/oto\/wp-json\/wp\/v2\/media\/18506"}],"wp:attachment":[{"href":"https:\/\/www.ntf.uni-lj.si\/oto\/wp-json\/wp\/v2\/media?parent=18505"}],"wp:term":[{"taxonomy":"category","embeddable":true,"href":"https:\/\/www.ntf.uni-lj.si\/oto\/wp-json\/wp\/v2\/categories?post=18505"}],"curies":[{"name":"wp","href":"https:\/\/api.w.org\/{rel}","templated":true}]}}