{"id":18833,"date":"2022-07-22T10:23:26","date_gmt":"2022-07-22T08:23:26","guid":{"rendered":"https:\/\/www.ntf.uni-lj.si\/oto\/?post_type=news&#038;p=18833"},"modified":"2022-07-22T10:25:36","modified_gmt":"2022-07-22T08:25:36","slug":"natureculturefuture-v-skucu","status":"publish","type":"news","link":"https:\/\/www.ntf.uni-lj.si\/oto\/news\/natureculturefuture-v-skucu\/","title":{"rendered":"NATURE + CULTURE = FUTURE v \u0160KUCU"},"content":{"rendered":"<p><strong>Prisr\u010dno vabljeni na modno revijo (22. 7. 2022 ob 19h) \u0161tudentov Katedre za oblikovanje tekstilij in obla\u010dil, OTGO, NTF Univerze v Ljubljani, s katero bomo otvorili razstavo NATURE + CULTURE = FUTURE, <\/strong><br \/>\n<strong>ki bo na ogled do 31. 7. 2022 v Galeriji \u0160kuc (Stari trg 21, 1000 Ljubljana).<\/strong><\/p>\n<p><strong>Sodelujo\u010di \u0161tudenti:<\/strong> Ana Berwanger, Tamara Bizjan, Nina Bolhar, Katja Brada\u010d, Zarja \u010cerne, Tina Dovjak, Tilen Gorenjak, Jovana Gunjova, Zala Jen\u010dek, Naja Kepe\u0161, Kristi Komel, Monika Kon\u010dar, Lara Krnc, An\u017ee Ore\u0161nik, Rebeka Pajek, Ivi Primo\u017ei\u010d, Sta\u0161a Rituper, Katja \u0160arlija, Sara \u0160mid, Lenart \u0160olar, Teja \u0160ter, Katarina Tom\u0161i\u010d, Katrin Ve\u010derina, Pia Wallner, Maja Zupanc<\/p>\n<p><strong>Mentorice:<\/strong> prof. Almira Sadar, prof. Marija Jenko, prof. Nata\u0161a Per\u0161uh, prof. Elena Fajt, izr. prof. Katja Burger Kovi\u010d, doc. Petja Zorec, doc. dr. Mateja Kert, asist. Arijana Gad\u017eijev, asist. Nata\u0161a Hrupi\u0107, asist. Alenka More, tehni\u0161ke sodelavke: Marjeta \u010cuk, Nina Glavi\u010d, Mojca Ko\u0161ir, Sara Valenci<\/p>\n<p><strong>Avtorica obla\u010dila na vabilu:<\/strong> Maja Zupanc, <strong>foto:<\/strong> Lana Po\u017elep<\/p>\n<p>Dogodek se bo odvijal v sklopu festivala <strong><a href=\"https:\/\/www.skuc.org\/dobimo-se-pred-skucem-2022\/\">Dobimo se pred \u0160kucem<\/a><\/strong>.<\/p>\n","protected":false},"excerpt":{"rendered":"Prisr\u010dno vabljeni na modno revijo (22. 7. 2022 ob 19h) \u0161tudentov Katedre za oblikovanje tekstilij in obla\u010dil, OTGO, NTF Univerze v Ljubljani, s katero bomo otvorili razstavo NATURE + CULTURE = FUTURE, ki bo na ogled do 31. 7. 2022 v Galeriji \u0160kuc (Stari trg 21, 1000 Ljubljana). Sodelujo\u010di \u0161tudenti: Ana Berwanger, Tamara Bizjan, Nina &#8230; <a class=\"view-article\" href=\"https:\/\/www.ntf.uni-lj.si\/oto\/news\/natureculturefuture-v-skucu\/\">Read more<\/a>","protected":false},"author":27,"featured_media":18834,"template":"","categories":[],"acf":[],"yoast_head":"<!-- This site is optimized with the Yoast SEO plugin v17.0 - https:\/\/yoast.com\/wordpress\/plugins\/seo\/ -->\n<meta name=\"robots\" content=\"index, follow, max-snippet:-1, max-image-preview:large, max-video-preview:-1\" \/>\n<link rel=\"canonical\" href=\"https:\/\/www.ntf.uni-lj.si\/oto\/news\/natureculturefuture-v-skucu\/\" \/>\n<meta property=\"og:locale\" content=\"en_US\" \/>\n<meta property=\"og:type\" content=\"article\" \/>\n<meta property=\"og:title\" content=\"NATURE + CULTURE = FUTURE v \u0160KUCU - OTO\" \/>\n<meta property=\"og:description\" content=\"Prisr\u010dno vabljeni na modno revijo (22. 7. 2022 ob 19h) \u0161tudentov Katedre za oblikovanje tekstilij in obla\u010dil, OTGO, NTF Univerze v Ljubljani, s katero bomo otvorili razstavo NATURE + CULTURE = FUTURE, ki bo na ogled do 31. 7. 2022 v Galeriji \u0160kuc (Stari trg 21, 1000 Ljubljana). Sodelujo\u010di \u0161tudenti: Ana Berwanger, Tamara Bizjan, Nina ... Read more\" \/>\n<meta property=\"og:url\" content=\"https:\/\/www.ntf.uni-lj.si\/oto\/news\/natureculturefuture-v-skucu\/\" \/>\n<meta property=\"og:site_name\" content=\"OTO\" \/>\n<meta property=\"article:modified_time\" content=\"2022-07-22T08:25:36+00:00\" \/>\n<meta property=\"og:image\" content=\"https:\/\/www.ntf.uni-lj.si\/oto\/wp-content\/uploads\/sites\/6\/2022\/07\/thumbnail_vabilo_s\u030ckuc_2022-copy.jpg\" \/>\n\t<meta property=\"og:image:width\" content=\"1280\" \/>\n\t<meta property=\"og:image:height\" content=\"922\" \/>\n<meta name=\"twitter:label1\" content=\"Est. reading time\" \/>\n\t<meta name=\"twitter:data1\" content=\"1 minute\" \/>\n<script type=\"application\/ld+json\" class=\"yoast-schema-graph\">{\"@context\":\"https:\/\/schema.org\",\"@graph\":[{\"@type\":\"WebSite\",\"@id\":\"https:\/\/www.ntf.uni-lj.si\/oto\/en\/#website\",\"url\":\"https:\/\/www.ntf.uni-lj.si\/oto\/en\/\",\"name\":\"OTO\",\"description\":\"Katedra za oblikovanje tekstilij in obla\\u010dil\",\"potentialAction\":[{\"@type\":\"SearchAction\",\"target\":{\"@type\":\"EntryPoint\",\"urlTemplate\":\"https:\/\/www.ntf.uni-lj.si\/oto\/en\/?s={search_term_string}\"},\"query-input\":\"required name=search_term_string\"}],\"inLanguage\":\"en-US\"},{\"@type\":\"ImageObject\",\"@id\":\"https:\/\/www.ntf.uni-lj.si\/oto\/news\/natureculturefuture-v-skucu\/#primaryimage\",\"inLanguage\":\"en-US\",\"url\":\"https:\/\/www.ntf.uni-lj.si\/oto\/wp-content\/uploads\/sites\/6\/2022\/07\/thumbnail_vabilo_s\\u030ckuc_2022-copy.jpg\",\"contentUrl\":\"https:\/\/www.ntf.uni-lj.si\/oto\/wp-content\/uploads\/sites\/6\/2022\/07\/thumbnail_vabilo_s\\u030ckuc_2022-copy.jpg\",\"width\":1280,\"height\":922,\"caption\":\"Vabilo NATURE+CULTURE=FUTURE v \\u0160KUCU\"},{\"@type\":\"WebPage\",\"@id\":\"https:\/\/www.ntf.uni-lj.si\/oto\/news\/natureculturefuture-v-skucu\/#webpage\",\"url\":\"https:\/\/www.ntf.uni-lj.si\/oto\/news\/natureculturefuture-v-skucu\/\",\"name\":\"NATURE + CULTURE = FUTURE v \\u0160KUCU - OTO\",\"isPartOf\":{\"@id\":\"https:\/\/www.ntf.uni-lj.si\/oto\/en\/#website\"},\"primaryImageOfPage\":{\"@id\":\"https:\/\/www.ntf.uni-lj.si\/oto\/news\/natureculturefuture-v-skucu\/#primaryimage\"},\"datePublished\":\"2022-07-22T08:23:26+00:00\",\"dateModified\":\"2022-07-22T08:25:36+00:00\",\"breadcrumb\":{\"@id\":\"https:\/\/www.ntf.uni-lj.si\/oto\/news\/natureculturefuture-v-skucu\/#breadcrumb\"},\"inLanguage\":\"en-US\",\"potentialAction\":[{\"@type\":\"ReadAction\",\"target\":[\"https:\/\/www.ntf.uni-lj.si\/oto\/news\/natureculturefuture-v-skucu\/\"]}]},{\"@type\":\"BreadcrumbList\",\"@id\":\"https:\/\/www.ntf.uni-lj.si\/oto\/news\/natureculturefuture-v-skucu\/#breadcrumb\",\"itemListElement\":[{\"@type\":\"ListItem\",\"position\":1,\"name\":\"Home\",\"item\":\"https:\/\/www.ntf.uni-lj.si\/oto\/en\/\"},{\"@type\":\"ListItem\",\"position\":2,\"name\":\"Novice\",\"item\":\"https:\/\/www.ntf.uni-lj.si\/oto\/news\/\"},{\"@type\":\"ListItem\",\"position\":3,\"name\":\"NATURE + CULTURE = FUTURE v \\u0160KUCU\"}]}]}<\/script>\n<!-- \/ Yoast SEO plugin. -->","yoast_head_json":{"robots":{"index":"index","follow":"follow","max-snippet":"max-snippet:-1","max-image-preview":"max-image-preview:large","max-video-preview":"max-video-preview:-1"},"canonical":"https:\/\/www.ntf.uni-lj.si\/oto\/news\/natureculturefuture-v-skucu\/","og_locale":"en_US","og_type":"article","og_title":"NATURE + CULTURE = FUTURE v \u0160KUCU - OTO","og_description":"Prisr\u010dno vabljeni na modno revijo (22. 7. 2022 ob 19h) \u0161tudentov Katedre za oblikovanje tekstilij in obla\u010dil, OTGO, NTF Univerze v Ljubljani, s katero bomo otvorili razstavo NATURE + CULTURE = FUTURE, ki bo na ogled do 31. 7. 2022 v Galeriji \u0160kuc (Stari trg 21, 1000 Ljubljana). Sodelujo\u010di \u0161tudenti: Ana Berwanger, Tamara Bizjan, Nina ... Read more","og_url":"https:\/\/www.ntf.uni-lj.si\/oto\/news\/natureculturefuture-v-skucu\/","og_site_name":"OTO","article_modified_time":"2022-07-22T08:25:36+00:00","og_image":[{"width":1280,"height":922,"url":"https:\/\/www.ntf.uni-lj.si\/oto\/wp-content\/uploads\/sites\/6\/2022\/07\/thumbnail_vabilo_s\u030ckuc_2022-copy.jpg","path":"\/web\/html\/ntf\/public_html\/wp-content\/uploads\/sites\/6\/2022\/07\/thumbnail_vabilo_s\u030ckuc_2022-copy.jpg","size":"full","id":18834,"alt":"Vabilo NATURE+CULTURE=FUTURE v \u0160KUCU","pixels":1180160,"type":"image\/jpeg"}],"twitter_misc":{"Est. reading time":"1 minute"},"schema":{"@context":"https:\/\/schema.org","@graph":[{"@type":"WebSite","@id":"https:\/\/www.ntf.uni-lj.si\/oto\/en\/#website","url":"https:\/\/www.ntf.uni-lj.si\/oto\/en\/","name":"OTO","description":"Katedra za oblikovanje tekstilij in obla\u010dil","potentialAction":[{"@type":"SearchAction","target":{"@type":"EntryPoint","urlTemplate":"https:\/\/www.ntf.uni-lj.si\/oto\/en\/?s={search_term_string}"},"query-input":"required name=search_term_string"}],"inLanguage":"en-US"},{"@type":"ImageObject","@id":"https:\/\/www.ntf.uni-lj.si\/oto\/news\/natureculturefuture-v-skucu\/#primaryimage","inLanguage":"en-US","url":"https:\/\/www.ntf.uni-lj.si\/oto\/wp-content\/uploads\/sites\/6\/2022\/07\/thumbnail_vabilo_s\u030ckuc_2022-copy.jpg","contentUrl":"https:\/\/www.ntf.uni-lj.si\/oto\/wp-content\/uploads\/sites\/6\/2022\/07\/thumbnail_vabilo_s\u030ckuc_2022-copy.jpg","width":1280,"height":922,"caption":"Vabilo NATURE+CULTURE=FUTURE v \u0160KUCU"},{"@type":"WebPage","@id":"https:\/\/www.ntf.uni-lj.si\/oto\/news\/natureculturefuture-v-skucu\/#webpage","url":"https:\/\/www.ntf.uni-lj.si\/oto\/news\/natureculturefuture-v-skucu\/","name":"NATURE + CULTURE = FUTURE v \u0160KUCU - OTO","isPartOf":{"@id":"https:\/\/www.ntf.uni-lj.si\/oto\/en\/#website"},"primaryImageOfPage":{"@id":"https:\/\/www.ntf.uni-lj.si\/oto\/news\/natureculturefuture-v-skucu\/#primaryimage"},"datePublished":"2022-07-22T08:23:26+00:00","dateModified":"2022-07-22T08:25:36+00:00","breadcrumb":{"@id":"https:\/\/www.ntf.uni-lj.si\/oto\/news\/natureculturefuture-v-skucu\/#breadcrumb"},"inLanguage":"en-US","potentialAction":[{"@type":"ReadAction","target":["https:\/\/www.ntf.uni-lj.si\/oto\/news\/natureculturefuture-v-skucu\/"]}]},{"@type":"BreadcrumbList","@id":"https:\/\/www.ntf.uni-lj.si\/oto\/news\/natureculturefuture-v-skucu\/#breadcrumb","itemListElement":[{"@type":"ListItem","position":1,"name":"Home","item":"https:\/\/www.ntf.uni-lj.si\/oto\/en\/"},{"@type":"ListItem","position":2,"name":"Novice","item":"https:\/\/www.ntf.uni-lj.si\/oto\/news\/"},{"@type":"ListItem","position":3,"name":"NATURE + CULTURE = FUTURE v \u0160KUCU"}]}]}},"_links":{"self":[{"href":"https:\/\/www.ntf.uni-lj.si\/oto\/wp-json\/wp\/v2\/news\/18833"}],"collection":[{"href":"https:\/\/www.ntf.uni-lj.si\/oto\/wp-json\/wp\/v2\/news"}],"about":[{"href":"https:\/\/www.ntf.uni-lj.si\/oto\/wp-json\/wp\/v2\/types\/news"}],"author":[{"embeddable":true,"href":"https:\/\/www.ntf.uni-lj.si\/oto\/wp-json\/wp\/v2\/users\/27"}],"version-history":[{"count":4,"href":"https:\/\/www.ntf.uni-lj.si\/oto\/wp-json\/wp\/v2\/news\/18833\/revisions"}],"predecessor-version":[{"id":18838,"href":"https:\/\/www.ntf.uni-lj.si\/oto\/wp-json\/wp\/v2\/news\/18833\/revisions\/18838"}],"wp:featuredmedia":[{"embeddable":true,"href":"https:\/\/www.ntf.uni-lj.si\/oto\/wp-json\/wp\/v2\/media\/18834"}],"wp:attachment":[{"href":"https:\/\/www.ntf.uni-lj.si\/oto\/wp-json\/wp\/v2\/media?parent=18833"}],"wp:term":[{"taxonomy":"category","embeddable":true,"href":"https:\/\/www.ntf.uni-lj.si\/oto\/wp-json\/wp\/v2\/categories?post=18833"}],"curies":[{"name":"wp","href":"https:\/\/api.w.org\/{rel}","templated":true}]}}